{"id":648,"date":"2021-12-17T13:26:38","date_gmt":"2021-12-17T12:26:38","guid":{"rendered":"http:\/\/centrotierradetodos.es\/fctdt\/?p=648"},"modified":"2024-04-24T12:55:58","modified_gmt":"2024-04-24T10:55:58","slug":"monsenor-rafael-zornoza-recoge-el-galardon-en-honor-a-gabriel-delgado","status":"publish","type":"post","link":"https:\/\/centrotierradetodos.es\/fctdt\/2021\/12\/17\/monsenor-rafael-zornoza-recoge-el-galardon-en-honor-a-gabriel-delgado\/","title":{"rendered":"Monse\u00f1or Rafael Zornoza recoge el galard\u00f3n en honor a Gabriel Delgado"},"content":{"rendered":"\n<p>El pasado jueves, 16 de diciembre, el Delegado del Gobierno de Espa\u00f1a en Andaluc\u00eda, Pedro Fern\u00e1ndez, presidi\u00f3 el acto de entrega de los XVII Premios Plaza de Espa\u00f1a. Unos galardones que suponen un reconocimiento a organizaciones, instituciones y personas de la comunidad andaluza que han destacado en distintos \u00e1mbitos sociales, culturales, deportivos o cient\u00edficos por el cumplimiento, la defensa y la difusi\u00f3n de los valores democr\u00e1ticos recogidos en la Constituci\u00f3n Espa\u00f1ola, que este a\u00f1o ha conmemorado su XLIII aniversario.<\/p>\n\n\n\n<p>Fern\u00e1ndez destac\u00f3, del Padre Gabriel Delgado, al que se ha concedido el premio a t\u00edtulo p\u00f3stumo, su \u201clucha contra las injusticias desde la acogida, la integraci\u00f3n y la protecci\u00f3n de los migrantes\u201d.<\/p>\n\n\n\n<p>As\u00ed, el obispo diocesano, Mons. Zornoza, recogi\u00f3 el galard\u00f3n, que se conservar\u00e1 como recuerdo en la Fundaci\u00f3n Centro Tierra de Todos, junto a colaboradores cercanos del Padre Gabriel en el Secretariado de Migraciones y familiares del sacerdote.<\/p>\n\n\n\n<p>El Padre Gabriel Delgado, delegado del Secretariado de Migraciones de la Di\u00f3cesis de C\u00e1diz y Ceuta,&nbsp;Medalla de Andaluc\u00eda en 2001, falleci\u00f3 el pasado mes de noviembre a los 75 a\u00f1os de edad y tras un ampl\u00edsimo trabajo de lucha por los derechos de los migrantes.&nbsp;Cre\u00f3 la Fundaci\u00f3n Centro Tierra de Todos donde acogi\u00f3 a migrantes, a quienes form\u00f3 y ayud\u00f3 en su integraci\u00f3n en la sociedad gaditana. A trav\u00e9s del Secretariado Diocesano de Migraciones y la Fundaci\u00f3n Centro Tierra de Todos promovi\u00f3 la formaci\u00f3n integral de los j\u00f3venes y su acceso al empleo, la integraci\u00f3n y la reagrupaci\u00f3n familiar de los migrantes, asistencia jur\u00eddica, aprendizaje de la lengua y el acceso a alojamientos dignos, defendiendo siempre&nbsp;la dignidad de las personas migrantes.<\/p>\n","protected":false},"excerpt":{"rendered":"<p>El pasado jueves, 16 de diciembre, el Delegado del Gobierno de Espa\u00f1a en Andaluc\u00eda, Pedro Fern\u00e1ndez, presidi\u00f3 el acto de entrega de los XVII Premios Plaza de Espa\u00f1a. Unos galardones que suponen un reconocimiento a organizaciones, instituciones y personas de la comunidad andaluza que han destacado en distintos \u00e1mbitos sociales, culturales, deportivos o cient\u00edficos por<a class=\"more-link\" href=\"https:\/\/centrotierradetodos.es\/fctdt\/2021\/12\/17\/monsenor-rafael-zornoza-recoge-el-galardon-en-honor-a-gabriel-delgado\/\">Sigue leyendo <span class=\"screen-reader-text\">\u00abMonse\u00f1or Rafael Zornoza recoge el galard\u00f3n en honor a Gabriel Delgado\u00bb<\/span><\/a><\/p>\n","protected":false},"author":1,"featured_media":649,"comment_status":"closed","ping_status":"open","sticky":false,"template":"","format":"standard","meta":{"_editorskit_title_hidden":false,"_editorskit_reading_time":0,"_editorskit_is_block_options_detached":false,"_editorskit_block_options_position":"{}","_coblocks_attr":"","_coblocks_dimensions":"","_coblocks_responsive_height":"","_coblocks_accordion_ie_support":"","_monsterinsights_skip_tracking":false,"_monsterinsights_sitenote_active":false,"_monsterinsights_sitenote_note":"","_monsterinsights_sitenote_category":0,"_jetpack_memberships_contains_paid_content":false,"footnotes":""},"categories":[12],"tags":[],"class_list":["post-648","post","type-post","status-publish","format-standard","has-post-thumbnail","hentry","category-noticias","entry"],"yoast_head":"<!-- This site is optimized with the Yoast SEO plugin v27.5 - https:\/\/yoast.com\/product\/yoast-seo-wordpress\/ -->\n<title>Monse\u00f1or Rafael Zornoza recoge el galard\u00f3n en honor a Gabriel Delgado - Fundaci\u00f3n Centro Tierra de Todos<\/title>\n<meta name=\"robots\" content=\"index, follow, max-snippet:-1, max-image-preview:large, max-video-preview:-1\" \/>\n<link rel=\"canonical\" href=\"https:\/\/centrotierradetodos.es\/fctdt\/2021\/12\/17\/monsenor-rafael-zornoza-recoge-el-galardon-en-honor-a-gabriel-delgado\/\" \/>\n<meta property=\"og:locale\" content=\"es_ES\" \/>\n<meta property=\"og:type\" content=\"article\" \/>\n<meta property=\"og:title\" content=\"Monse\u00f1or Rafael Zornoza recoge el galard\u00f3n en honor a Gabriel Delgado - Fundaci\u00f3n Centro Tierra de Todos\" \/>\n<meta property=\"og:description\" content=\"El pasado jueves, 16 de diciembre, el Delegado del Gobierno de Espa\u00f1a en Andaluc\u00eda, Pedro Fern\u00e1ndez, presidi\u00f3 el acto de entrega de los XVII Premios Plaza de Espa\u00f1a. Unos galardones que suponen un reconocimiento a organizaciones, instituciones y personas de la comunidad andaluza que han destacado en distintos \u00e1mbitos sociales, culturales, deportivos o cient\u00edficos porSigue leyendo &quot;Monse\u00f1or Rafael Zornoza recoge el galard\u00f3n en honor a Gabriel Delgado&quot;\" \/>\n<meta property=\"og:url\" content=\"https:\/\/centrotierradetodos.es\/fctdt\/2021\/12\/17\/monsenor-rafael-zornoza-recoge-el-galardon-en-honor-a-gabriel-delgado\/\" \/>\n<meta property=\"og:site_name\" content=\"Fundaci\u00f3n Centro Tierra de Todos\" \/>\n<meta property=\"article:publisher\" content=\"https:\/\/www.facebook.com\/p\/Cardijn-Tierra-de-Todos-Migraciones-100091817239433\/\" \/>\n<meta property=\"article:published_time\" content=\"2021-12-17T12:26:38+00:00\" \/>\n<meta property=\"article:modified_time\" content=\"2024-04-24T10:55:58+00:00\" \/>\n<meta property=\"og:image\" content=\"https:\/\/centrotierradetodos.es\/fctdt\/wp-content\/uploads\/2021\/12\/20211216_premio_plaza_espana_.jpg\" \/>\n\t<meta property=\"og:image:width\" content=\"1024\" \/>\n\t<meta property=\"og:image:height\" content=\"683\" \/>\n\t<meta property=\"og:image:type\" content=\"image\/jpeg\" \/>\n<meta name=\"author\" content=\"Redactor\" \/>\n<meta name=\"twitter:card\" content=\"summary_large_image\" \/>\n<meta name=\"twitter:label1\" content=\"Escrito por\" \/>\n\t<meta name=\"twitter:data1\" content=\"Redactor\" \/>\n\t<meta name=\"twitter:label2\" content=\"Tiempo de lectura\" \/>\n\t<meta name=\"twitter:data2\" content=\"2 minutos\" \/>\n<script type=\"application\/ld+json\" class=\"yoast-schema-graph\">{\"@context\":\"https:\\\/\\\/schema.org\",\"@graph\":[{\"@type\":\"Article\",\"@id\":\"https:\\\/\\\/centrotierradetodos.es\\\/fctdt\\\/2021\\\/12\\\/17\\\/monsenor-rafael-zornoza-recoge-el-galardon-en-honor-a-gabriel-delgado\\\/#article\",\"isPartOf\":{\"@id\":\"https:\\\/\\\/centrotierradetodos.es\\\/fctdt\\\/2021\\\/12\\\/17\\\/monsenor-rafael-zornoza-recoge-el-galardon-en-honor-a-gabriel-delgado\\\/\"},\"author\":{\"name\":\"Redactor\",\"@id\":\"https:\\\/\\\/centrotierradetodos.es\\\/fctdt\\\/#\\\/schema\\\/person\\\/cd853846b72c64b38f6d135b32747e5d\"},\"headline\":\"Monse\u00f1or Rafael Zornoza recoge el galard\u00f3n en honor a Gabriel Delgado\",\"datePublished\":\"2021-12-17T12:26:38+00:00\",\"dateModified\":\"2024-04-24T10:55:58+00:00\",\"mainEntityOfPage\":{\"@id\":\"https:\\\/\\\/centrotierradetodos.es\\\/fctdt\\\/2021\\\/12\\\/17\\\/monsenor-rafael-zornoza-recoge-el-galardon-en-honor-a-gabriel-delgado\\\/\"},\"wordCount\":316,\"publisher\":{\"@id\":\"https:\\\/\\\/centrotierradetodos.es\\\/fctdt\\\/#organization\"},\"image\":{\"@id\":\"https:\\\/\\\/centrotierradetodos.es\\\/fctdt\\\/2021\\\/12\\\/17\\\/monsenor-rafael-zornoza-recoge-el-galardon-en-honor-a-gabriel-delgado\\\/#primaryimage\"},\"thumbnailUrl\":\"https:\\\/\\\/centrotierradetodos.es\\\/fctdt\\\/wp-content\\\/uploads\\\/2021\\\/12\\\/20211216_premio_plaza_espana_.jpg\",\"articleSection\":[\"Noticias\"],\"inLanguage\":\"es\"},{\"@type\":\"WebPage\",\"@id\":\"https:\\\/\\\/centrotierradetodos.es\\\/fctdt\\\/2021\\\/12\\\/17\\\/monsenor-rafael-zornoza-recoge-el-galardon-en-honor-a-gabriel-delgado\\\/\",\"url\":\"https:\\\/\\\/centrotierradetodos.es\\\/fctdt\\\/2021\\\/12\\\/17\\\/monsenor-rafael-zornoza-recoge-el-galardon-en-honor-a-gabriel-delgado\\\/\",\"name\":\"Monse\u00f1or Rafael Zornoza recoge el galard\u00f3n en honor a Gabriel Delgado - Fundaci\u00f3n Centro Tierra de Todos\",\"isPartOf\":{\"@id\":\"https:\\\/\\\/centrotierradetodos.es\\\/fctdt\\\/#website\"},\"primaryImageOfPage\":{\"@id\":\"https:\\\/\\\/centrotierradetodos.es\\\/fctdt\\\/2021\\\/12\\\/17\\\/monsenor-rafael-zornoza-recoge-el-galardon-en-honor-a-gabriel-delgado\\\/#primaryimage\"},\"image\":{\"@id\":\"https:\\\/\\\/centrotierradetodos.es\\\/fctdt\\\/2021\\\/12\\\/17\\\/monsenor-rafael-zornoza-recoge-el-galardon-en-honor-a-gabriel-delgado\\\/#primaryimage\"},\"thumbnailUrl\":\"https:\\\/\\\/centrotierradetodos.es\\\/fctdt\\\/wp-content\\\/uploads\\\/2021\\\/12\\\/20211216_premio_plaza_espana_.jpg\",\"datePublished\":\"2021-12-17T12:26:38+00:00\",\"dateModified\":\"2024-04-24T10:55:58+00:00\",\"breadcrumb\":{\"@id\":\"https:\\\/\\\/centrotierradetodos.es\\\/fctdt\\\/2021\\\/12\\\/17\\\/monsenor-rafael-zornoza-recoge-el-galardon-en-honor-a-gabriel-delgado\\\/#breadcrumb\"},\"inLanguage\":\"es\",\"potentialAction\":[{\"@type\":\"ReadAction\",\"target\":[\"https:\\\/\\\/centrotierradetodos.es\\\/fctdt\\\/2021\\\/12\\\/17\\\/monsenor-rafael-zornoza-recoge-el-galardon-en-honor-a-gabriel-delgado\\\/\"]}]},{\"@type\":\"ImageObject\",\"inLanguage\":\"es\",\"@id\":\"https:\\\/\\\/centrotierradetodos.es\\\/fctdt\\\/2021\\\/12\\\/17\\\/monsenor-rafael-zornoza-recoge-el-galardon-en-honor-a-gabriel-delgado\\\/#primaryimage\",\"url\":\"https:\\\/\\\/centrotierradetodos.es\\\/fctdt\\\/wp-content\\\/uploads\\\/2021\\\/12\\\/20211216_premio_plaza_espana_.jpg\",\"contentUrl\":\"https:\\\/\\\/centrotierradetodos.es\\\/fctdt\\\/wp-content\\\/uploads\\\/2021\\\/12\\\/20211216_premio_plaza_espana_.jpg\",\"width\":1024,\"height\":683},{\"@type\":\"BreadcrumbList\",\"@id\":\"https:\\\/\\\/centrotierradetodos.es\\\/fctdt\\\/2021\\\/12\\\/17\\\/monsenor-rafael-zornoza-recoge-el-galardon-en-honor-a-gabriel-delgado\\\/#breadcrumb\",\"itemListElement\":[{\"@type\":\"ListItem\",\"position\":1,\"name\":\"Portada\",\"item\":\"https:\\\/\\\/centrotierradetodos.es\\\/fctdt\\\/\"},{\"@type\":\"ListItem\",\"position\":2,\"name\":\"Monse\u00f1or Rafael Zornoza recoge el galard\u00f3n en honor a Gabriel Delgado\"}]},{\"@type\":\"WebSite\",\"@id\":\"https:\\\/\\\/centrotierradetodos.es\\\/fctdt\\\/#website\",\"url\":\"https:\\\/\\\/centrotierradetodos.es\\\/fctdt\\\/\",\"name\":\"Fundaci\u00f3n Centro Tierra de Todos\",\"description\":\"La Fundaci\u00f3n Centro Tierra de Todos es una entidad sin \u00e1nimo de lucro, dedicada a la atenci\u00f3n de los j\u00f3venes, de los inmigrantes y de los barrios populares de la ciudad de C\u00e1diz, con el \u00e1nimo de promover un ambicioso proyecto que facilite la igualdad de oportunidades y la promoci\u00f3n y cualificaci\u00f3n de todas estas personas y de todo su entorno social.\",\"publisher\":{\"@id\":\"https:\\\/\\\/centrotierradetodos.es\\\/fctdt\\\/#organization\"},\"potentialAction\":[{\"@type\":\"SearchAction\",\"target\":{\"@type\":\"EntryPoint\",\"urlTemplate\":\"https:\\\/\\\/centrotierradetodos.es\\\/fctdt\\\/?s={search_term_string}\"},\"query-input\":{\"@type\":\"PropertyValueSpecification\",\"valueRequired\":true,\"valueName\":\"search_term_string\"}}],\"inLanguage\":\"es\"},{\"@type\":\"Organization\",\"@id\":\"https:\\\/\\\/centrotierradetodos.es\\\/fctdt\\\/#organization\",\"name\":\"Fundaci\u00f3n Centro Tierra de Todos\",\"url\":\"https:\\\/\\\/centrotierradetodos.es\\\/fctdt\\\/\",\"logo\":{\"@type\":\"ImageObject\",\"inLanguage\":\"es\",\"@id\":\"https:\\\/\\\/centrotierradetodos.es\\\/fctdt\\\/#\\\/schema\\\/logo\\\/image\\\/\",\"url\":\"https:\\\/\\\/centrotierradetodos.es\\\/fctdt\\\/wp-content\\\/uploads\\\/2021\\\/03\\\/cropped-logo_tierra_todos_470x210-1.jpg\",\"contentUrl\":\"https:\\\/\\\/centrotierradetodos.es\\\/fctdt\\\/wp-content\\\/uploads\\\/2021\\\/03\\\/cropped-logo_tierra_todos_470x210-1.jpg\",\"width\":470,\"height\":210,\"caption\":\"Fundaci\u00f3n Centro Tierra de Todos\"},\"image\":{\"@id\":\"https:\\\/\\\/centrotierradetodos.es\\\/fctdt\\\/#\\\/schema\\\/logo\\\/image\\\/\"},\"sameAs\":[\"https:\\\/\\\/www.facebook.com\\\/p\\\/Cardijn-Tierra-de-Todos-Migraciones-100091817239433\\\/\"]},{\"@type\":\"Person\",\"@id\":\"https:\\\/\\\/centrotierradetodos.es\\\/fctdt\\\/#\\\/schema\\\/person\\\/cd853846b72c64b38f6d135b32747e5d\",\"name\":\"Redactor\",\"image\":{\"@type\":\"ImageObject\",\"inLanguage\":\"es\",\"@id\":\"https:\\\/\\\/secure.gravatar.com\\\/avatar\\\/9a6c877da07c0489d3ee9cdb811a7569ce83c5e8d52b1d00aee39093683c6dc2?s=96&d=mm&r=g\",\"url\":\"https:\\\/\\\/secure.gravatar.com\\\/avatar\\\/9a6c877da07c0489d3ee9cdb811a7569ce83c5e8d52b1d00aee39093683c6dc2?s=96&d=mm&r=g\",\"contentUrl\":\"https:\\\/\\\/secure.gravatar.com\\\/avatar\\\/9a6c877da07c0489d3ee9cdb811a7569ce83c5e8d52b1d00aee39093683c6dc2?s=96&d=mm&r=g\",\"caption\":\"Redactor\"},\"sameAs\":[\"http:\\\/\\\/centrotierradetodos.es\\\/fctdt\"]}]}<\/script>\n<!-- \/ Yoast SEO plugin. -->","yoast_head_json":{"title":"Monse\u00f1or Rafael Zornoza recoge el galard\u00f3n en honor a Gabriel Delgado - Fundaci\u00f3n Centro Tierra de Todos","robots":{"index":"index","follow":"follow","max-snippet":"max-snippet:-1","max-image-preview":"max-image-preview:large","max-video-preview":"max-video-preview:-1"},"canonical":"https:\/\/centrotierradetodos.es\/fctdt\/2021\/12\/17\/monsenor-rafael-zornoza-recoge-el-galardon-en-honor-a-gabriel-delgado\/","og_locale":"es_ES","og_type":"article","og_title":"Monse\u00f1or Rafael Zornoza recoge el galard\u00f3n en honor a Gabriel Delgado - Fundaci\u00f3n Centro Tierra de Todos","og_description":"El pasado jueves, 16 de diciembre, el Delegado del Gobierno de Espa\u00f1a en Andaluc\u00eda, Pedro Fern\u00e1ndez, presidi\u00f3 el acto de entrega de los XVII Premios Plaza de Espa\u00f1a. Unos galardones que suponen un reconocimiento a organizaciones, instituciones y personas de la comunidad andaluza que han destacado en distintos \u00e1mbitos sociales, culturales, deportivos o cient\u00edficos porSigue leyendo \"Monse\u00f1or Rafael Zornoza recoge el galard\u00f3n en honor a Gabriel Delgado\"","og_url":"https:\/\/centrotierradetodos.es\/fctdt\/2021\/12\/17\/monsenor-rafael-zornoza-recoge-el-galardon-en-honor-a-gabriel-delgado\/","og_site_name":"Fundaci\u00f3n Centro Tierra de Todos","article_publisher":"https:\/\/www.facebook.com\/p\/Cardijn-Tierra-de-Todos-Migraciones-100091817239433\/","article_published_time":"2021-12-17T12:26:38+00:00","article_modified_time":"2024-04-24T10:55:58+00:00","og_image":[{"width":1024,"height":683,"url":"https:\/\/centrotierradetodos.es\/fctdt\/wp-content\/uploads\/2021\/12\/20211216_premio_plaza_espana_.jpg","type":"image\/jpeg"}],"author":"Redactor","twitter_card":"summary_large_image","twitter_misc":{"Escrito por":"Redactor","Tiempo de lectura":"2 minutos"},"schema":{"@context":"https:\/\/schema.org","@graph":[{"@type":"Article","@id":"https:\/\/centrotierradetodos.es\/fctdt\/2021\/12\/17\/monsenor-rafael-zornoza-recoge-el-galardon-en-honor-a-gabriel-delgado\/#article","isPartOf":{"@id":"https:\/\/centrotierradetodos.es\/fctdt\/2021\/12\/17\/monsenor-rafael-zornoza-recoge-el-galardon-en-honor-a-gabriel-delgado\/"},"author":{"name":"Redactor","@id":"https:\/\/centrotierradetodos.es\/fctdt\/#\/schema\/person\/cd853846b72c64b38f6d135b32747e5d"},"headline":"Monse\u00f1or Rafael Zornoza recoge el galard\u00f3n en honor a Gabriel Delgado","datePublished":"2021-12-17T12:26:38+00:00","dateModified":"2024-04-24T10:55:58+00:00","mainEntityOfPage":{"@id":"https:\/\/centrotierradetodos.es\/fctdt\/2021\/12\/17\/monsenor-rafael-zornoza-recoge-el-galardon-en-honor-a-gabriel-delgado\/"},"wordCount":316,"publisher":{"@id":"https:\/\/centrotierradetodos.es\/fctdt\/#organization"},"image":{"@id":"https:\/\/centrotierradetodos.es\/fctdt\/2021\/12\/17\/monsenor-rafael-zornoza-recoge-el-galardon-en-honor-a-gabriel-delgado\/#primaryimage"},"thumbnailUrl":"https:\/\/centrotierradetodos.es\/fctdt\/wp-content\/uploads\/2021\/12\/20211216_premio_plaza_espana_.jpg","articleSection":["Noticias"],"inLanguage":"es"},{"@type":"WebPage","@id":"https:\/\/centrotierradetodos.es\/fctdt\/2021\/12\/17\/monsenor-rafael-zornoza-recoge-el-galardon-en-honor-a-gabriel-delgado\/","url":"https:\/\/centrotierradetodos.es\/fctdt\/2021\/12\/17\/monsenor-rafael-zornoza-recoge-el-galardon-en-honor-a-gabriel-delgado\/","name":"Monse\u00f1or Rafael Zornoza recoge el galard\u00f3n en honor a Gabriel Delgado - Fundaci\u00f3n Centro Tierra de Todos","isPartOf":{"@id":"https:\/\/centrotierradetodos.es\/fctdt\/#website"},"primaryImageOfPage":{"@id":"https:\/\/centrotierradetodos.es\/fctdt\/2021\/12\/17\/monsenor-rafael-zornoza-recoge-el-galardon-en-honor-a-gabriel-delgado\/#primaryimage"},"image":{"@id":"https:\/\/centrotierradetodos.es\/fctdt\/2021\/12\/17\/monsenor-rafael-zornoza-recoge-el-galardon-en-honor-a-gabriel-delgado\/#primaryimage"},"thumbnailUrl":"https:\/\/centrotierradetodos.es\/fctdt\/wp-content\/uploads\/2021\/12\/20211216_premio_plaza_espana_.jpg","datePublished":"2021-12-17T12:26:38+00:00","dateModified":"2024-04-24T10:55:58+00:00","breadcrumb":{"@id":"https:\/\/centrotierradetodos.es\/fctdt\/2021\/12\/17\/monsenor-rafael-zornoza-recoge-el-galardon-en-honor-a-gabriel-delgado\/#breadcrumb"},"inLanguage":"es","potentialAction":[{"@type":"ReadAction","target":["https:\/\/centrotierradetodos.es\/fctdt\/2021\/12\/17\/monsenor-rafael-zornoza-recoge-el-galardon-en-honor-a-gabriel-delgado\/"]}]},{"@type":"ImageObject","inLanguage":"es","@id":"https:\/\/centrotierradetodos.es\/fctdt\/2021\/12\/17\/monsenor-rafael-zornoza-recoge-el-galardon-en-honor-a-gabriel-delgado\/#primaryimage","url":"https:\/\/centrotierradetodos.es\/fctdt\/wp-content\/uploads\/2021\/12\/20211216_premio_plaza_espana_.jpg","contentUrl":"https:\/\/centrotierradetodos.es\/fctdt\/wp-content\/uploads\/2021\/12\/20211216_premio_plaza_espana_.jpg","width":1024,"height":683},{"@type":"BreadcrumbList","@id":"https:\/\/centrotierradetodos.es\/fctdt\/2021\/12\/17\/monsenor-rafael-zornoza-recoge-el-galardon-en-honor-a-gabriel-delgado\/#breadcrumb","itemListElement":[{"@type":"ListItem","position":1,"name":"Portada","item":"https:\/\/centrotierradetodos.es\/fctdt\/"},{"@type":"ListItem","position":2,"name":"Monse\u00f1or Rafael Zornoza recoge el galard\u00f3n en honor a Gabriel Delgado"}]},{"@type":"WebSite","@id":"https:\/\/centrotierradetodos.es\/fctdt\/#website","url":"https:\/\/centrotierradetodos.es\/fctdt\/","name":"Fundaci\u00f3n Centro Tierra de Todos","description":"La Fundaci\u00f3n Centro Tierra de Todos es una entidad sin \u00e1nimo de lucro, dedicada a la atenci\u00f3n de los j\u00f3venes, de los inmigrantes y de los barrios populares de la ciudad de C\u00e1diz, con el \u00e1nimo de promover un ambicioso proyecto que facilite la igualdad de oportunidades y la promoci\u00f3n y cualificaci\u00f3n de todas estas personas y de todo su entorno social.","publisher":{"@id":"https:\/\/centrotierradetodos.es\/fctdt\/#organization"},"potentialAction":[{"@type":"SearchAction","target":{"@type":"EntryPoint","urlTemplate":"https:\/\/centrotierradetodos.es\/fctdt\/?s={search_term_string}"},"query-input":{"@type":"PropertyValueSpecification","valueRequired":true,"valueName":"search_term_string"}}],"inLanguage":"es"},{"@type":"Organization","@id":"https:\/\/centrotierradetodos.es\/fctdt\/#organization","name":"Fundaci\u00f3n Centro Tierra de Todos","url":"https:\/\/centrotierradetodos.es\/fctdt\/","logo":{"@type":"ImageObject","inLanguage":"es","@id":"https:\/\/centrotierradetodos.es\/fctdt\/#\/schema\/logo\/image\/","url":"https:\/\/centrotierradetodos.es\/fctdt\/wp-content\/uploads\/2021\/03\/cropped-logo_tierra_todos_470x210-1.jpg","contentUrl":"https:\/\/centrotierradetodos.es\/fctdt\/wp-content\/uploads\/2021\/03\/cropped-logo_tierra_todos_470x210-1.jpg","width":470,"height":210,"caption":"Fundaci\u00f3n Centro Tierra de Todos"},"image":{"@id":"https:\/\/centrotierradetodos.es\/fctdt\/#\/schema\/logo\/image\/"},"sameAs":["https:\/\/www.facebook.com\/p\/Cardijn-Tierra-de-Todos-Migraciones-100091817239433\/"]},{"@type":"Person","@id":"https:\/\/centrotierradetodos.es\/fctdt\/#\/schema\/person\/cd853846b72c64b38f6d135b32747e5d","name":"Redactor","image":{"@type":"ImageObject","inLanguage":"es","@id":"https:\/\/secure.gravatar.com\/avatar\/9a6c877da07c0489d3ee9cdb811a7569ce83c5e8d52b1d00aee39093683c6dc2?s=96&d=mm&r=g","url":"https:\/\/secure.gravatar.com\/avatar\/9a6c877da07c0489d3ee9cdb811a7569ce83c5e8d52b1d00aee39093683c6dc2?s=96&d=mm&r=g","contentUrl":"https:\/\/secure.gravatar.com\/avatar\/9a6c877da07c0489d3ee9cdb811a7569ce83c5e8d52b1d00aee39093683c6dc2?s=96&d=mm&r=g","caption":"Redactor"},"sameAs":["http:\/\/centrotierradetodos.es\/fctdt"]}]}},"jetpack_featured_media_url":"https:\/\/centrotierradetodos.es\/fctdt\/wp-content\/uploads\/2021\/12\/20211216_premio_plaza_espana_.jpg","jetpack_sharing_enabled":true,"_links":{"self":[{"href":"https:\/\/centrotierradetodos.es\/fctdt\/wp-json\/wp\/v2\/posts\/648","targetHints":{"allow":["GET"]}}],"collection":[{"href":"https:\/\/centrotierradetodos.es\/fctdt\/wp-json\/wp\/v2\/posts"}],"about":[{"href":"https:\/\/centrotierradetodos.es\/fctdt\/wp-json\/wp\/v2\/types\/post"}],"author":[{"embeddable":true,"href":"https:\/\/centrotierradetodos.es\/fctdt\/wp-json\/wp\/v2\/users\/1"}],"replies":[{"embeddable":true,"href":"https:\/\/centrotierradetodos.es\/fctdt\/wp-json\/wp\/v2\/comments?post=648"}],"version-history":[{"count":1,"href":"https:\/\/centrotierradetodos.es\/fctdt\/wp-json\/wp\/v2\/posts\/648\/revisions"}],"predecessor-version":[{"id":650,"href":"https:\/\/centrotierradetodos.es\/fctdt\/wp-json\/wp\/v2\/posts\/648\/revisions\/650"}],"wp:featuredmedia":[{"embeddable":true,"href":"https:\/\/centrotierradetodos.es\/fctdt\/wp-json\/wp\/v2\/media\/649"}],"wp:attachment":[{"href":"https:\/\/centrotierradetodos.es\/fctdt\/wp-json\/wp\/v2\/media?parent=648"}],"wp:term":[{"taxonomy":"category","embeddable":true,"href":"https:\/\/centrotierradetodos.es\/fctdt\/wp-json\/wp\/v2\/categories?post=648"},{"taxonomy":"post_tag","embeddable":true,"href":"https:\/\/centrotierradetodos.es\/fctdt\/wp-json\/wp\/v2\/tags?post=648"}],"curies":[{"name":"wp","href":"https:\/\/api.w.org\/{rel}","templated":true}]}}