{"id":634,"date":"2021-12-14T10:59:06","date_gmt":"2021-12-14T09:59:06","guid":{"rendered":"http:\/\/centrotierradetodos.es\/fctdt\/?p=634"},"modified":"2024-04-24T12:55:58","modified_gmt":"2024-04-24T10:55:58","slug":"el-padre-gabriel-delgado-galardonado-con-el-xvii-premio-plaza-de-espana","status":"publish","type":"post","link":"https:\/\/centrotierradetodos.es\/fctdt\/2021\/12\/14\/el-padre-gabriel-delgado-galardonado-con-el-xvii-premio-plaza-de-espana\/","title":{"rendered":"El Padre Gabriel Delgado galardonado con el XVII Premio Plaza de Espa\u00f1a"},"content":{"rendered":"\n<p>La Delegaci\u00f3n del Gobierno de Espa\u00f1a en Andaluc\u00eda celebra el pr\u00f3ximo jueves, 16 de diciembre, la XVII edici\u00f3n de los Premios Plaza de Espa\u00f1a, en la que los galardonados de la provincia de C\u00e1diz son el sacerdote Gabriel Delgado, que recibe el reconocimiento a t\u00edtulo p\u00f3stumo, y las Bodegas Barbadillo, que han cumplido 200 a\u00f1os desde su fundaci\u00f3n.<\/p>\n\n\n\n<p>El subdelegado del Gobierno en C\u00e1diz, Jos\u00e9 Pacheco, ha destacado la figura del Padre Gabriel \u201cun gaditano imprescindible que dedic\u00f3 su vida a luchar contra las injusticias y a construir un mundo mejor. La acogida, integraci\u00f3n y protecci\u00f3n de los migrantes y su entrega con los m\u00e1s desfavorecidos son un ejemplo y una inspiraci\u00f3n para todos. Sentimos mucho su p\u00e9rdida el pasado mes de noviembre, siendo muy afortunados por el importante legado que nos ha dejado a trav\u00e9s de la Fundaci\u00f3n Cardijn y Tierra de Todos, que van a seguir trabajando y defendiendo los valores que Gabriel Delgado sembr\u00f3\u201d.<\/p>\n\n\n\n<p>Los Premios Plaza Espa\u00f1a suponen un reconocimiento a organizaciones, instituciones y personas de la comunidad andaluza que han destacado en distintos \u00e1mbitos sociales, culturales, deportivos o cient\u00edficos por el cumplimiento, la defensa y la difusi\u00f3n de los valores democr\u00e1ticos recogidos en la Constituci\u00f3n Espa\u00f1ola, que este a\u00f1o ha conmemorado su XLIII aniversario. La gala se desarrollar\u00e1 a partir de las 12.30 horas, en el sal\u00f3n de actos de la Fundaci\u00f3n CajaSol, en Sevilla.<\/p>\n\n\n\n<p>Adem\u00e1s de los galardonados gaditanos, el resto de homenajeados de la XVII edici\u00f3n de los premios han reca\u00eddo en la Plataforma Solar de Almer\u00eda (PSA); el deportista Alfonso Cabello; el cient\u00edfico Pedro Jos\u00e9 S\u00e1nchez Cord\u00f3n; Carolina Mar\u00edn, campeona ol\u00edmpica en b\u00e1dminton; el equipo de Bomberos de Granada capital en el bicentenario de su creaci\u00f3n; el 50 aniversario de la Dama de Baza; el presidente de Prodiversa, Juan Carlos Espejo; Freepik Company, empresa tecnol\u00f3gica; Zahara; Valeo Iluminaci\u00f3n; UGT-Sevilla y, por \u00faltimo, al acuartelamiento de Tablada en su centenario.<\/p>\n\n\n\n<p><strong>Padre Gabriel Delgado<\/strong><\/p>\n\n\n\n<p>Sacerdote obrero, Medalla de Andaluc\u00eda en 2001, delegado del Secretariado de Migraciones de la Di\u00f3cesis de C\u00e1diz, falleci\u00f3 el pasado mes de noviembre a sus 75 a\u00f1os de edad y tras un ampl\u00edsimo trabajo de lucha por los derechos de los migrantes.<\/p>\n\n\n\n<p>Cre\u00f3 las fundaciones Cardijn y Tartessos, donde acogi\u00f3 a migrantes a quienes form\u00f3 y ayud\u00f3 en su integraci\u00f3n en la sociedad gaditana. A trav\u00e9s de la Fundaci\u00f3n Centro Tierra de Todos promovi\u00f3 la formaci\u00f3n integral de los j\u00f3venes y su acceso al empleo, la integraci\u00f3n y la reagrupaci\u00f3n familiar de los migrantes, asistencia jur\u00eddica, aprendizaje de la lengua y el acceso a alojamientos dignos.<\/p>\n","protected":false},"excerpt":{"rendered":"<p>La Delegaci\u00f3n del Gobierno de Espa\u00f1a en Andaluc\u00eda celebra el pr\u00f3ximo jueves, 16 de diciembre, la XVII edici\u00f3n de los Premios Plaza de Espa\u00f1a, en la que los galardonados de la provincia de C\u00e1diz son el sacerdote Gabriel Delgado, que recibe el reconocimiento a t\u00edtulo p\u00f3stumo, y las Bodegas Barbadillo, que han cumplido 200 a\u00f1os<a class=\"more-link\" href=\"https:\/\/centrotierradetodos.es\/fctdt\/2021\/12\/14\/el-padre-gabriel-delgado-galardonado-con-el-xvii-premio-plaza-de-espana\/\">Sigue leyendo <span class=\"screen-reader-text\">\u00abEl Padre Gabriel Delgado galardonado con el XVII Premio Plaza de Espa\u00f1a\u00bb<\/span><\/a><\/p>\n","protected":false},"author":1,"featured_media":631,"comment_status":"closed","ping_status":"open","sticky":false,"template":"","format":"standard","meta":{"_editorskit_title_hidden":false,"_editorskit_reading_time":0,"_editorskit_is_block_options_detached":false,"_editorskit_block_options_position":"{}","_coblocks_attr":"","_coblocks_dimensions":"","_coblocks_responsive_height":"","_coblocks_accordion_ie_support":"","_monsterinsights_skip_tracking":false,"_monsterinsights_sitenote_active":false,"_monsterinsights_sitenote_note":"","_monsterinsights_sitenote_category":0,"_jetpack_memberships_contains_paid_content":false,"footnotes":""},"categories":[12],"tags":[],"class_list":["post-634","post","type-post","status-publish","format-standard","has-post-thumbnail","hentry","category-noticias","entry"],"yoast_head":"<!-- This site is optimized with the Yoast SEO plugin v27.5 - https:\/\/yoast.com\/product\/yoast-seo-wordpress\/ -->\n<title>El Padre Gabriel Delgado galardonado con el XVII Premio Plaza de Espa\u00f1a - Fundaci\u00f3n Centro Tierra de Todos<\/title>\n<meta name=\"robots\" content=\"index, follow, max-snippet:-1, max-image-preview:large, max-video-preview:-1\" \/>\n<link rel=\"canonical\" href=\"https:\/\/centrotierradetodos.es\/fctdt\/2021\/12\/14\/el-padre-gabriel-delgado-galardonado-con-el-xvii-premio-plaza-de-espana\/\" \/>\n<meta property=\"og:locale\" content=\"es_ES\" \/>\n<meta property=\"og:type\" content=\"article\" \/>\n<meta property=\"og:title\" content=\"El Padre Gabriel Delgado galardonado con el XVII Premio Plaza de Espa\u00f1a - Fundaci\u00f3n Centro Tierra de Todos\" \/>\n<meta property=\"og:description\" content=\"La Delegaci\u00f3n del Gobierno de Espa\u00f1a en Andaluc\u00eda celebra el pr\u00f3ximo jueves, 16 de diciembre, la XVII edici\u00f3n de los Premios Plaza de Espa\u00f1a, en la que los galardonados de la provincia de C\u00e1diz son el sacerdote Gabriel Delgado, que recibe el reconocimiento a t\u00edtulo p\u00f3stumo, y las Bodegas Barbadillo, que han cumplido 200 a\u00f1osSigue leyendo &quot;El Padre Gabriel Delgado galardonado con el XVII Premio Plaza de Espa\u00f1a&quot;\" \/>\n<meta property=\"og:url\" content=\"https:\/\/centrotierradetodos.es\/fctdt\/2021\/12\/14\/el-padre-gabriel-delgado-galardonado-con-el-xvii-premio-plaza-de-espana\/\" \/>\n<meta property=\"og:site_name\" content=\"Fundaci\u00f3n Centro Tierra de Todos\" \/>\n<meta property=\"article:publisher\" content=\"https:\/\/www.facebook.com\/p\/Cardijn-Tierra-de-Todos-Migraciones-100091817239433\/\" \/>\n<meta property=\"article:published_time\" content=\"2021-12-14T09:59:06+00:00\" \/>\n<meta property=\"article:modified_time\" content=\"2024-04-24T10:55:58+00:00\" \/>\n<meta property=\"og:image\" content=\"https:\/\/centrotierradetodos.es\/fctdt\/wp-content\/uploads\/2021\/12\/presentacion_jornada_migraciones_1_10_09_19.jpg\" \/>\n\t<meta property=\"og:image:width\" content=\"1600\" \/>\n\t<meta property=\"og:image:height\" content=\"1000\" \/>\n\t<meta property=\"og:image:type\" content=\"image\/jpeg\" \/>\n<meta name=\"author\" content=\"Redactor\" \/>\n<meta name=\"twitter:card\" content=\"summary_large_image\" \/>\n<meta name=\"twitter:label1\" content=\"Escrito por\" \/>\n\t<meta name=\"twitter:data1\" content=\"Redactor\" \/>\n\t<meta name=\"twitter:label2\" content=\"Tiempo de lectura\" \/>\n\t<meta name=\"twitter:data2\" content=\"2 minutos\" \/>\n<script type=\"application\/ld+json\" class=\"yoast-schema-graph\">{\"@context\":\"https:\\\/\\\/schema.org\",\"@graph\":[{\"@type\":\"Article\",\"@id\":\"https:\\\/\\\/centrotierradetodos.es\\\/fctdt\\\/2021\\\/12\\\/14\\\/el-padre-gabriel-delgado-galardonado-con-el-xvii-premio-plaza-de-espana\\\/#article\",\"isPartOf\":{\"@id\":\"https:\\\/\\\/centrotierradetodos.es\\\/fctdt\\\/2021\\\/12\\\/14\\\/el-padre-gabriel-delgado-galardonado-con-el-xvii-premio-plaza-de-espana\\\/\"},\"author\":{\"name\":\"Redactor\",\"@id\":\"https:\\\/\\\/centrotierradetodos.es\\\/fctdt\\\/#\\\/schema\\\/person\\\/cd853846b72c64b38f6d135b32747e5d\"},\"headline\":\"El Padre Gabriel Delgado galardonado con el XVII Premio Plaza de Espa\u00f1a\",\"datePublished\":\"2021-12-14T09:59:06+00:00\",\"dateModified\":\"2024-04-24T10:55:58+00:00\",\"mainEntityOfPage\":{\"@id\":\"https:\\\/\\\/centrotierradetodos.es\\\/fctdt\\\/2021\\\/12\\\/14\\\/el-padre-gabriel-delgado-galardonado-con-el-xvii-premio-plaza-de-espana\\\/\"},\"wordCount\":487,\"publisher\":{\"@id\":\"https:\\\/\\\/centrotierradetodos.es\\\/fctdt\\\/#organization\"},\"image\":{\"@id\":\"https:\\\/\\\/centrotierradetodos.es\\\/fctdt\\\/2021\\\/12\\\/14\\\/el-padre-gabriel-delgado-galardonado-con-el-xvii-premio-plaza-de-espana\\\/#primaryimage\"},\"thumbnailUrl\":\"https:\\\/\\\/centrotierradetodos.es\\\/fctdt\\\/wp-content\\\/uploads\\\/2021\\\/12\\\/presentacion_jornada_migraciones_1_10_09_19.jpg\",\"articleSection\":[\"Noticias\"],\"inLanguage\":\"es\"},{\"@type\":\"WebPage\",\"@id\":\"https:\\\/\\\/centrotierradetodos.es\\\/fctdt\\\/2021\\\/12\\\/14\\\/el-padre-gabriel-delgado-galardonado-con-el-xvii-premio-plaza-de-espana\\\/\",\"url\":\"https:\\\/\\\/centrotierradetodos.es\\\/fctdt\\\/2021\\\/12\\\/14\\\/el-padre-gabriel-delgado-galardonado-con-el-xvii-premio-plaza-de-espana\\\/\",\"name\":\"El Padre Gabriel Delgado galardonado con el XVII Premio Plaza de Espa\u00f1a - Fundaci\u00f3n Centro Tierra de Todos\",\"isPartOf\":{\"@id\":\"https:\\\/\\\/centrotierradetodos.es\\\/fctdt\\\/#website\"},\"primaryImageOfPage\":{\"@id\":\"https:\\\/\\\/centrotierradetodos.es\\\/fctdt\\\/2021\\\/12\\\/14\\\/el-padre-gabriel-delgado-galardonado-con-el-xvii-premio-plaza-de-espana\\\/#primaryimage\"},\"image\":{\"@id\":\"https:\\\/\\\/centrotierradetodos.es\\\/fctdt\\\/2021\\\/12\\\/14\\\/el-padre-gabriel-delgado-galardonado-con-el-xvii-premio-plaza-de-espana\\\/#primaryimage\"},\"thumbnailUrl\":\"https:\\\/\\\/centrotierradetodos.es\\\/fctdt\\\/wp-content\\\/uploads\\\/2021\\\/12\\\/presentacion_jornada_migraciones_1_10_09_19.jpg\",\"datePublished\":\"2021-12-14T09:59:06+00:00\",\"dateModified\":\"2024-04-24T10:55:58+00:00\",\"breadcrumb\":{\"@id\":\"https:\\\/\\\/centrotierradetodos.es\\\/fctdt\\\/2021\\\/12\\\/14\\\/el-padre-gabriel-delgado-galardonado-con-el-xvii-premio-plaza-de-espana\\\/#breadcrumb\"},\"inLanguage\":\"es\",\"potentialAction\":[{\"@type\":\"ReadAction\",\"target\":[\"https:\\\/\\\/centrotierradetodos.es\\\/fctdt\\\/2021\\\/12\\\/14\\\/el-padre-gabriel-delgado-galardonado-con-el-xvii-premio-plaza-de-espana\\\/\"]}]},{\"@type\":\"ImageObject\",\"inLanguage\":\"es\",\"@id\":\"https:\\\/\\\/centrotierradetodos.es\\\/fctdt\\\/2021\\\/12\\\/14\\\/el-padre-gabriel-delgado-galardonado-con-el-xvii-premio-plaza-de-espana\\\/#primaryimage\",\"url\":\"https:\\\/\\\/centrotierradetodos.es\\\/fctdt\\\/wp-content\\\/uploads\\\/2021\\\/12\\\/presentacion_jornada_migraciones_1_10_09_19.jpg\",\"contentUrl\":\"https:\\\/\\\/centrotierradetodos.es\\\/fctdt\\\/wp-content\\\/uploads\\\/2021\\\/12\\\/presentacion_jornada_migraciones_1_10_09_19.jpg\",\"width\":1600,\"height\":1000},{\"@type\":\"BreadcrumbList\",\"@id\":\"https:\\\/\\\/centrotierradetodos.es\\\/fctdt\\\/2021\\\/12\\\/14\\\/el-padre-gabriel-delgado-galardonado-con-el-xvii-premio-plaza-de-espana\\\/#breadcrumb\",\"itemListElement\":[{\"@type\":\"ListItem\",\"position\":1,\"name\":\"Portada\",\"item\":\"https:\\\/\\\/centrotierradetodos.es\\\/fctdt\\\/\"},{\"@type\":\"ListItem\",\"position\":2,\"name\":\"El Padre Gabriel Delgado galardonado con el XVII Premio Plaza de Espa\u00f1a\"}]},{\"@type\":\"WebSite\",\"@id\":\"https:\\\/\\\/centrotierradetodos.es\\\/fctdt\\\/#website\",\"url\":\"https:\\\/\\\/centrotierradetodos.es\\\/fctdt\\\/\",\"name\":\"Fundaci\u00f3n Centro Tierra de Todos\",\"description\":\"La Fundaci\u00f3n Centro Tierra de Todos es una entidad sin \u00e1nimo de lucro, dedicada a la atenci\u00f3n de los j\u00f3venes, de los inmigrantes y de los barrios populares de la ciudad de C\u00e1diz, con el \u00e1nimo de promover un ambicioso proyecto que facilite la igualdad de oportunidades y la promoci\u00f3n y cualificaci\u00f3n de todas estas personas y de todo su entorno social.\",\"publisher\":{\"@id\":\"https:\\\/\\\/centrotierradetodos.es\\\/fctdt\\\/#organization\"},\"potentialAction\":[{\"@type\":\"SearchAction\",\"target\":{\"@type\":\"EntryPoint\",\"urlTemplate\":\"https:\\\/\\\/centrotierradetodos.es\\\/fctdt\\\/?s={search_term_string}\"},\"query-input\":{\"@type\":\"PropertyValueSpecification\",\"valueRequired\":true,\"valueName\":\"search_term_string\"}}],\"inLanguage\":\"es\"},{\"@type\":\"Organization\",\"@id\":\"https:\\\/\\\/centrotierradetodos.es\\\/fctdt\\\/#organization\",\"name\":\"Fundaci\u00f3n Centro Tierra de Todos\",\"url\":\"https:\\\/\\\/centrotierradetodos.es\\\/fctdt\\\/\",\"logo\":{\"@type\":\"ImageObject\",\"inLanguage\":\"es\",\"@id\":\"https:\\\/\\\/centrotierradetodos.es\\\/fctdt\\\/#\\\/schema\\\/logo\\\/image\\\/\",\"url\":\"https:\\\/\\\/centrotierradetodos.es\\\/fctdt\\\/wp-content\\\/uploads\\\/2021\\\/03\\\/cropped-logo_tierra_todos_470x210-1.jpg\",\"contentUrl\":\"https:\\\/\\\/centrotierradetodos.es\\\/fctdt\\\/wp-content\\\/uploads\\\/2021\\\/03\\\/cropped-logo_tierra_todos_470x210-1.jpg\",\"width\":470,\"height\":210,\"caption\":\"Fundaci\u00f3n Centro Tierra de Todos\"},\"image\":{\"@id\":\"https:\\\/\\\/centrotierradetodos.es\\\/fctdt\\\/#\\\/schema\\\/logo\\\/image\\\/\"},\"sameAs\":[\"https:\\\/\\\/www.facebook.com\\\/p\\\/Cardijn-Tierra-de-Todos-Migraciones-100091817239433\\\/\"]},{\"@type\":\"Person\",\"@id\":\"https:\\\/\\\/centrotierradetodos.es\\\/fctdt\\\/#\\\/schema\\\/person\\\/cd853846b72c64b38f6d135b32747e5d\",\"name\":\"Redactor\",\"image\":{\"@type\":\"ImageObject\",\"inLanguage\":\"es\",\"@id\":\"https:\\\/\\\/secure.gravatar.com\\\/avatar\\\/9a6c877da07c0489d3ee9cdb811a7569ce83c5e8d52b1d00aee39093683c6dc2?s=96&d=mm&r=g\",\"url\":\"https:\\\/\\\/secure.gravatar.com\\\/avatar\\\/9a6c877da07c0489d3ee9cdb811a7569ce83c5e8d52b1d00aee39093683c6dc2?s=96&d=mm&r=g\",\"contentUrl\":\"https:\\\/\\\/secure.gravatar.com\\\/avatar\\\/9a6c877da07c0489d3ee9cdb811a7569ce83c5e8d52b1d00aee39093683c6dc2?s=96&d=mm&r=g\",\"caption\":\"Redactor\"},\"sameAs\":[\"http:\\\/\\\/centrotierradetodos.es\\\/fctdt\"]}]}<\/script>\n<!-- \/ Yoast SEO plugin. -->","yoast_head_json":{"title":"El Padre Gabriel Delgado galardonado con el XVII Premio Plaza de Espa\u00f1a - Fundaci\u00f3n Centro Tierra de Todos","robots":{"index":"index","follow":"follow","max-snippet":"max-snippet:-1","max-image-preview":"max-image-preview:large","max-video-preview":"max-video-preview:-1"},"canonical":"https:\/\/centrotierradetodos.es\/fctdt\/2021\/12\/14\/el-padre-gabriel-delgado-galardonado-con-el-xvii-premio-plaza-de-espana\/","og_locale":"es_ES","og_type":"article","og_title":"El Padre Gabriel Delgado galardonado con el XVII Premio Plaza de Espa\u00f1a - Fundaci\u00f3n Centro Tierra de Todos","og_description":"La Delegaci\u00f3n del Gobierno de Espa\u00f1a en Andaluc\u00eda celebra el pr\u00f3ximo jueves, 16 de diciembre, la XVII edici\u00f3n de los Premios Plaza de Espa\u00f1a, en la que los galardonados de la provincia de C\u00e1diz son el sacerdote Gabriel Delgado, que recibe el reconocimiento a t\u00edtulo p\u00f3stumo, y las Bodegas Barbadillo, que han cumplido 200 a\u00f1osSigue leyendo \"El Padre Gabriel Delgado galardonado con el XVII Premio Plaza de Espa\u00f1a\"","og_url":"https:\/\/centrotierradetodos.es\/fctdt\/2021\/12\/14\/el-padre-gabriel-delgado-galardonado-con-el-xvii-premio-plaza-de-espana\/","og_site_name":"Fundaci\u00f3n Centro Tierra de Todos","article_publisher":"https:\/\/www.facebook.com\/p\/Cardijn-Tierra-de-Todos-Migraciones-100091817239433\/","article_published_time":"2021-12-14T09:59:06+00:00","article_modified_time":"2024-04-24T10:55:58+00:00","og_image":[{"width":1600,"height":1000,"url":"https:\/\/centrotierradetodos.es\/fctdt\/wp-content\/uploads\/2021\/12\/presentacion_jornada_migraciones_1_10_09_19.jpg","type":"image\/jpeg"}],"author":"Redactor","twitter_card":"summary_large_image","twitter_misc":{"Escrito por":"Redactor","Tiempo de lectura":"2 minutos"},"schema":{"@context":"https:\/\/schema.org","@graph":[{"@type":"Article","@id":"https:\/\/centrotierradetodos.es\/fctdt\/2021\/12\/14\/el-padre-gabriel-delgado-galardonado-con-el-xvii-premio-plaza-de-espana\/#article","isPartOf":{"@id":"https:\/\/centrotierradetodos.es\/fctdt\/2021\/12\/14\/el-padre-gabriel-delgado-galardonado-con-el-xvii-premio-plaza-de-espana\/"},"author":{"name":"Redactor","@id":"https:\/\/centrotierradetodos.es\/fctdt\/#\/schema\/person\/cd853846b72c64b38f6d135b32747e5d"},"headline":"El Padre Gabriel Delgado galardonado con el XVII Premio Plaza de Espa\u00f1a","datePublished":"2021-12-14T09:59:06+00:00","dateModified":"2024-04-24T10:55:58+00:00","mainEntityOfPage":{"@id":"https:\/\/centrotierradetodos.es\/fctdt\/2021\/12\/14\/el-padre-gabriel-delgado-galardonado-con-el-xvii-premio-plaza-de-espana\/"},"wordCount":487,"publisher":{"@id":"https:\/\/centrotierradetodos.es\/fctdt\/#organization"},"image":{"@id":"https:\/\/centrotierradetodos.es\/fctdt\/2021\/12\/14\/el-padre-gabriel-delgado-galardonado-con-el-xvii-premio-plaza-de-espana\/#primaryimage"},"thumbnailUrl":"https:\/\/centrotierradetodos.es\/fctdt\/wp-content\/uploads\/2021\/12\/presentacion_jornada_migraciones_1_10_09_19.jpg","articleSection":["Noticias"],"inLanguage":"es"},{"@type":"WebPage","@id":"https:\/\/centrotierradetodos.es\/fctdt\/2021\/12\/14\/el-padre-gabriel-delgado-galardonado-con-el-xvii-premio-plaza-de-espana\/","url":"https:\/\/centrotierradetodos.es\/fctdt\/2021\/12\/14\/el-padre-gabriel-delgado-galardonado-con-el-xvii-premio-plaza-de-espana\/","name":"El Padre Gabriel Delgado galardonado con el XVII Premio Plaza de Espa\u00f1a - Fundaci\u00f3n Centro Tierra de Todos","isPartOf":{"@id":"https:\/\/centrotierradetodos.es\/fctdt\/#website"},"primaryImageOfPage":{"@id":"https:\/\/centrotierradetodos.es\/fctdt\/2021\/12\/14\/el-padre-gabriel-delgado-galardonado-con-el-xvii-premio-plaza-de-espana\/#primaryimage"},"image":{"@id":"https:\/\/centrotierradetodos.es\/fctdt\/2021\/12\/14\/el-padre-gabriel-delgado-galardonado-con-el-xvii-premio-plaza-de-espana\/#primaryimage"},"thumbnailUrl":"https:\/\/centrotierradetodos.es\/fctdt\/wp-content\/uploads\/2021\/12\/presentacion_jornada_migraciones_1_10_09_19.jpg","datePublished":"2021-12-14T09:59:06+00:00","dateModified":"2024-04-24T10:55:58+00:00","breadcrumb":{"@id":"https:\/\/centrotierradetodos.es\/fctdt\/2021\/12\/14\/el-padre-gabriel-delgado-galardonado-con-el-xvii-premio-plaza-de-espana\/#breadcrumb"},"inLanguage":"es","potentialAction":[{"@type":"ReadAction","target":["https:\/\/centrotierradetodos.es\/fctdt\/2021\/12\/14\/el-padre-gabriel-delgado-galardonado-con-el-xvii-premio-plaza-de-espana\/"]}]},{"@type":"ImageObject","inLanguage":"es","@id":"https:\/\/centrotierradetodos.es\/fctdt\/2021\/12\/14\/el-padre-gabriel-delgado-galardonado-con-el-xvii-premio-plaza-de-espana\/#primaryimage","url":"https:\/\/centrotierradetodos.es\/fctdt\/wp-content\/uploads\/2021\/12\/presentacion_jornada_migraciones_1_10_09_19.jpg","contentUrl":"https:\/\/centrotierradetodos.es\/fctdt\/wp-content\/uploads\/2021\/12\/presentacion_jornada_migraciones_1_10_09_19.jpg","width":1600,"height":1000},{"@type":"BreadcrumbList","@id":"https:\/\/centrotierradetodos.es\/fctdt\/2021\/12\/14\/el-padre-gabriel-delgado-galardonado-con-el-xvii-premio-plaza-de-espana\/#breadcrumb","itemListElement":[{"@type":"ListItem","position":1,"name":"Portada","item":"https:\/\/centrotierradetodos.es\/fctdt\/"},{"@type":"ListItem","position":2,"name":"El Padre Gabriel Delgado galardonado con el XVII Premio Plaza de Espa\u00f1a"}]},{"@type":"WebSite","@id":"https:\/\/centrotierradetodos.es\/fctdt\/#website","url":"https:\/\/centrotierradetodos.es\/fctdt\/","name":"Fundaci\u00f3n Centro Tierra de Todos","description":"La Fundaci\u00f3n Centro Tierra de Todos es una entidad sin \u00e1nimo de lucro, dedicada a la atenci\u00f3n de los j\u00f3venes, de los inmigrantes y de los barrios populares de la ciudad de C\u00e1diz, con el \u00e1nimo de promover un ambicioso proyecto que facilite la igualdad de oportunidades y la promoci\u00f3n y cualificaci\u00f3n de todas estas personas y de todo su entorno social.","publisher":{"@id":"https:\/\/centrotierradetodos.es\/fctdt\/#organization"},"potentialAction":[{"@type":"SearchAction","target":{"@type":"EntryPoint","urlTemplate":"https:\/\/centrotierradetodos.es\/fctdt\/?s={search_term_string}"},"query-input":{"@type":"PropertyValueSpecification","valueRequired":true,"valueName":"search_term_string"}}],"inLanguage":"es"},{"@type":"Organization","@id":"https:\/\/centrotierradetodos.es\/fctdt\/#organization","name":"Fundaci\u00f3n Centro Tierra de Todos","url":"https:\/\/centrotierradetodos.es\/fctdt\/","logo":{"@type":"ImageObject","inLanguage":"es","@id":"https:\/\/centrotierradetodos.es\/fctdt\/#\/schema\/logo\/image\/","url":"https:\/\/centrotierradetodos.es\/fctdt\/wp-content\/uploads\/2021\/03\/cropped-logo_tierra_todos_470x210-1.jpg","contentUrl":"https:\/\/centrotierradetodos.es\/fctdt\/wp-content\/uploads\/2021\/03\/cropped-logo_tierra_todos_470x210-1.jpg","width":470,"height":210,"caption":"Fundaci\u00f3n Centro Tierra de Todos"},"image":{"@id":"https:\/\/centrotierradetodos.es\/fctdt\/#\/schema\/logo\/image\/"},"sameAs":["https:\/\/www.facebook.com\/p\/Cardijn-Tierra-de-Todos-Migraciones-100091817239433\/"]},{"@type":"Person","@id":"https:\/\/centrotierradetodos.es\/fctdt\/#\/schema\/person\/cd853846b72c64b38f6d135b32747e5d","name":"Redactor","image":{"@type":"ImageObject","inLanguage":"es","@id":"https:\/\/secure.gravatar.com\/avatar\/9a6c877da07c0489d3ee9cdb811a7569ce83c5e8d52b1d00aee39093683c6dc2?s=96&d=mm&r=g","url":"https:\/\/secure.gravatar.com\/avatar\/9a6c877da07c0489d3ee9cdb811a7569ce83c5e8d52b1d00aee39093683c6dc2?s=96&d=mm&r=g","contentUrl":"https:\/\/secure.gravatar.com\/avatar\/9a6c877da07c0489d3ee9cdb811a7569ce83c5e8d52b1d00aee39093683c6dc2?s=96&d=mm&r=g","caption":"Redactor"},"sameAs":["http:\/\/centrotierradetodos.es\/fctdt"]}]}},"jetpack_featured_media_url":"https:\/\/centrotierradetodos.es\/fctdt\/wp-content\/uploads\/2021\/12\/presentacion_jornada_migraciones_1_10_09_19.jpg","jetpack_sharing_enabled":true,"_links":{"self":[{"href":"https:\/\/centrotierradetodos.es\/fctdt\/wp-json\/wp\/v2\/posts\/634","targetHints":{"allow":["GET"]}}],"collection":[{"href":"https:\/\/centrotierradetodos.es\/fctdt\/wp-json\/wp\/v2\/posts"}],"about":[{"href":"https:\/\/centrotierradetodos.es\/fctdt\/wp-json\/wp\/v2\/types\/post"}],"author":[{"embeddable":true,"href":"https:\/\/centrotierradetodos.es\/fctdt\/wp-json\/wp\/v2\/users\/1"}],"replies":[{"embeddable":true,"href":"https:\/\/centrotierradetodos.es\/fctdt\/wp-json\/wp\/v2\/comments?post=634"}],"version-history":[{"count":1,"href":"https:\/\/centrotierradetodos.es\/fctdt\/wp-json\/wp\/v2\/posts\/634\/revisions"}],"predecessor-version":[{"id":635,"href":"https:\/\/centrotierradetodos.es\/fctdt\/wp-json\/wp\/v2\/posts\/634\/revisions\/635"}],"wp:featuredmedia":[{"embeddable":true,"href":"https:\/\/centrotierradetodos.es\/fctdt\/wp-json\/wp\/v2\/media\/631"}],"wp:attachment":[{"href":"https:\/\/centrotierradetodos.es\/fctdt\/wp-json\/wp\/v2\/media?parent=634"}],"wp:term":[{"taxonomy":"category","embeddable":true,"href":"https:\/\/centrotierradetodos.es\/fctdt\/wp-json\/wp\/v2\/categories?post=634"},{"taxonomy":"post_tag","embeddable":true,"href":"https:\/\/centrotierradetodos.es\/fctdt\/wp-json\/wp\/v2\/tags?post=634"}],"curies":[{"name":"wp","href":"https:\/\/api.w.org\/{rel}","templated":true}]}}