{"id":630,"date":"2021-12-14T10:57:44","date_gmt":"2021-12-14T09:57:44","guid":{"rendered":"http:\/\/centrotierradetodos.es\/fctdt\/?p=630"},"modified":"2024-04-24T12:55:58","modified_gmt":"2024-04-24T10:55:58","slug":"manuel-lombo-presenta-cantes-de-diciembre-en-la-catedral-de-cadiz-a-beneficio-de-tierra-de-todos","status":"publish","type":"post","link":"https:\/\/centrotierradetodos.es\/fctdt\/2021\/12\/14\/manuel-lombo-presenta-cantes-de-diciembre-en-la-catedral-de-cadiz-a-beneficio-de-tierra-de-todos\/","title":{"rendered":"Manuel Lombo presenta \u201cCantes de Diciembre\u201d en la Catedral de C\u00e1diz a beneficio de Tierra de Todos"},"content":{"rendered":"\n<p>Como cada a\u00f1o, la Fundaci\u00f3n Cajasol ha puesto en marcha su programaci\u00f3n cultural para estas navidades. Bajo el t\u00edtulo \u201cGozos de diciembre\u201d, recoge un calendario de actividades que dieron comienzo el pasado 5 de diciembre con la apertura del tradicional Belen Navide\u00f1o y la venta de dulces en la Casa Pem\u00e1n en C\u00e1diz.<\/p>\n\n\n\n<p>Enmarcado dentro de esta programaci\u00f3n, la Fundaci\u00f3n Cajasol presenta el concierto de Manuel Lombo,&nbsp;<em>Cantes de Diciembre<\/em>, que se celebrar\u00e1 el martes 21 de diciembre, a las 20.00 horas, en la Catedral de C\u00e1diz.<\/p>\n\n\n\n<p>Este a\u00f1o la recaudaci\u00f3n obtenida estar\u00e1 dirigida a beneficio de&nbsp;la Fundaci\u00f3n Centro Tierra de Todos, entidad sin \u00e1nimo de lucro, dedicada a la atenci\u00f3n de los j\u00f3venes, de los inmigrantes y de los barrios populares de la ciudad de C\u00e1diz.<\/p>\n\n\n\n<p>El precio de las entradas ser\u00e1 de 15\u20ac, 20\u20ac y 25\u20ac y&nbsp;podr\u00e1n adquirirse en la taquilla de la Fundaci\u00f3n Cajasol (C\/Ingeniero \u00c1ngel mayo n 20, Jerez de la Frontera), en la Fundaci\u00f3n Tierra de Todos (Plaza Fray Felix 5, C\u00e1diz) o en la web&nbsp;<a href=\"http:\/\/www.fundacioncajasol.com\/\">www.fundacioncajasol.com<\/a><\/p>\n","protected":false},"excerpt":{"rendered":"<p>Como cada a\u00f1o, la Fundaci\u00f3n Cajasol ha puesto en marcha su programaci\u00f3n cultural para estas navidades. Bajo el t\u00edtulo \u201cGozos de diciembre\u201d, recoge un calendario de actividades que dieron comienzo el pasado 5 de diciembre con la apertura del tradicional Belen Navide\u00f1o y la venta de dulces en la Casa Pem\u00e1n en C\u00e1diz. Enmarcado dentro<a class=\"more-link\" href=\"https:\/\/centrotierradetodos.es\/fctdt\/2021\/12\/14\/manuel-lombo-presenta-cantes-de-diciembre-en-la-catedral-de-cadiz-a-beneficio-de-tierra-de-todos\/\">Sigue leyendo <span class=\"screen-reader-text\">\u00abManuel Lombo presenta \u201cCantes de Diciembre\u201d en la Catedral de C\u00e1diz a beneficio de Tierra de Todos\u00bb<\/span><\/a><\/p>\n","protected":false},"author":1,"featured_media":632,"comment_status":"closed","ping_status":"open","sticky":false,"template":"","format":"standard","meta":{"_editorskit_title_hidden":false,"_editorskit_reading_time":0,"_editorskit_is_block_options_detached":false,"_editorskit_block_options_position":"{}","_coblocks_attr":"","_coblocks_dimensions":"","_coblocks_responsive_height":"","_coblocks_accordion_ie_support":"","_monsterinsights_skip_tracking":false,"_monsterinsights_sitenote_active":false,"_monsterinsights_sitenote_note":"","_monsterinsights_sitenote_category":0,"_jetpack_memberships_contains_paid_content":false,"footnotes":""},"categories":[12],"tags":[],"class_list":["post-630","post","type-post","status-publish","format-standard","has-post-thumbnail","hentry","category-noticias","entry"],"yoast_head":"<!-- This site is optimized with the Yoast SEO plugin v27.5 - https:\/\/yoast.com\/product\/yoast-seo-wordpress\/ -->\n<title>Manuel Lombo presenta \u201cCantes de Diciembre\u201d en la Catedral de C\u00e1diz a beneficio de Tierra de Todos - Fundaci\u00f3n Centro Tierra de Todos<\/title>\n<meta name=\"robots\" content=\"index, follow, max-snippet:-1, max-image-preview:large, max-video-preview:-1\" \/>\n<link rel=\"canonical\" href=\"https:\/\/centrotierradetodos.es\/fctdt\/2021\/12\/14\/manuel-lombo-presenta-cantes-de-diciembre-en-la-catedral-de-cadiz-a-beneficio-de-tierra-de-todos\/\" \/>\n<meta property=\"og:locale\" content=\"es_ES\" \/>\n<meta property=\"og:type\" content=\"article\" \/>\n<meta property=\"og:title\" content=\"Manuel Lombo presenta \u201cCantes de Diciembre\u201d en la Catedral de C\u00e1diz a beneficio de Tierra de Todos - Fundaci\u00f3n Centro Tierra de Todos\" \/>\n<meta property=\"og:description\" content=\"Como cada a\u00f1o, la Fundaci\u00f3n Cajasol ha puesto en marcha su programaci\u00f3n cultural para estas navidades. Bajo el t\u00edtulo \u201cGozos de diciembre\u201d, recoge un calendario de actividades que dieron comienzo el pasado 5 de diciembre con la apertura del tradicional Belen Navide\u00f1o y la venta de dulces en la Casa Pem\u00e1n en C\u00e1diz. Enmarcado dentroSigue leyendo &quot;Manuel Lombo presenta \u201cCantes de Diciembre\u201d en la Catedral de C\u00e1diz a beneficio de Tierra de Todos&quot;\" \/>\n<meta property=\"og:url\" content=\"https:\/\/centrotierradetodos.es\/fctdt\/2021\/12\/14\/manuel-lombo-presenta-cantes-de-diciembre-en-la-catedral-de-cadiz-a-beneficio-de-tierra-de-todos\/\" \/>\n<meta property=\"og:site_name\" content=\"Fundaci\u00f3n Centro Tierra de Todos\" \/>\n<meta property=\"article:publisher\" content=\"https:\/\/www.facebook.com\/p\/Cardijn-Tierra-de-Todos-Migraciones-100091817239433\/\" \/>\n<meta property=\"article:published_time\" content=\"2021-12-14T09:57:44+00:00\" \/>\n<meta property=\"article:modified_time\" content=\"2024-04-24T10:55:58+00:00\" \/>\n<meta property=\"og:image\" content=\"https:\/\/centrotierradetodos.es\/fctdt\/wp-content\/uploads\/2021\/12\/manuel_lombo_concierto_navidad_1_30_11_17.jpg\" \/>\n\t<meta property=\"og:image:width\" content=\"1600\" \/>\n\t<meta property=\"og:image:height\" content=\"1067\" \/>\n\t<meta property=\"og:image:type\" content=\"image\/jpeg\" \/>\n<meta name=\"author\" content=\"Redactor\" \/>\n<meta name=\"twitter:card\" content=\"summary_large_image\" \/>\n<meta name=\"twitter:label1\" content=\"Escrito por\" \/>\n\t<meta name=\"twitter:data1\" content=\"Redactor\" \/>\n\t<meta name=\"twitter:label2\" content=\"Tiempo de lectura\" \/>\n\t<meta name=\"twitter:data2\" content=\"1 minuto\" \/>\n<script type=\"application\/ld+json\" class=\"yoast-schema-graph\">{\"@context\":\"https:\\\/\\\/schema.org\",\"@graph\":[{\"@type\":\"Article\",\"@id\":\"https:\\\/\\\/centrotierradetodos.es\\\/fctdt\\\/2021\\\/12\\\/14\\\/manuel-lombo-presenta-cantes-de-diciembre-en-la-catedral-de-cadiz-a-beneficio-de-tierra-de-todos\\\/#article\",\"isPartOf\":{\"@id\":\"https:\\\/\\\/centrotierradetodos.es\\\/fctdt\\\/2021\\\/12\\\/14\\\/manuel-lombo-presenta-cantes-de-diciembre-en-la-catedral-de-cadiz-a-beneficio-de-tierra-de-todos\\\/\"},\"author\":{\"name\":\"Redactor\",\"@id\":\"https:\\\/\\\/centrotierradetodos.es\\\/fctdt\\\/#\\\/schema\\\/person\\\/cd853846b72c64b38f6d135b32747e5d\"},\"headline\":\"Manuel Lombo presenta \u201cCantes de Diciembre\u201d en la Catedral de C\u00e1diz a beneficio de Tierra de Todos\",\"datePublished\":\"2021-12-14T09:57:44+00:00\",\"dateModified\":\"2024-04-24T10:55:58+00:00\",\"mainEntityOfPage\":{\"@id\":\"https:\\\/\\\/centrotierradetodos.es\\\/fctdt\\\/2021\\\/12\\\/14\\\/manuel-lombo-presenta-cantes-de-diciembre-en-la-catedral-de-cadiz-a-beneficio-de-tierra-de-todos\\\/\"},\"wordCount\":211,\"publisher\":{\"@id\":\"https:\\\/\\\/centrotierradetodos.es\\\/fctdt\\\/#organization\"},\"image\":{\"@id\":\"https:\\\/\\\/centrotierradetodos.es\\\/fctdt\\\/2021\\\/12\\\/14\\\/manuel-lombo-presenta-cantes-de-diciembre-en-la-catedral-de-cadiz-a-beneficio-de-tierra-de-todos\\\/#primaryimage\"},\"thumbnailUrl\":\"https:\\\/\\\/centrotierradetodos.es\\\/fctdt\\\/wp-content\\\/uploads\\\/2021\\\/12\\\/manuel_lombo_concierto_navidad_1_30_11_17.jpg\",\"articleSection\":[\"Noticias\"],\"inLanguage\":\"es\"},{\"@type\":\"WebPage\",\"@id\":\"https:\\\/\\\/centrotierradetodos.es\\\/fctdt\\\/2021\\\/12\\\/14\\\/manuel-lombo-presenta-cantes-de-diciembre-en-la-catedral-de-cadiz-a-beneficio-de-tierra-de-todos\\\/\",\"url\":\"https:\\\/\\\/centrotierradetodos.es\\\/fctdt\\\/2021\\\/12\\\/14\\\/manuel-lombo-presenta-cantes-de-diciembre-en-la-catedral-de-cadiz-a-beneficio-de-tierra-de-todos\\\/\",\"name\":\"Manuel Lombo presenta \u201cCantes de Diciembre\u201d en la Catedral de C\u00e1diz a beneficio de Tierra de Todos - Fundaci\u00f3n Centro Tierra de Todos\",\"isPartOf\":{\"@id\":\"https:\\\/\\\/centrotierradetodos.es\\\/fctdt\\\/#website\"},\"primaryImageOfPage\":{\"@id\":\"https:\\\/\\\/centrotierradetodos.es\\\/fctdt\\\/2021\\\/12\\\/14\\\/manuel-lombo-presenta-cantes-de-diciembre-en-la-catedral-de-cadiz-a-beneficio-de-tierra-de-todos\\\/#primaryimage\"},\"image\":{\"@id\":\"https:\\\/\\\/centrotierradetodos.es\\\/fctdt\\\/2021\\\/12\\\/14\\\/manuel-lombo-presenta-cantes-de-diciembre-en-la-catedral-de-cadiz-a-beneficio-de-tierra-de-todos\\\/#primaryimage\"},\"thumbnailUrl\":\"https:\\\/\\\/centrotierradetodos.es\\\/fctdt\\\/wp-content\\\/uploads\\\/2021\\\/12\\\/manuel_lombo_concierto_navidad_1_30_11_17.jpg\",\"datePublished\":\"2021-12-14T09:57:44+00:00\",\"dateModified\":\"2024-04-24T10:55:58+00:00\",\"breadcrumb\":{\"@id\":\"https:\\\/\\\/centrotierradetodos.es\\\/fctdt\\\/2021\\\/12\\\/14\\\/manuel-lombo-presenta-cantes-de-diciembre-en-la-catedral-de-cadiz-a-beneficio-de-tierra-de-todos\\\/#breadcrumb\"},\"inLanguage\":\"es\",\"potentialAction\":[{\"@type\":\"ReadAction\",\"target\":[\"https:\\\/\\\/centrotierradetodos.es\\\/fctdt\\\/2021\\\/12\\\/14\\\/manuel-lombo-presenta-cantes-de-diciembre-en-la-catedral-de-cadiz-a-beneficio-de-tierra-de-todos\\\/\"]}]},{\"@type\":\"ImageObject\",\"inLanguage\":\"es\",\"@id\":\"https:\\\/\\\/centrotierradetodos.es\\\/fctdt\\\/2021\\\/12\\\/14\\\/manuel-lombo-presenta-cantes-de-diciembre-en-la-catedral-de-cadiz-a-beneficio-de-tierra-de-todos\\\/#primaryimage\",\"url\":\"https:\\\/\\\/centrotierradetodos.es\\\/fctdt\\\/wp-content\\\/uploads\\\/2021\\\/12\\\/manuel_lombo_concierto_navidad_1_30_11_17.jpg\",\"contentUrl\":\"https:\\\/\\\/centrotierradetodos.es\\\/fctdt\\\/wp-content\\\/uploads\\\/2021\\\/12\\\/manuel_lombo_concierto_navidad_1_30_11_17.jpg\",\"width\":1600,\"height\":1067},{\"@type\":\"BreadcrumbList\",\"@id\":\"https:\\\/\\\/centrotierradetodos.es\\\/fctdt\\\/2021\\\/12\\\/14\\\/manuel-lombo-presenta-cantes-de-diciembre-en-la-catedral-de-cadiz-a-beneficio-de-tierra-de-todos\\\/#breadcrumb\",\"itemListElement\":[{\"@type\":\"ListItem\",\"position\":1,\"name\":\"Portada\",\"item\":\"https:\\\/\\\/centrotierradetodos.es\\\/fctdt\\\/\"},{\"@type\":\"ListItem\",\"position\":2,\"name\":\"Manuel Lombo presenta \u201cCantes de Diciembre\u201d en la Catedral de C\u00e1diz a beneficio de Tierra de Todos\"}]},{\"@type\":\"WebSite\",\"@id\":\"https:\\\/\\\/centrotierradetodos.es\\\/fctdt\\\/#website\",\"url\":\"https:\\\/\\\/centrotierradetodos.es\\\/fctdt\\\/\",\"name\":\"Fundaci\u00f3n Centro Tierra de Todos\",\"description\":\"La Fundaci\u00f3n Centro Tierra de Todos es una entidad sin \u00e1nimo de lucro, dedicada a la atenci\u00f3n de los j\u00f3venes, de los inmigrantes y de los barrios populares de la ciudad de C\u00e1diz, con el \u00e1nimo de promover un ambicioso proyecto que facilite la igualdad de oportunidades y la promoci\u00f3n y cualificaci\u00f3n de todas estas personas y de todo su entorno social.\",\"publisher\":{\"@id\":\"https:\\\/\\\/centrotierradetodos.es\\\/fctdt\\\/#organization\"},\"potentialAction\":[{\"@type\":\"SearchAction\",\"target\":{\"@type\":\"EntryPoint\",\"urlTemplate\":\"https:\\\/\\\/centrotierradetodos.es\\\/fctdt\\\/?s={search_term_string}\"},\"query-input\":{\"@type\":\"PropertyValueSpecification\",\"valueRequired\":true,\"valueName\":\"search_term_string\"}}],\"inLanguage\":\"es\"},{\"@type\":\"Organization\",\"@id\":\"https:\\\/\\\/centrotierradetodos.es\\\/fctdt\\\/#organization\",\"name\":\"Fundaci\u00f3n Centro Tierra de Todos\",\"url\":\"https:\\\/\\\/centrotierradetodos.es\\\/fctdt\\\/\",\"logo\":{\"@type\":\"ImageObject\",\"inLanguage\":\"es\",\"@id\":\"https:\\\/\\\/centrotierradetodos.es\\\/fctdt\\\/#\\\/schema\\\/logo\\\/image\\\/\",\"url\":\"https:\\\/\\\/centrotierradetodos.es\\\/fctdt\\\/wp-content\\\/uploads\\\/2021\\\/03\\\/cropped-logo_tierra_todos_470x210-1.jpg\",\"contentUrl\":\"https:\\\/\\\/centrotierradetodos.es\\\/fctdt\\\/wp-content\\\/uploads\\\/2021\\\/03\\\/cropped-logo_tierra_todos_470x210-1.jpg\",\"width\":470,\"height\":210,\"caption\":\"Fundaci\u00f3n Centro Tierra de Todos\"},\"image\":{\"@id\":\"https:\\\/\\\/centrotierradetodos.es\\\/fctdt\\\/#\\\/schema\\\/logo\\\/image\\\/\"},\"sameAs\":[\"https:\\\/\\\/www.facebook.com\\\/p\\\/Cardijn-Tierra-de-Todos-Migraciones-100091817239433\\\/\"]},{\"@type\":\"Person\",\"@id\":\"https:\\\/\\\/centrotierradetodos.es\\\/fctdt\\\/#\\\/schema\\\/person\\\/cd853846b72c64b38f6d135b32747e5d\",\"name\":\"Redactor\",\"image\":{\"@type\":\"ImageObject\",\"inLanguage\":\"es\",\"@id\":\"https:\\\/\\\/secure.gravatar.com\\\/avatar\\\/9a6c877da07c0489d3ee9cdb811a7569ce83c5e8d52b1d00aee39093683c6dc2?s=96&d=mm&r=g\",\"url\":\"https:\\\/\\\/secure.gravatar.com\\\/avatar\\\/9a6c877da07c0489d3ee9cdb811a7569ce83c5e8d52b1d00aee39093683c6dc2?s=96&d=mm&r=g\",\"contentUrl\":\"https:\\\/\\\/secure.gravatar.com\\\/avatar\\\/9a6c877da07c0489d3ee9cdb811a7569ce83c5e8d52b1d00aee39093683c6dc2?s=96&d=mm&r=g\",\"caption\":\"Redactor\"},\"sameAs\":[\"http:\\\/\\\/centrotierradetodos.es\\\/fctdt\"]}]}<\/script>\n<!-- \/ Yoast SEO plugin. -->","yoast_head_json":{"title":"Manuel Lombo presenta \u201cCantes de Diciembre\u201d en la Catedral de C\u00e1diz a beneficio de Tierra de Todos - Fundaci\u00f3n Centro Tierra de Todos","robots":{"index":"index","follow":"follow","max-snippet":"max-snippet:-1","max-image-preview":"max-image-preview:large","max-video-preview":"max-video-preview:-1"},"canonical":"https:\/\/centrotierradetodos.es\/fctdt\/2021\/12\/14\/manuel-lombo-presenta-cantes-de-diciembre-en-la-catedral-de-cadiz-a-beneficio-de-tierra-de-todos\/","og_locale":"es_ES","og_type":"article","og_title":"Manuel Lombo presenta \u201cCantes de Diciembre\u201d en la Catedral de C\u00e1diz a beneficio de Tierra de Todos - Fundaci\u00f3n Centro Tierra de Todos","og_description":"Como cada a\u00f1o, la Fundaci\u00f3n Cajasol ha puesto en marcha su programaci\u00f3n cultural para estas navidades. Bajo el t\u00edtulo \u201cGozos de diciembre\u201d, recoge un calendario de actividades que dieron comienzo el pasado 5 de diciembre con la apertura del tradicional Belen Navide\u00f1o y la venta de dulces en la Casa Pem\u00e1n en C\u00e1diz. Enmarcado dentroSigue leyendo \"Manuel Lombo presenta \u201cCantes de Diciembre\u201d en la Catedral de C\u00e1diz a beneficio de Tierra de Todos\"","og_url":"https:\/\/centrotierradetodos.es\/fctdt\/2021\/12\/14\/manuel-lombo-presenta-cantes-de-diciembre-en-la-catedral-de-cadiz-a-beneficio-de-tierra-de-todos\/","og_site_name":"Fundaci\u00f3n Centro Tierra de Todos","article_publisher":"https:\/\/www.facebook.com\/p\/Cardijn-Tierra-de-Todos-Migraciones-100091817239433\/","article_published_time":"2021-12-14T09:57:44+00:00","article_modified_time":"2024-04-24T10:55:58+00:00","og_image":[{"width":1600,"height":1067,"url":"https:\/\/centrotierradetodos.es\/fctdt\/wp-content\/uploads\/2021\/12\/manuel_lombo_concierto_navidad_1_30_11_17.jpg","type":"image\/jpeg"}],"author":"Redactor","twitter_card":"summary_large_image","twitter_misc":{"Escrito por":"Redactor","Tiempo de lectura":"1 minuto"},"schema":{"@context":"https:\/\/schema.org","@graph":[{"@type":"Article","@id":"https:\/\/centrotierradetodos.es\/fctdt\/2021\/12\/14\/manuel-lombo-presenta-cantes-de-diciembre-en-la-catedral-de-cadiz-a-beneficio-de-tierra-de-todos\/#article","isPartOf":{"@id":"https:\/\/centrotierradetodos.es\/fctdt\/2021\/12\/14\/manuel-lombo-presenta-cantes-de-diciembre-en-la-catedral-de-cadiz-a-beneficio-de-tierra-de-todos\/"},"author":{"name":"Redactor","@id":"https:\/\/centrotierradetodos.es\/fctdt\/#\/schema\/person\/cd853846b72c64b38f6d135b32747e5d"},"headline":"Manuel Lombo presenta \u201cCantes de Diciembre\u201d en la Catedral de C\u00e1diz a beneficio de Tierra de Todos","datePublished":"2021-12-14T09:57:44+00:00","dateModified":"2024-04-24T10:55:58+00:00","mainEntityOfPage":{"@id":"https:\/\/centrotierradetodos.es\/fctdt\/2021\/12\/14\/manuel-lombo-presenta-cantes-de-diciembre-en-la-catedral-de-cadiz-a-beneficio-de-tierra-de-todos\/"},"wordCount":211,"publisher":{"@id":"https:\/\/centrotierradetodos.es\/fctdt\/#organization"},"image":{"@id":"https:\/\/centrotierradetodos.es\/fctdt\/2021\/12\/14\/manuel-lombo-presenta-cantes-de-diciembre-en-la-catedral-de-cadiz-a-beneficio-de-tierra-de-todos\/#primaryimage"},"thumbnailUrl":"https:\/\/centrotierradetodos.es\/fctdt\/wp-content\/uploads\/2021\/12\/manuel_lombo_concierto_navidad_1_30_11_17.jpg","articleSection":["Noticias"],"inLanguage":"es"},{"@type":"WebPage","@id":"https:\/\/centrotierradetodos.es\/fctdt\/2021\/12\/14\/manuel-lombo-presenta-cantes-de-diciembre-en-la-catedral-de-cadiz-a-beneficio-de-tierra-de-todos\/","url":"https:\/\/centrotierradetodos.es\/fctdt\/2021\/12\/14\/manuel-lombo-presenta-cantes-de-diciembre-en-la-catedral-de-cadiz-a-beneficio-de-tierra-de-todos\/","name":"Manuel Lombo presenta \u201cCantes de Diciembre\u201d en la Catedral de C\u00e1diz a beneficio de Tierra de Todos - Fundaci\u00f3n Centro Tierra de Todos","isPartOf":{"@id":"https:\/\/centrotierradetodos.es\/fctdt\/#website"},"primaryImageOfPage":{"@id":"https:\/\/centrotierradetodos.es\/fctdt\/2021\/12\/14\/manuel-lombo-presenta-cantes-de-diciembre-en-la-catedral-de-cadiz-a-beneficio-de-tierra-de-todos\/#primaryimage"},"image":{"@id":"https:\/\/centrotierradetodos.es\/fctdt\/2021\/12\/14\/manuel-lombo-presenta-cantes-de-diciembre-en-la-catedral-de-cadiz-a-beneficio-de-tierra-de-todos\/#primaryimage"},"thumbnailUrl":"https:\/\/centrotierradetodos.es\/fctdt\/wp-content\/uploads\/2021\/12\/manuel_lombo_concierto_navidad_1_30_11_17.jpg","datePublished":"2021-12-14T09:57:44+00:00","dateModified":"2024-04-24T10:55:58+00:00","breadcrumb":{"@id":"https:\/\/centrotierradetodos.es\/fctdt\/2021\/12\/14\/manuel-lombo-presenta-cantes-de-diciembre-en-la-catedral-de-cadiz-a-beneficio-de-tierra-de-todos\/#breadcrumb"},"inLanguage":"es","potentialAction":[{"@type":"ReadAction","target":["https:\/\/centrotierradetodos.es\/fctdt\/2021\/12\/14\/manuel-lombo-presenta-cantes-de-diciembre-en-la-catedral-de-cadiz-a-beneficio-de-tierra-de-todos\/"]}]},{"@type":"ImageObject","inLanguage":"es","@id":"https:\/\/centrotierradetodos.es\/fctdt\/2021\/12\/14\/manuel-lombo-presenta-cantes-de-diciembre-en-la-catedral-de-cadiz-a-beneficio-de-tierra-de-todos\/#primaryimage","url":"https:\/\/centrotierradetodos.es\/fctdt\/wp-content\/uploads\/2021\/12\/manuel_lombo_concierto_navidad_1_30_11_17.jpg","contentUrl":"https:\/\/centrotierradetodos.es\/fctdt\/wp-content\/uploads\/2021\/12\/manuel_lombo_concierto_navidad_1_30_11_17.jpg","width":1600,"height":1067},{"@type":"BreadcrumbList","@id":"https:\/\/centrotierradetodos.es\/fctdt\/2021\/12\/14\/manuel-lombo-presenta-cantes-de-diciembre-en-la-catedral-de-cadiz-a-beneficio-de-tierra-de-todos\/#breadcrumb","itemListElement":[{"@type":"ListItem","position":1,"name":"Portada","item":"https:\/\/centrotierradetodos.es\/fctdt\/"},{"@type":"ListItem","position":2,"name":"Manuel Lombo presenta \u201cCantes de Diciembre\u201d en la Catedral de C\u00e1diz a beneficio de Tierra de Todos"}]},{"@type":"WebSite","@id":"https:\/\/centrotierradetodos.es\/fctdt\/#website","url":"https:\/\/centrotierradetodos.es\/fctdt\/","name":"Fundaci\u00f3n Centro Tierra de Todos","description":"La Fundaci\u00f3n Centro Tierra de Todos es una entidad sin \u00e1nimo de lucro, dedicada a la atenci\u00f3n de los j\u00f3venes, de los inmigrantes y de los barrios populares de la ciudad de C\u00e1diz, con el \u00e1nimo de promover un ambicioso proyecto que facilite la igualdad de oportunidades y la promoci\u00f3n y cualificaci\u00f3n de todas estas personas y de todo su entorno social.","publisher":{"@id":"https:\/\/centrotierradetodos.es\/fctdt\/#organization"},"potentialAction":[{"@type":"SearchAction","target":{"@type":"EntryPoint","urlTemplate":"https:\/\/centrotierradetodos.es\/fctdt\/?s={search_term_string}"},"query-input":{"@type":"PropertyValueSpecification","valueRequired":true,"valueName":"search_term_string"}}],"inLanguage":"es"},{"@type":"Organization","@id":"https:\/\/centrotierradetodos.es\/fctdt\/#organization","name":"Fundaci\u00f3n Centro Tierra de Todos","url":"https:\/\/centrotierradetodos.es\/fctdt\/","logo":{"@type":"ImageObject","inLanguage":"es","@id":"https:\/\/centrotierradetodos.es\/fctdt\/#\/schema\/logo\/image\/","url":"https:\/\/centrotierradetodos.es\/fctdt\/wp-content\/uploads\/2021\/03\/cropped-logo_tierra_todos_470x210-1.jpg","contentUrl":"https:\/\/centrotierradetodos.es\/fctdt\/wp-content\/uploads\/2021\/03\/cropped-logo_tierra_todos_470x210-1.jpg","width":470,"height":210,"caption":"Fundaci\u00f3n Centro Tierra de Todos"},"image":{"@id":"https:\/\/centrotierradetodos.es\/fctdt\/#\/schema\/logo\/image\/"},"sameAs":["https:\/\/www.facebook.com\/p\/Cardijn-Tierra-de-Todos-Migraciones-100091817239433\/"]},{"@type":"Person","@id":"https:\/\/centrotierradetodos.es\/fctdt\/#\/schema\/person\/cd853846b72c64b38f6d135b32747e5d","name":"Redactor","image":{"@type":"ImageObject","inLanguage":"es","@id":"https:\/\/secure.gravatar.com\/avatar\/9a6c877da07c0489d3ee9cdb811a7569ce83c5e8d52b1d00aee39093683c6dc2?s=96&d=mm&r=g","url":"https:\/\/secure.gravatar.com\/avatar\/9a6c877da07c0489d3ee9cdb811a7569ce83c5e8d52b1d00aee39093683c6dc2?s=96&d=mm&r=g","contentUrl":"https:\/\/secure.gravatar.com\/avatar\/9a6c877da07c0489d3ee9cdb811a7569ce83c5e8d52b1d00aee39093683c6dc2?s=96&d=mm&r=g","caption":"Redactor"},"sameAs":["http:\/\/centrotierradetodos.es\/fctdt"]}]}},"jetpack_featured_media_url":"https:\/\/centrotierradetodos.es\/fctdt\/wp-content\/uploads\/2021\/12\/manuel_lombo_concierto_navidad_1_30_11_17.jpg","jetpack_sharing_enabled":true,"_links":{"self":[{"href":"https:\/\/centrotierradetodos.es\/fctdt\/wp-json\/wp\/v2\/posts\/630","targetHints":{"allow":["GET"]}}],"collection":[{"href":"https:\/\/centrotierradetodos.es\/fctdt\/wp-json\/wp\/v2\/posts"}],"about":[{"href":"https:\/\/centrotierradetodos.es\/fctdt\/wp-json\/wp\/v2\/types\/post"}],"author":[{"embeddable":true,"href":"https:\/\/centrotierradetodos.es\/fctdt\/wp-json\/wp\/v2\/users\/1"}],"replies":[{"embeddable":true,"href":"https:\/\/centrotierradetodos.es\/fctdt\/wp-json\/wp\/v2\/comments?post=630"}],"version-history":[{"count":1,"href":"https:\/\/centrotierradetodos.es\/fctdt\/wp-json\/wp\/v2\/posts\/630\/revisions"}],"predecessor-version":[{"id":633,"href":"https:\/\/centrotierradetodos.es\/fctdt\/wp-json\/wp\/v2\/posts\/630\/revisions\/633"}],"wp:featuredmedia":[{"embeddable":true,"href":"https:\/\/centrotierradetodos.es\/fctdt\/wp-json\/wp\/v2\/media\/632"}],"wp:attachment":[{"href":"https:\/\/centrotierradetodos.es\/fctdt\/wp-json\/wp\/v2\/media?parent=630"}],"wp:term":[{"taxonomy":"category","embeddable":true,"href":"https:\/\/centrotierradetodos.es\/fctdt\/wp-json\/wp\/v2\/categories?post=630"},{"taxonomy":"post_tag","embeddable":true,"href":"https:\/\/centrotierradetodos.es\/fctdt\/wp-json\/wp\/v2\/tags?post=630"}],"curies":[{"name":"wp","href":"https:\/\/api.w.org\/{rel}","templated":true}]}}