{"id":620,"date":"2021-12-13T12:58:43","date_gmt":"2021-12-13T11:58:43","guid":{"rendered":"http:\/\/centrotierradetodos.es\/fctdt\/?p=620"},"modified":"2024-04-24T12:55:58","modified_gmt":"2024-04-24T10:55:58","slug":"el-secretariado-de-migraciones-sigue-trabajando-por-la-integracion-socio-laboral-de-los-migrantes","status":"publish","type":"post","link":"https:\/\/centrotierradetodos.es\/fctdt\/2021\/12\/13\/el-secretariado-de-migraciones-sigue-trabajando-por-la-integracion-socio-laboral-de-los-migrantes\/","title":{"rendered":"El Secretariado de Migraciones sigue trabajando por la integraci\u00f3n socio laboral de los migrantes"},"content":{"rendered":"\n<p>El Secretariado Diocesano de Migraciones de la Di\u00f3cesis de C\u00e1diz y Ceuta, a trav\u00e9s de la Asociaci\u00f3n Cardijn, contin\u00faa desarrollando un a\u00f1o m\u00e1s el Programa denominado<strong>&nbsp;<em>\u201cAcompa\u00f1amiento para la Inserci\u00f3n Socio Laboral de Personas Inmigrantes en C\u00e1diz, Ceuta y Alicante\u201d<\/em><\/strong>,&nbsp; subvencionado por el Ministerio de Inclusi\u00f3n, Seguridad Social y Migraciones y cofinanciado por el Fondo Social Europeo.<\/p>\n\n\n\n<p>Su principal finalidad es contribuir a mejorar la empleabilidad de las personas migrantes al tiempo que acompa\u00f1arles y facilitarles sus procesos de inserci\u00f3n social y laboral. Va dirigido especialmente a aquellas personas que se encuentran desempleadas o en situaci\u00f3n de precariedad laboral, con especial atenci\u00f3n a mujeres, j\u00f3venes y personas en situaci\u00f3n de vulnerabilidad.<\/p>\n\n\n\n<p>Ofrecemos tanto en la provincia de C\u00e1diz, como en la ciudad aut\u00f3noma de Ceuta, un servicio de orientaci\u00f3n laboral basado en el dise\u00f1o participativo de itinerarios personalizados de inserci\u00f3n y realizamos acciones de intermediaci\u00f3n laboral con empresas que necesitan contratar distintos perfiles de trabajadores\/as.<\/p>\n\n\n\n<p>Una de las acciones en las que se pone m\u00e1s \u00e9nfasis es en concienciar sobre la importancia de homologar los t\u00edtulos extranjeros as\u00ed como de realizar cursos de formaci\u00f3n o cualificaci\u00f3n profesional que les sit\u00faen en una mejor posici\u00f3n dentro del mercado laboral. Para ello, se cuenta con la posibilidad de sufragarles los costes de dichos cursos o las tasas p\u00fablicas establecidas para tramitar las homologaciones de t\u00edtulos y los canjes de permisos de conducci\u00f3n. Todo ello acompa\u00f1ado de informaci\u00f3n y asesoramiento sobre estrategias de b\u00fasqueda de empleo, recursos del entorno, legislaci\u00f3n laboral, clases de espa\u00f1ol, habilidades personales y sociales, etc.<\/p>\n\n\n\n<p>Del lado de la intermediaci\u00f3n, se trata de captar ofertas de empleo, contactar con empresas, preseleccionar candidatos\/as que se ajusten a los perfiles demandados, sensibilizar hacia la diversidad cultural y acompa\u00f1ar, en definitiva, a ambas partes para lograr un alto grado de satisfacci\u00f3n, contribuyendo as\u00ed a facilitar procesos reales de inclusi\u00f3n.<\/p>\n","protected":false},"excerpt":{"rendered":"<p>El Secretariado Diocesano de Migraciones de la Di\u00f3cesis de C\u00e1diz y Ceuta, a trav\u00e9s de la Asociaci\u00f3n Cardijn, contin\u00faa desarrollando un a\u00f1o m\u00e1s el Programa denominado&nbsp;\u201cAcompa\u00f1amiento para la Inserci\u00f3n Socio Laboral de Personas Inmigrantes en C\u00e1diz, Ceuta y Alicante\u201d,&nbsp; subvencionado por el Ministerio de Inclusi\u00f3n, Seguridad Social y Migraciones y cofinanciado por el Fondo Social<a class=\"more-link\" href=\"https:\/\/centrotierradetodos.es\/fctdt\/2021\/12\/13\/el-secretariado-de-migraciones-sigue-trabajando-por-la-integracion-socio-laboral-de-los-migrantes\/\">Sigue leyendo <span class=\"screen-reader-text\">\u00abEl Secretariado de Migraciones sigue trabajando por la integraci\u00f3n socio laboral de los migrantes\u00bb<\/span><\/a><\/p>\n","protected":false},"author":1,"featured_media":621,"comment_status":"closed","ping_status":"open","sticky":false,"template":"","format":"standard","meta":{"_editorskit_title_hidden":false,"_editorskit_reading_time":0,"_editorskit_is_block_options_detached":false,"_editorskit_block_options_position":"{}","_coblocks_attr":"","_coblocks_dimensions":"","_coblocks_responsive_height":"","_coblocks_accordion_ie_support":"","_monsterinsights_skip_tracking":false,"_monsterinsights_sitenote_active":false,"_monsterinsights_sitenote_note":"","_monsterinsights_sitenote_category":0,"_jetpack_memberships_contains_paid_content":false,"footnotes":""},"categories":[12],"tags":[],"class_list":["post-620","post","type-post","status-publish","format-standard","has-post-thumbnail","hentry","category-noticias","entry"],"yoast_head":"<!-- This site is optimized with the Yoast SEO plugin v27.5 - https:\/\/yoast.com\/product\/yoast-seo-wordpress\/ -->\n<title>El Secretariado de Migraciones sigue trabajando por la integraci\u00f3n socio laboral de los migrantes - Fundaci\u00f3n Centro Tierra de Todos<\/title>\n<meta name=\"robots\" content=\"index, follow, max-snippet:-1, max-image-preview:large, max-video-preview:-1\" \/>\n<link rel=\"canonical\" href=\"https:\/\/centrotierradetodos.es\/fctdt\/2021\/12\/13\/el-secretariado-de-migraciones-sigue-trabajando-por-la-integracion-socio-laboral-de-los-migrantes\/\" \/>\n<meta property=\"og:locale\" content=\"es_ES\" \/>\n<meta property=\"og:type\" content=\"article\" \/>\n<meta property=\"og:title\" content=\"El Secretariado de Migraciones sigue trabajando por la integraci\u00f3n socio laboral de los migrantes - Fundaci\u00f3n Centro Tierra de Todos\" \/>\n<meta property=\"og:description\" content=\"El Secretariado Diocesano de Migraciones de la Di\u00f3cesis de C\u00e1diz y Ceuta, a trav\u00e9s de la Asociaci\u00f3n Cardijn, contin\u00faa desarrollando un a\u00f1o m\u00e1s el Programa denominado&nbsp;\u201cAcompa\u00f1amiento para la Inserci\u00f3n Socio Laboral de Personas Inmigrantes en C\u00e1diz, Ceuta y Alicante\u201d,&nbsp; subvencionado por el Ministerio de Inclusi\u00f3n, Seguridad Social y Migraciones y cofinanciado por el Fondo SocialSigue leyendo &quot;El Secretariado de Migraciones sigue trabajando por la integraci\u00f3n socio laboral de los migrantes&quot;\" \/>\n<meta property=\"og:url\" content=\"https:\/\/centrotierradetodos.es\/fctdt\/2021\/12\/13\/el-secretariado-de-migraciones-sigue-trabajando-por-la-integracion-socio-laboral-de-los-migrantes\/\" \/>\n<meta property=\"og:site_name\" content=\"Fundaci\u00f3n Centro Tierra de Todos\" \/>\n<meta property=\"article:publisher\" content=\"https:\/\/www.facebook.com\/p\/Cardijn-Tierra-de-Todos-Migraciones-100091817239433\/\" \/>\n<meta property=\"article:published_time\" content=\"2021-12-13T11:58:43+00:00\" \/>\n<meta property=\"article:modified_time\" content=\"2024-04-24T10:55:58+00:00\" \/>\n<meta property=\"og:image\" content=\"https:\/\/centrotierradetodos.es\/fctdt\/wp-content\/uploads\/2021\/12\/20211213_cartel_programa_sociolaboral.jpg\" \/>\n\t<meta property=\"og:image:width\" content=\"1123\" \/>\n\t<meta property=\"og:image:height\" content=\"1588\" \/>\n\t<meta property=\"og:image:type\" content=\"image\/jpeg\" \/>\n<meta name=\"author\" content=\"Redactor\" \/>\n<meta name=\"twitter:card\" content=\"summary_large_image\" \/>\n<meta name=\"twitter:label1\" content=\"Escrito por\" \/>\n\t<meta name=\"twitter:data1\" content=\"Redactor\" \/>\n\t<meta name=\"twitter:label2\" content=\"Tiempo de lectura\" \/>\n\t<meta name=\"twitter:data2\" content=\"2 minutos\" \/>\n<script type=\"application\/ld+json\" class=\"yoast-schema-graph\">{\"@context\":\"https:\\\/\\\/schema.org\",\"@graph\":[{\"@type\":\"Article\",\"@id\":\"https:\\\/\\\/centrotierradetodos.es\\\/fctdt\\\/2021\\\/12\\\/13\\\/el-secretariado-de-migraciones-sigue-trabajando-por-la-integracion-socio-laboral-de-los-migrantes\\\/#article\",\"isPartOf\":{\"@id\":\"https:\\\/\\\/centrotierradetodos.es\\\/fctdt\\\/2021\\\/12\\\/13\\\/el-secretariado-de-migraciones-sigue-trabajando-por-la-integracion-socio-laboral-de-los-migrantes\\\/\"},\"author\":{\"name\":\"Redactor\",\"@id\":\"https:\\\/\\\/centrotierradetodos.es\\\/fctdt\\\/#\\\/schema\\\/person\\\/cd853846b72c64b38f6d135b32747e5d\"},\"headline\":\"El Secretariado de Migraciones sigue trabajando por la integraci\u00f3n socio laboral de los migrantes\",\"datePublished\":\"2021-12-13T11:58:43+00:00\",\"dateModified\":\"2024-04-24T10:55:58+00:00\",\"mainEntityOfPage\":{\"@id\":\"https:\\\/\\\/centrotierradetodos.es\\\/fctdt\\\/2021\\\/12\\\/13\\\/el-secretariado-de-migraciones-sigue-trabajando-por-la-integracion-socio-laboral-de-los-migrantes\\\/\"},\"wordCount\":367,\"publisher\":{\"@id\":\"https:\\\/\\\/centrotierradetodos.es\\\/fctdt\\\/#organization\"},\"image\":{\"@id\":\"https:\\\/\\\/centrotierradetodos.es\\\/fctdt\\\/2021\\\/12\\\/13\\\/el-secretariado-de-migraciones-sigue-trabajando-por-la-integracion-socio-laboral-de-los-migrantes\\\/#primaryimage\"},\"thumbnailUrl\":\"https:\\\/\\\/centrotierradetodos.es\\\/fctdt\\\/wp-content\\\/uploads\\\/2021\\\/12\\\/20211213_cartel_programa_sociolaboral.jpg\",\"articleSection\":[\"Noticias\"],\"inLanguage\":\"es\"},{\"@type\":\"WebPage\",\"@id\":\"https:\\\/\\\/centrotierradetodos.es\\\/fctdt\\\/2021\\\/12\\\/13\\\/el-secretariado-de-migraciones-sigue-trabajando-por-la-integracion-socio-laboral-de-los-migrantes\\\/\",\"url\":\"https:\\\/\\\/centrotierradetodos.es\\\/fctdt\\\/2021\\\/12\\\/13\\\/el-secretariado-de-migraciones-sigue-trabajando-por-la-integracion-socio-laboral-de-los-migrantes\\\/\",\"name\":\"El Secretariado de Migraciones sigue trabajando por la integraci\u00f3n socio laboral de los migrantes - Fundaci\u00f3n Centro Tierra de Todos\",\"isPartOf\":{\"@id\":\"https:\\\/\\\/centrotierradetodos.es\\\/fctdt\\\/#website\"},\"primaryImageOfPage\":{\"@id\":\"https:\\\/\\\/centrotierradetodos.es\\\/fctdt\\\/2021\\\/12\\\/13\\\/el-secretariado-de-migraciones-sigue-trabajando-por-la-integracion-socio-laboral-de-los-migrantes\\\/#primaryimage\"},\"image\":{\"@id\":\"https:\\\/\\\/centrotierradetodos.es\\\/fctdt\\\/2021\\\/12\\\/13\\\/el-secretariado-de-migraciones-sigue-trabajando-por-la-integracion-socio-laboral-de-los-migrantes\\\/#primaryimage\"},\"thumbnailUrl\":\"https:\\\/\\\/centrotierradetodos.es\\\/fctdt\\\/wp-content\\\/uploads\\\/2021\\\/12\\\/20211213_cartel_programa_sociolaboral.jpg\",\"datePublished\":\"2021-12-13T11:58:43+00:00\",\"dateModified\":\"2024-04-24T10:55:58+00:00\",\"breadcrumb\":{\"@id\":\"https:\\\/\\\/centrotierradetodos.es\\\/fctdt\\\/2021\\\/12\\\/13\\\/el-secretariado-de-migraciones-sigue-trabajando-por-la-integracion-socio-laboral-de-los-migrantes\\\/#breadcrumb\"},\"inLanguage\":\"es\",\"potentialAction\":[{\"@type\":\"ReadAction\",\"target\":[\"https:\\\/\\\/centrotierradetodos.es\\\/fctdt\\\/2021\\\/12\\\/13\\\/el-secretariado-de-migraciones-sigue-trabajando-por-la-integracion-socio-laboral-de-los-migrantes\\\/\"]}]},{\"@type\":\"ImageObject\",\"inLanguage\":\"es\",\"@id\":\"https:\\\/\\\/centrotierradetodos.es\\\/fctdt\\\/2021\\\/12\\\/13\\\/el-secretariado-de-migraciones-sigue-trabajando-por-la-integracion-socio-laboral-de-los-migrantes\\\/#primaryimage\",\"url\":\"https:\\\/\\\/centrotierradetodos.es\\\/fctdt\\\/wp-content\\\/uploads\\\/2021\\\/12\\\/20211213_cartel_programa_sociolaboral.jpg\",\"contentUrl\":\"https:\\\/\\\/centrotierradetodos.es\\\/fctdt\\\/wp-content\\\/uploads\\\/2021\\\/12\\\/20211213_cartel_programa_sociolaboral.jpg\",\"width\":1123,\"height\":1588},{\"@type\":\"BreadcrumbList\",\"@id\":\"https:\\\/\\\/centrotierradetodos.es\\\/fctdt\\\/2021\\\/12\\\/13\\\/el-secretariado-de-migraciones-sigue-trabajando-por-la-integracion-socio-laboral-de-los-migrantes\\\/#breadcrumb\",\"itemListElement\":[{\"@type\":\"ListItem\",\"position\":1,\"name\":\"Portada\",\"item\":\"https:\\\/\\\/centrotierradetodos.es\\\/fctdt\\\/\"},{\"@type\":\"ListItem\",\"position\":2,\"name\":\"El Secretariado de Migraciones sigue trabajando por la integraci\u00f3n socio laboral de los migrantes\"}]},{\"@type\":\"WebSite\",\"@id\":\"https:\\\/\\\/centrotierradetodos.es\\\/fctdt\\\/#website\",\"url\":\"https:\\\/\\\/centrotierradetodos.es\\\/fctdt\\\/\",\"name\":\"Fundaci\u00f3n Centro Tierra de Todos\",\"description\":\"La Fundaci\u00f3n Centro Tierra de Todos es una entidad sin \u00e1nimo de lucro, dedicada a la atenci\u00f3n de los j\u00f3venes, de los inmigrantes y de los barrios populares de la ciudad de C\u00e1diz, con el \u00e1nimo de promover un ambicioso proyecto que facilite la igualdad de oportunidades y la promoci\u00f3n y cualificaci\u00f3n de todas estas personas y de todo su entorno social.\",\"publisher\":{\"@id\":\"https:\\\/\\\/centrotierradetodos.es\\\/fctdt\\\/#organization\"},\"potentialAction\":[{\"@type\":\"SearchAction\",\"target\":{\"@type\":\"EntryPoint\",\"urlTemplate\":\"https:\\\/\\\/centrotierradetodos.es\\\/fctdt\\\/?s={search_term_string}\"},\"query-input\":{\"@type\":\"PropertyValueSpecification\",\"valueRequired\":true,\"valueName\":\"search_term_string\"}}],\"inLanguage\":\"es\"},{\"@type\":\"Organization\",\"@id\":\"https:\\\/\\\/centrotierradetodos.es\\\/fctdt\\\/#organization\",\"name\":\"Fundaci\u00f3n Centro Tierra de Todos\",\"url\":\"https:\\\/\\\/centrotierradetodos.es\\\/fctdt\\\/\",\"logo\":{\"@type\":\"ImageObject\",\"inLanguage\":\"es\",\"@id\":\"https:\\\/\\\/centrotierradetodos.es\\\/fctdt\\\/#\\\/schema\\\/logo\\\/image\\\/\",\"url\":\"https:\\\/\\\/centrotierradetodos.es\\\/fctdt\\\/wp-content\\\/uploads\\\/2021\\\/03\\\/cropped-logo_tierra_todos_470x210-1.jpg\",\"contentUrl\":\"https:\\\/\\\/centrotierradetodos.es\\\/fctdt\\\/wp-content\\\/uploads\\\/2021\\\/03\\\/cropped-logo_tierra_todos_470x210-1.jpg\",\"width\":470,\"height\":210,\"caption\":\"Fundaci\u00f3n Centro Tierra de Todos\"},\"image\":{\"@id\":\"https:\\\/\\\/centrotierradetodos.es\\\/fctdt\\\/#\\\/schema\\\/logo\\\/image\\\/\"},\"sameAs\":[\"https:\\\/\\\/www.facebook.com\\\/p\\\/Cardijn-Tierra-de-Todos-Migraciones-100091817239433\\\/\"]},{\"@type\":\"Person\",\"@id\":\"https:\\\/\\\/centrotierradetodos.es\\\/fctdt\\\/#\\\/schema\\\/person\\\/cd853846b72c64b38f6d135b32747e5d\",\"name\":\"Redactor\",\"image\":{\"@type\":\"ImageObject\",\"inLanguage\":\"es\",\"@id\":\"https:\\\/\\\/secure.gravatar.com\\\/avatar\\\/9a6c877da07c0489d3ee9cdb811a7569ce83c5e8d52b1d00aee39093683c6dc2?s=96&d=mm&r=g\",\"url\":\"https:\\\/\\\/secure.gravatar.com\\\/avatar\\\/9a6c877da07c0489d3ee9cdb811a7569ce83c5e8d52b1d00aee39093683c6dc2?s=96&d=mm&r=g\",\"contentUrl\":\"https:\\\/\\\/secure.gravatar.com\\\/avatar\\\/9a6c877da07c0489d3ee9cdb811a7569ce83c5e8d52b1d00aee39093683c6dc2?s=96&d=mm&r=g\",\"caption\":\"Redactor\"},\"sameAs\":[\"http:\\\/\\\/centrotierradetodos.es\\\/fctdt\"]}]}<\/script>\n<!-- \/ Yoast SEO plugin. -->","yoast_head_json":{"title":"El Secretariado de Migraciones sigue trabajando por la integraci\u00f3n socio laboral de los migrantes - Fundaci\u00f3n Centro Tierra de Todos","robots":{"index":"index","follow":"follow","max-snippet":"max-snippet:-1","max-image-preview":"max-image-preview:large","max-video-preview":"max-video-preview:-1"},"canonical":"https:\/\/centrotierradetodos.es\/fctdt\/2021\/12\/13\/el-secretariado-de-migraciones-sigue-trabajando-por-la-integracion-socio-laboral-de-los-migrantes\/","og_locale":"es_ES","og_type":"article","og_title":"El Secretariado de Migraciones sigue trabajando por la integraci\u00f3n socio laboral de los migrantes - Fundaci\u00f3n Centro Tierra de Todos","og_description":"El Secretariado Diocesano de Migraciones de la Di\u00f3cesis de C\u00e1diz y Ceuta, a trav\u00e9s de la Asociaci\u00f3n Cardijn, contin\u00faa desarrollando un a\u00f1o m\u00e1s el Programa denominado&nbsp;\u201cAcompa\u00f1amiento para la Inserci\u00f3n Socio Laboral de Personas Inmigrantes en C\u00e1diz, Ceuta y Alicante\u201d,&nbsp; subvencionado por el Ministerio de Inclusi\u00f3n, Seguridad Social y Migraciones y cofinanciado por el Fondo SocialSigue leyendo \"El Secretariado de Migraciones sigue trabajando por la integraci\u00f3n socio laboral de los migrantes\"","og_url":"https:\/\/centrotierradetodos.es\/fctdt\/2021\/12\/13\/el-secretariado-de-migraciones-sigue-trabajando-por-la-integracion-socio-laboral-de-los-migrantes\/","og_site_name":"Fundaci\u00f3n Centro Tierra de Todos","article_publisher":"https:\/\/www.facebook.com\/p\/Cardijn-Tierra-de-Todos-Migraciones-100091817239433\/","article_published_time":"2021-12-13T11:58:43+00:00","article_modified_time":"2024-04-24T10:55:58+00:00","og_image":[{"width":1123,"height":1588,"url":"https:\/\/centrotierradetodos.es\/fctdt\/wp-content\/uploads\/2021\/12\/20211213_cartel_programa_sociolaboral.jpg","type":"image\/jpeg"}],"author":"Redactor","twitter_card":"summary_large_image","twitter_misc":{"Escrito por":"Redactor","Tiempo de lectura":"2 minutos"},"schema":{"@context":"https:\/\/schema.org","@graph":[{"@type":"Article","@id":"https:\/\/centrotierradetodos.es\/fctdt\/2021\/12\/13\/el-secretariado-de-migraciones-sigue-trabajando-por-la-integracion-socio-laboral-de-los-migrantes\/#article","isPartOf":{"@id":"https:\/\/centrotierradetodos.es\/fctdt\/2021\/12\/13\/el-secretariado-de-migraciones-sigue-trabajando-por-la-integracion-socio-laboral-de-los-migrantes\/"},"author":{"name":"Redactor","@id":"https:\/\/centrotierradetodos.es\/fctdt\/#\/schema\/person\/cd853846b72c64b38f6d135b32747e5d"},"headline":"El Secretariado de Migraciones sigue trabajando por la integraci\u00f3n socio laboral de los migrantes","datePublished":"2021-12-13T11:58:43+00:00","dateModified":"2024-04-24T10:55:58+00:00","mainEntityOfPage":{"@id":"https:\/\/centrotierradetodos.es\/fctdt\/2021\/12\/13\/el-secretariado-de-migraciones-sigue-trabajando-por-la-integracion-socio-laboral-de-los-migrantes\/"},"wordCount":367,"publisher":{"@id":"https:\/\/centrotierradetodos.es\/fctdt\/#organization"},"image":{"@id":"https:\/\/centrotierradetodos.es\/fctdt\/2021\/12\/13\/el-secretariado-de-migraciones-sigue-trabajando-por-la-integracion-socio-laboral-de-los-migrantes\/#primaryimage"},"thumbnailUrl":"https:\/\/centrotierradetodos.es\/fctdt\/wp-content\/uploads\/2021\/12\/20211213_cartel_programa_sociolaboral.jpg","articleSection":["Noticias"],"inLanguage":"es"},{"@type":"WebPage","@id":"https:\/\/centrotierradetodos.es\/fctdt\/2021\/12\/13\/el-secretariado-de-migraciones-sigue-trabajando-por-la-integracion-socio-laboral-de-los-migrantes\/","url":"https:\/\/centrotierradetodos.es\/fctdt\/2021\/12\/13\/el-secretariado-de-migraciones-sigue-trabajando-por-la-integracion-socio-laboral-de-los-migrantes\/","name":"El Secretariado de Migraciones sigue trabajando por la integraci\u00f3n socio laboral de los migrantes - Fundaci\u00f3n Centro Tierra de Todos","isPartOf":{"@id":"https:\/\/centrotierradetodos.es\/fctdt\/#website"},"primaryImageOfPage":{"@id":"https:\/\/centrotierradetodos.es\/fctdt\/2021\/12\/13\/el-secretariado-de-migraciones-sigue-trabajando-por-la-integracion-socio-laboral-de-los-migrantes\/#primaryimage"},"image":{"@id":"https:\/\/centrotierradetodos.es\/fctdt\/2021\/12\/13\/el-secretariado-de-migraciones-sigue-trabajando-por-la-integracion-socio-laboral-de-los-migrantes\/#primaryimage"},"thumbnailUrl":"https:\/\/centrotierradetodos.es\/fctdt\/wp-content\/uploads\/2021\/12\/20211213_cartel_programa_sociolaboral.jpg","datePublished":"2021-12-13T11:58:43+00:00","dateModified":"2024-04-24T10:55:58+00:00","breadcrumb":{"@id":"https:\/\/centrotierradetodos.es\/fctdt\/2021\/12\/13\/el-secretariado-de-migraciones-sigue-trabajando-por-la-integracion-socio-laboral-de-los-migrantes\/#breadcrumb"},"inLanguage":"es","potentialAction":[{"@type":"ReadAction","target":["https:\/\/centrotierradetodos.es\/fctdt\/2021\/12\/13\/el-secretariado-de-migraciones-sigue-trabajando-por-la-integracion-socio-laboral-de-los-migrantes\/"]}]},{"@type":"ImageObject","inLanguage":"es","@id":"https:\/\/centrotierradetodos.es\/fctdt\/2021\/12\/13\/el-secretariado-de-migraciones-sigue-trabajando-por-la-integracion-socio-laboral-de-los-migrantes\/#primaryimage","url":"https:\/\/centrotierradetodos.es\/fctdt\/wp-content\/uploads\/2021\/12\/20211213_cartel_programa_sociolaboral.jpg","contentUrl":"https:\/\/centrotierradetodos.es\/fctdt\/wp-content\/uploads\/2021\/12\/20211213_cartel_programa_sociolaboral.jpg","width":1123,"height":1588},{"@type":"BreadcrumbList","@id":"https:\/\/centrotierradetodos.es\/fctdt\/2021\/12\/13\/el-secretariado-de-migraciones-sigue-trabajando-por-la-integracion-socio-laboral-de-los-migrantes\/#breadcrumb","itemListElement":[{"@type":"ListItem","position":1,"name":"Portada","item":"https:\/\/centrotierradetodos.es\/fctdt\/"},{"@type":"ListItem","position":2,"name":"El Secretariado de Migraciones sigue trabajando por la integraci\u00f3n socio laboral de los migrantes"}]},{"@type":"WebSite","@id":"https:\/\/centrotierradetodos.es\/fctdt\/#website","url":"https:\/\/centrotierradetodos.es\/fctdt\/","name":"Fundaci\u00f3n Centro Tierra de Todos","description":"La Fundaci\u00f3n Centro Tierra de Todos es una entidad sin \u00e1nimo de lucro, dedicada a la atenci\u00f3n de los j\u00f3venes, de los inmigrantes y de los barrios populares de la ciudad de C\u00e1diz, con el \u00e1nimo de promover un ambicioso proyecto que facilite la igualdad de oportunidades y la promoci\u00f3n y cualificaci\u00f3n de todas estas personas y de todo su entorno social.","publisher":{"@id":"https:\/\/centrotierradetodos.es\/fctdt\/#organization"},"potentialAction":[{"@type":"SearchAction","target":{"@type":"EntryPoint","urlTemplate":"https:\/\/centrotierradetodos.es\/fctdt\/?s={search_term_string}"},"query-input":{"@type":"PropertyValueSpecification","valueRequired":true,"valueName":"search_term_string"}}],"inLanguage":"es"},{"@type":"Organization","@id":"https:\/\/centrotierradetodos.es\/fctdt\/#organization","name":"Fundaci\u00f3n Centro Tierra de Todos","url":"https:\/\/centrotierradetodos.es\/fctdt\/","logo":{"@type":"ImageObject","inLanguage":"es","@id":"https:\/\/centrotierradetodos.es\/fctdt\/#\/schema\/logo\/image\/","url":"https:\/\/centrotierradetodos.es\/fctdt\/wp-content\/uploads\/2021\/03\/cropped-logo_tierra_todos_470x210-1.jpg","contentUrl":"https:\/\/centrotierradetodos.es\/fctdt\/wp-content\/uploads\/2021\/03\/cropped-logo_tierra_todos_470x210-1.jpg","width":470,"height":210,"caption":"Fundaci\u00f3n Centro Tierra de Todos"},"image":{"@id":"https:\/\/centrotierradetodos.es\/fctdt\/#\/schema\/logo\/image\/"},"sameAs":["https:\/\/www.facebook.com\/p\/Cardijn-Tierra-de-Todos-Migraciones-100091817239433\/"]},{"@type":"Person","@id":"https:\/\/centrotierradetodos.es\/fctdt\/#\/schema\/person\/cd853846b72c64b38f6d135b32747e5d","name":"Redactor","image":{"@type":"ImageObject","inLanguage":"es","@id":"https:\/\/secure.gravatar.com\/avatar\/9a6c877da07c0489d3ee9cdb811a7569ce83c5e8d52b1d00aee39093683c6dc2?s=96&d=mm&r=g","url":"https:\/\/secure.gravatar.com\/avatar\/9a6c877da07c0489d3ee9cdb811a7569ce83c5e8d52b1d00aee39093683c6dc2?s=96&d=mm&r=g","contentUrl":"https:\/\/secure.gravatar.com\/avatar\/9a6c877da07c0489d3ee9cdb811a7569ce83c5e8d52b1d00aee39093683c6dc2?s=96&d=mm&r=g","caption":"Redactor"},"sameAs":["http:\/\/centrotierradetodos.es\/fctdt"]}]}},"jetpack_featured_media_url":"https:\/\/centrotierradetodos.es\/fctdt\/wp-content\/uploads\/2021\/12\/20211213_cartel_programa_sociolaboral.jpg","jetpack_sharing_enabled":true,"_links":{"self":[{"href":"https:\/\/centrotierradetodos.es\/fctdt\/wp-json\/wp\/v2\/posts\/620","targetHints":{"allow":["GET"]}}],"collection":[{"href":"https:\/\/centrotierradetodos.es\/fctdt\/wp-json\/wp\/v2\/posts"}],"about":[{"href":"https:\/\/centrotierradetodos.es\/fctdt\/wp-json\/wp\/v2\/types\/post"}],"author":[{"embeddable":true,"href":"https:\/\/centrotierradetodos.es\/fctdt\/wp-json\/wp\/v2\/users\/1"}],"replies":[{"embeddable":true,"href":"https:\/\/centrotierradetodos.es\/fctdt\/wp-json\/wp\/v2\/comments?post=620"}],"version-history":[{"count":2,"href":"https:\/\/centrotierradetodos.es\/fctdt\/wp-json\/wp\/v2\/posts\/620\/revisions"}],"predecessor-version":[{"id":624,"href":"https:\/\/centrotierradetodos.es\/fctdt\/wp-json\/wp\/v2\/posts\/620\/revisions\/624"}],"wp:featuredmedia":[{"embeddable":true,"href":"https:\/\/centrotierradetodos.es\/fctdt\/wp-json\/wp\/v2\/media\/621"}],"wp:attachment":[{"href":"https:\/\/centrotierradetodos.es\/fctdt\/wp-json\/wp\/v2\/media?parent=620"}],"wp:term":[{"taxonomy":"category","embeddable":true,"href":"https:\/\/centrotierradetodos.es\/fctdt\/wp-json\/wp\/v2\/categories?post=620"},{"taxonomy":"post_tag","embeddable":true,"href":"https:\/\/centrotierradetodos.es\/fctdt\/wp-json\/wp\/v2\/tags?post=620"}],"curies":[{"name":"wp","href":"https:\/\/api.w.org\/{rel}","templated":true}]}}