{"id":572,"date":"2021-11-12T09:55:56","date_gmt":"2021-11-12T08:55:56","guid":{"rendered":"http:\/\/centrotierradetodos.es\/fctdt\/?p=572"},"modified":"2024-04-24T12:55:58","modified_gmt":"2024-04-24T10:55:58","slug":"fallece-el-padre-gabriel-delgado-un-referente-en-la-atencion-a-los-migrantes","status":"publish","type":"post","link":"https:\/\/centrotierradetodos.es\/fctdt\/2021\/11\/12\/fallece-el-padre-gabriel-delgado-un-referente-en-la-atencion-a-los-migrantes\/","title":{"rendered":"Fallece el Padre Gabriel Delgado, un referente en la atenci\u00f3n a los migrantes"},"content":{"rendered":"\n<p>En la ma\u00f1ana de hoy, 12 de noviembre de 2021, hemos conocido la triste noticia del fallecimiento del sacerdote diocesano, Rvdo. D. Gabriel Delgado \u00c1lvarez, a la edad de 75 a\u00f1os.<\/p>\n\n\n\n<p>Nacido en C\u00e1diz en 1946, realiz\u00f3 estudios en el Seminario de C\u00e1diz y en la Facultad de Teolog\u00eda de Salamanca, siendo ordenado sacerdote el 25 de octubre de 1975. Tras una primera etapa en la que se integra al colectivo de sacerdotes obreros, trabajando en los Astilleros de C\u00e1diz,&nbsp; fue consiliario diocesano y regional de la JOC de Andaluc\u00eda, delegado diocesano de la Pastoral Obrera y presidente de la Asociaci\u00f3n Cardijn. Continu\u00f3 su labor junto a otros muchos voluntarios bajo las iniciativas del Secretariado Diocesano de Migraciones, la Fundaci\u00f3n Centro Tierra de Todos y la Asociaci\u00f3n Cardijn. En el a\u00f1o 2001 recibi\u00f3 la medalla de Andaluc\u00eda.<\/p>\n\n\n\n<p>Promover la formaci\u00f3n integral de los j\u00f3venes y su acceso al empleo, as\u00ed como la integraci\u00f3n y la reagrupaci\u00f3n familiar de los inmigrantes, la asistencia jur\u00eddica, el conocimiento de la lengua y la cultura, el acceso a alojamientos dignos, la formaci\u00f3n o la puesta a disposici\u00f3n de Centros de d\u00eda y de acogida formaron parte de su permanente actividad.<\/p>\n\n\n\n<p>Adscrito a la Parroquia de San Ambrosio de El Palmar (Vejer de la Frontera), director del Secretariado Diocesano de Migraciones desde el a\u00f1o 1994 y director de la Fundaci\u00f3n Centro Tierra de Todos desde el 2010, hablar de Gabriel Delgado es hablar de un hombre bueno con may\u00fasculas, entregado toda su vida a los necesitados, especialmente a las personas migrantes. Persona exigente e inconformista en su labor pastoral, bien lo saben los que han trabajado codo a codo con \u00e9l durante todos estos a\u00f1os en el Secretariado de Migraciones, Fundaci\u00f3n Centro Tierra de Todos y Asociaci\u00f3n Cardijn.<\/p>\n\n\n\n<p>La tenacidad y el esfuerzo solidario del Padre Gabriel Delgado, constituye un ejemplo de generosidad y entrega que merece el reconocimiento de todos. Un ejemplo vivo del mensaje de Jes\u00fas de Nazaret. Desde su casa, la Fundaci\u00f3n Tierra de Todos, se ha dedicado a eso, a abrazar y acoger a todas las personas migrantes que han llegado a nuestra di\u00f3cesis. Comprometido con todas las causas sociales y la defensa de los derechos humanos, el Padre Gabriel nunca mir\u00f3 ni la religi\u00f3n ni el color pol\u00edtico. Mantuvo relaci\u00f3n con todo tipo de personas, creyentes, no creyentes, estrechando lazos con otras confesiones religiosas, un ejemplo tambi\u00e9n de ecumenismo y del di\u00e1logo interreligioso. Un sacerdote que evangeliz\u00f3 tanto con sus actos como con su palabra.<\/p>\n\n\n\n<p>Siguiendo al pie de la letra los cuatro verbos pronunciados por el Papa Francisco: \u201cAcoger, proteger, promover e integrar a los migrantes y refugiados\u201d, se preocup\u00f3 por desmentir todos los bulos que rodean a las personas migrantes y de quitar del vocabulario de muchos la palabra \u201cproblema\u201d cuando se refer\u00edan a las migraciones, y sustituirlo por \u201crealidad\u201d.<\/p>\n\n\n\n<p>Hoy Gabriel deja hu\u00e9rfanos a much\u00edsimos hijos de infinidad de nacionalidades, que nos consta que lloran su marcha. Hoy, Gabriel Delgado deja de acoger a los migrantes que llegan en patera para sentarse junto aquellos migrantes que no consiguieron llegar.<\/p>\n\n\n\n<p>La Fundaci\u00f3n Centro Tierra de Todos, el Centro Tartessos, as\u00ed como las delegaciones de Conil, Algeciras y Ceuta, celebrar\u00e1n una jornada de luto y permanecer\u00e1n cerradas hoy al p\u00fablico.<\/p>\n","protected":false},"excerpt":{"rendered":"<p>En la ma\u00f1ana de hoy, 12 de noviembre de 2021, hemos conocido la triste noticia del fallecimiento del sacerdote diocesano, Rvdo. D. Gabriel Delgado \u00c1lvarez, a la edad de 75 a\u00f1os. Nacido en C\u00e1diz en 1946, realiz\u00f3 estudios en el Seminario de C\u00e1diz y en la Facultad de Teolog\u00eda de Salamanca, siendo ordenado sacerdote el<a class=\"more-link\" href=\"https:\/\/centrotierradetodos.es\/fctdt\/2021\/11\/12\/fallece-el-padre-gabriel-delgado-un-referente-en-la-atencion-a-los-migrantes\/\">Sigue leyendo <span class=\"screen-reader-text\">\u00abFallece el Padre Gabriel Delgado, un referente en la atenci\u00f3n a los migrantes\u00bb<\/span><\/a><\/p>\n","protected":false},"author":1,"featured_media":573,"comment_status":"closed","ping_status":"open","sticky":false,"template":"","format":"standard","meta":{"_editorskit_title_hidden":false,"_editorskit_reading_time":0,"_editorskit_is_block_options_detached":false,"_editorskit_block_options_position":"{}","_coblocks_attr":"","_coblocks_dimensions":"","_coblocks_responsive_height":"","_coblocks_accordion_ie_support":"","_monsterinsights_skip_tracking":false,"_monsterinsights_sitenote_active":false,"_monsterinsights_sitenote_note":"","_monsterinsights_sitenote_category":0,"_jetpack_memberships_contains_paid_content":false,"footnotes":""},"categories":[12],"tags":[],"class_list":["post-572","post","type-post","status-publish","format-standard","has-post-thumbnail","hentry","category-noticias","entry"],"yoast_head":"<!-- This site is optimized with the Yoast SEO plugin v27.5 - https:\/\/yoast.com\/product\/yoast-seo-wordpress\/ -->\n<title>Fallece el Padre Gabriel Delgado, un referente en la atenci\u00f3n a los migrantes - Fundaci\u00f3n Centro Tierra de Todos<\/title>\n<meta name=\"robots\" content=\"index, follow, max-snippet:-1, max-image-preview:large, max-video-preview:-1\" \/>\n<link rel=\"canonical\" href=\"https:\/\/centrotierradetodos.es\/fctdt\/2021\/11\/12\/fallece-el-padre-gabriel-delgado-un-referente-en-la-atencion-a-los-migrantes\/\" \/>\n<meta property=\"og:locale\" content=\"es_ES\" \/>\n<meta property=\"og:type\" content=\"article\" \/>\n<meta property=\"og:title\" content=\"Fallece el Padre Gabriel Delgado, un referente en la atenci\u00f3n a los migrantes - Fundaci\u00f3n Centro Tierra de Todos\" \/>\n<meta property=\"og:description\" content=\"En la ma\u00f1ana de hoy, 12 de noviembre de 2021, hemos conocido la triste noticia del fallecimiento del sacerdote diocesano, Rvdo. D. Gabriel Delgado \u00c1lvarez, a la edad de 75 a\u00f1os. Nacido en C\u00e1diz en 1946, realiz\u00f3 estudios en el Seminario de C\u00e1diz y en la Facultad de Teolog\u00eda de Salamanca, siendo ordenado sacerdote elSigue leyendo &quot;Fallece el Padre Gabriel Delgado, un referente en la atenci\u00f3n a los migrantes&quot;\" \/>\n<meta property=\"og:url\" content=\"https:\/\/centrotierradetodos.es\/fctdt\/2021\/11\/12\/fallece-el-padre-gabriel-delgado-un-referente-en-la-atencion-a-los-migrantes\/\" \/>\n<meta property=\"og:site_name\" content=\"Fundaci\u00f3n Centro Tierra de Todos\" \/>\n<meta property=\"article:publisher\" content=\"https:\/\/www.facebook.com\/p\/Cardijn-Tierra-de-Todos-Migraciones-100091817239433\/\" \/>\n<meta property=\"article:published_time\" content=\"2021-11-12T08:55:56+00:00\" \/>\n<meta property=\"article:modified_time\" content=\"2024-04-24T10:55:58+00:00\" \/>\n<meta property=\"og:image\" content=\"https:\/\/centrotierradetodos.es\/fctdt\/wp-content\/uploads\/2021\/11\/gabriel_delgado_entrevista_encuentro_1_alta_13_03_15-scaled.jpg\" \/>\n\t<meta property=\"og:image:width\" content=\"2560\" \/>\n\t<meta property=\"og:image:height\" content=\"1539\" \/>\n\t<meta property=\"og:image:type\" content=\"image\/jpeg\" \/>\n<meta name=\"author\" content=\"Redactor\" \/>\n<meta name=\"twitter:card\" content=\"summary_large_image\" \/>\n<meta name=\"twitter:label1\" content=\"Escrito por\" \/>\n\t<meta name=\"twitter:data1\" content=\"Redactor\" \/>\n\t<meta name=\"twitter:label2\" content=\"Tiempo de lectura\" \/>\n\t<meta name=\"twitter:data2\" content=\"3 minutos\" \/>\n<script type=\"application\/ld+json\" class=\"yoast-schema-graph\">{\"@context\":\"https:\\\/\\\/schema.org\",\"@graph\":[{\"@type\":\"Article\",\"@id\":\"https:\\\/\\\/centrotierradetodos.es\\\/fctdt\\\/2021\\\/11\\\/12\\\/fallece-el-padre-gabriel-delgado-un-referente-en-la-atencion-a-los-migrantes\\\/#article\",\"isPartOf\":{\"@id\":\"https:\\\/\\\/centrotierradetodos.es\\\/fctdt\\\/2021\\\/11\\\/12\\\/fallece-el-padre-gabriel-delgado-un-referente-en-la-atencion-a-los-migrantes\\\/\"},\"author\":{\"name\":\"Redactor\",\"@id\":\"https:\\\/\\\/centrotierradetodos.es\\\/fctdt\\\/#\\\/schema\\\/person\\\/cd853846b72c64b38f6d135b32747e5d\"},\"headline\":\"Fallece el Padre Gabriel Delgado, un referente en la atenci\u00f3n a los migrantes\",\"datePublished\":\"2021-11-12T08:55:56+00:00\",\"dateModified\":\"2024-04-24T10:55:58+00:00\",\"mainEntityOfPage\":{\"@id\":\"https:\\\/\\\/centrotierradetodos.es\\\/fctdt\\\/2021\\\/11\\\/12\\\/fallece-el-padre-gabriel-delgado-un-referente-en-la-atencion-a-los-migrantes\\\/\"},\"wordCount\":588,\"publisher\":{\"@id\":\"https:\\\/\\\/centrotierradetodos.es\\\/fctdt\\\/#organization\"},\"image\":{\"@id\":\"https:\\\/\\\/centrotierradetodos.es\\\/fctdt\\\/2021\\\/11\\\/12\\\/fallece-el-padre-gabriel-delgado-un-referente-en-la-atencion-a-los-migrantes\\\/#primaryimage\"},\"thumbnailUrl\":\"https:\\\/\\\/centrotierradetodos.es\\\/fctdt\\\/wp-content\\\/uploads\\\/2021\\\/11\\\/gabriel_delgado_entrevista_encuentro_1_alta_13_03_15-scaled.jpg\",\"articleSection\":[\"Noticias\"],\"inLanguage\":\"es\"},{\"@type\":\"WebPage\",\"@id\":\"https:\\\/\\\/centrotierradetodos.es\\\/fctdt\\\/2021\\\/11\\\/12\\\/fallece-el-padre-gabriel-delgado-un-referente-en-la-atencion-a-los-migrantes\\\/\",\"url\":\"https:\\\/\\\/centrotierradetodos.es\\\/fctdt\\\/2021\\\/11\\\/12\\\/fallece-el-padre-gabriel-delgado-un-referente-en-la-atencion-a-los-migrantes\\\/\",\"name\":\"Fallece el Padre Gabriel Delgado, un referente en la atenci\u00f3n a los migrantes - Fundaci\u00f3n Centro Tierra de Todos\",\"isPartOf\":{\"@id\":\"https:\\\/\\\/centrotierradetodos.es\\\/fctdt\\\/#website\"},\"primaryImageOfPage\":{\"@id\":\"https:\\\/\\\/centrotierradetodos.es\\\/fctdt\\\/2021\\\/11\\\/12\\\/fallece-el-padre-gabriel-delgado-un-referente-en-la-atencion-a-los-migrantes\\\/#primaryimage\"},\"image\":{\"@id\":\"https:\\\/\\\/centrotierradetodos.es\\\/fctdt\\\/2021\\\/11\\\/12\\\/fallece-el-padre-gabriel-delgado-un-referente-en-la-atencion-a-los-migrantes\\\/#primaryimage\"},\"thumbnailUrl\":\"https:\\\/\\\/centrotierradetodos.es\\\/fctdt\\\/wp-content\\\/uploads\\\/2021\\\/11\\\/gabriel_delgado_entrevista_encuentro_1_alta_13_03_15-scaled.jpg\",\"datePublished\":\"2021-11-12T08:55:56+00:00\",\"dateModified\":\"2024-04-24T10:55:58+00:00\",\"breadcrumb\":{\"@id\":\"https:\\\/\\\/centrotierradetodos.es\\\/fctdt\\\/2021\\\/11\\\/12\\\/fallece-el-padre-gabriel-delgado-un-referente-en-la-atencion-a-los-migrantes\\\/#breadcrumb\"},\"inLanguage\":\"es\",\"potentialAction\":[{\"@type\":\"ReadAction\",\"target\":[\"https:\\\/\\\/centrotierradetodos.es\\\/fctdt\\\/2021\\\/11\\\/12\\\/fallece-el-padre-gabriel-delgado-un-referente-en-la-atencion-a-los-migrantes\\\/\"]}]},{\"@type\":\"ImageObject\",\"inLanguage\":\"es\",\"@id\":\"https:\\\/\\\/centrotierradetodos.es\\\/fctdt\\\/2021\\\/11\\\/12\\\/fallece-el-padre-gabriel-delgado-un-referente-en-la-atencion-a-los-migrantes\\\/#primaryimage\",\"url\":\"https:\\\/\\\/centrotierradetodos.es\\\/fctdt\\\/wp-content\\\/uploads\\\/2021\\\/11\\\/gabriel_delgado_entrevista_encuentro_1_alta_13_03_15-scaled.jpg\",\"contentUrl\":\"https:\\\/\\\/centrotierradetodos.es\\\/fctdt\\\/wp-content\\\/uploads\\\/2021\\\/11\\\/gabriel_delgado_entrevista_encuentro_1_alta_13_03_15-scaled.jpg\",\"width\":2560,\"height\":1539},{\"@type\":\"BreadcrumbList\",\"@id\":\"https:\\\/\\\/centrotierradetodos.es\\\/fctdt\\\/2021\\\/11\\\/12\\\/fallece-el-padre-gabriel-delgado-un-referente-en-la-atencion-a-los-migrantes\\\/#breadcrumb\",\"itemListElement\":[{\"@type\":\"ListItem\",\"position\":1,\"name\":\"Portada\",\"item\":\"https:\\\/\\\/centrotierradetodos.es\\\/fctdt\\\/\"},{\"@type\":\"ListItem\",\"position\":2,\"name\":\"Fallece el Padre Gabriel Delgado, un referente en la atenci\u00f3n a los migrantes\"}]},{\"@type\":\"WebSite\",\"@id\":\"https:\\\/\\\/centrotierradetodos.es\\\/fctdt\\\/#website\",\"url\":\"https:\\\/\\\/centrotierradetodos.es\\\/fctdt\\\/\",\"name\":\"Fundaci\u00f3n Centro Tierra de Todos\",\"description\":\"La Fundaci\u00f3n Centro Tierra de Todos es una entidad sin \u00e1nimo de lucro, dedicada a la atenci\u00f3n de los j\u00f3venes, de los inmigrantes y de los barrios populares de la ciudad de C\u00e1diz, con el \u00e1nimo de promover un ambicioso proyecto que facilite la igualdad de oportunidades y la promoci\u00f3n y cualificaci\u00f3n de todas estas personas y de todo su entorno social.\",\"publisher\":{\"@id\":\"https:\\\/\\\/centrotierradetodos.es\\\/fctdt\\\/#organization\"},\"potentialAction\":[{\"@type\":\"SearchAction\",\"target\":{\"@type\":\"EntryPoint\",\"urlTemplate\":\"https:\\\/\\\/centrotierradetodos.es\\\/fctdt\\\/?s={search_term_string}\"},\"query-input\":{\"@type\":\"PropertyValueSpecification\",\"valueRequired\":true,\"valueName\":\"search_term_string\"}}],\"inLanguage\":\"es\"},{\"@type\":\"Organization\",\"@id\":\"https:\\\/\\\/centrotierradetodos.es\\\/fctdt\\\/#organization\",\"name\":\"Fundaci\u00f3n Centro Tierra de Todos\",\"url\":\"https:\\\/\\\/centrotierradetodos.es\\\/fctdt\\\/\",\"logo\":{\"@type\":\"ImageObject\",\"inLanguage\":\"es\",\"@id\":\"https:\\\/\\\/centrotierradetodos.es\\\/fctdt\\\/#\\\/schema\\\/logo\\\/image\\\/\",\"url\":\"https:\\\/\\\/centrotierradetodos.es\\\/fctdt\\\/wp-content\\\/uploads\\\/2021\\\/03\\\/cropped-logo_tierra_todos_470x210-1.jpg\",\"contentUrl\":\"https:\\\/\\\/centrotierradetodos.es\\\/fctdt\\\/wp-content\\\/uploads\\\/2021\\\/03\\\/cropped-logo_tierra_todos_470x210-1.jpg\",\"width\":470,\"height\":210,\"caption\":\"Fundaci\u00f3n Centro Tierra de Todos\"},\"image\":{\"@id\":\"https:\\\/\\\/centrotierradetodos.es\\\/fctdt\\\/#\\\/schema\\\/logo\\\/image\\\/\"},\"sameAs\":[\"https:\\\/\\\/www.facebook.com\\\/p\\\/Cardijn-Tierra-de-Todos-Migraciones-100091817239433\\\/\"]},{\"@type\":\"Person\",\"@id\":\"https:\\\/\\\/centrotierradetodos.es\\\/fctdt\\\/#\\\/schema\\\/person\\\/cd853846b72c64b38f6d135b32747e5d\",\"name\":\"Redactor\",\"image\":{\"@type\":\"ImageObject\",\"inLanguage\":\"es\",\"@id\":\"https:\\\/\\\/secure.gravatar.com\\\/avatar\\\/9a6c877da07c0489d3ee9cdb811a7569ce83c5e8d52b1d00aee39093683c6dc2?s=96&d=mm&r=g\",\"url\":\"https:\\\/\\\/secure.gravatar.com\\\/avatar\\\/9a6c877da07c0489d3ee9cdb811a7569ce83c5e8d52b1d00aee39093683c6dc2?s=96&d=mm&r=g\",\"contentUrl\":\"https:\\\/\\\/secure.gravatar.com\\\/avatar\\\/9a6c877da07c0489d3ee9cdb811a7569ce83c5e8d52b1d00aee39093683c6dc2?s=96&d=mm&r=g\",\"caption\":\"Redactor\"},\"sameAs\":[\"http:\\\/\\\/centrotierradetodos.es\\\/fctdt\"]}]}<\/script>\n<!-- \/ Yoast SEO plugin. -->","yoast_head_json":{"title":"Fallece el Padre Gabriel Delgado, un referente en la atenci\u00f3n a los migrantes - Fundaci\u00f3n Centro Tierra de Todos","robots":{"index":"index","follow":"follow","max-snippet":"max-snippet:-1","max-image-preview":"max-image-preview:large","max-video-preview":"max-video-preview:-1"},"canonical":"https:\/\/centrotierradetodos.es\/fctdt\/2021\/11\/12\/fallece-el-padre-gabriel-delgado-un-referente-en-la-atencion-a-los-migrantes\/","og_locale":"es_ES","og_type":"article","og_title":"Fallece el Padre Gabriel Delgado, un referente en la atenci\u00f3n a los migrantes - Fundaci\u00f3n Centro Tierra de Todos","og_description":"En la ma\u00f1ana de hoy, 12 de noviembre de 2021, hemos conocido la triste noticia del fallecimiento del sacerdote diocesano, Rvdo. D. Gabriel Delgado \u00c1lvarez, a la edad de 75 a\u00f1os. Nacido en C\u00e1diz en 1946, realiz\u00f3 estudios en el Seminario de C\u00e1diz y en la Facultad de Teolog\u00eda de Salamanca, siendo ordenado sacerdote elSigue leyendo \"Fallece el Padre Gabriel Delgado, un referente en la atenci\u00f3n a los migrantes\"","og_url":"https:\/\/centrotierradetodos.es\/fctdt\/2021\/11\/12\/fallece-el-padre-gabriel-delgado-un-referente-en-la-atencion-a-los-migrantes\/","og_site_name":"Fundaci\u00f3n Centro Tierra de Todos","article_publisher":"https:\/\/www.facebook.com\/p\/Cardijn-Tierra-de-Todos-Migraciones-100091817239433\/","article_published_time":"2021-11-12T08:55:56+00:00","article_modified_time":"2024-04-24T10:55:58+00:00","og_image":[{"width":2560,"height":1539,"url":"https:\/\/centrotierradetodos.es\/fctdt\/wp-content\/uploads\/2021\/11\/gabriel_delgado_entrevista_encuentro_1_alta_13_03_15-scaled.jpg","type":"image\/jpeg"}],"author":"Redactor","twitter_card":"summary_large_image","twitter_misc":{"Escrito por":"Redactor","Tiempo de lectura":"3 minutos"},"schema":{"@context":"https:\/\/schema.org","@graph":[{"@type":"Article","@id":"https:\/\/centrotierradetodos.es\/fctdt\/2021\/11\/12\/fallece-el-padre-gabriel-delgado-un-referente-en-la-atencion-a-los-migrantes\/#article","isPartOf":{"@id":"https:\/\/centrotierradetodos.es\/fctdt\/2021\/11\/12\/fallece-el-padre-gabriel-delgado-un-referente-en-la-atencion-a-los-migrantes\/"},"author":{"name":"Redactor","@id":"https:\/\/centrotierradetodos.es\/fctdt\/#\/schema\/person\/cd853846b72c64b38f6d135b32747e5d"},"headline":"Fallece el Padre Gabriel Delgado, un referente en la atenci\u00f3n a los migrantes","datePublished":"2021-11-12T08:55:56+00:00","dateModified":"2024-04-24T10:55:58+00:00","mainEntityOfPage":{"@id":"https:\/\/centrotierradetodos.es\/fctdt\/2021\/11\/12\/fallece-el-padre-gabriel-delgado-un-referente-en-la-atencion-a-los-migrantes\/"},"wordCount":588,"publisher":{"@id":"https:\/\/centrotierradetodos.es\/fctdt\/#organization"},"image":{"@id":"https:\/\/centrotierradetodos.es\/fctdt\/2021\/11\/12\/fallece-el-padre-gabriel-delgado-un-referente-en-la-atencion-a-los-migrantes\/#primaryimage"},"thumbnailUrl":"https:\/\/centrotierradetodos.es\/fctdt\/wp-content\/uploads\/2021\/11\/gabriel_delgado_entrevista_encuentro_1_alta_13_03_15-scaled.jpg","articleSection":["Noticias"],"inLanguage":"es"},{"@type":"WebPage","@id":"https:\/\/centrotierradetodos.es\/fctdt\/2021\/11\/12\/fallece-el-padre-gabriel-delgado-un-referente-en-la-atencion-a-los-migrantes\/","url":"https:\/\/centrotierradetodos.es\/fctdt\/2021\/11\/12\/fallece-el-padre-gabriel-delgado-un-referente-en-la-atencion-a-los-migrantes\/","name":"Fallece el Padre Gabriel Delgado, un referente en la atenci\u00f3n a los migrantes - Fundaci\u00f3n Centro Tierra de Todos","isPartOf":{"@id":"https:\/\/centrotierradetodos.es\/fctdt\/#website"},"primaryImageOfPage":{"@id":"https:\/\/centrotierradetodos.es\/fctdt\/2021\/11\/12\/fallece-el-padre-gabriel-delgado-un-referente-en-la-atencion-a-los-migrantes\/#primaryimage"},"image":{"@id":"https:\/\/centrotierradetodos.es\/fctdt\/2021\/11\/12\/fallece-el-padre-gabriel-delgado-un-referente-en-la-atencion-a-los-migrantes\/#primaryimage"},"thumbnailUrl":"https:\/\/centrotierradetodos.es\/fctdt\/wp-content\/uploads\/2021\/11\/gabriel_delgado_entrevista_encuentro_1_alta_13_03_15-scaled.jpg","datePublished":"2021-11-12T08:55:56+00:00","dateModified":"2024-04-24T10:55:58+00:00","breadcrumb":{"@id":"https:\/\/centrotierradetodos.es\/fctdt\/2021\/11\/12\/fallece-el-padre-gabriel-delgado-un-referente-en-la-atencion-a-los-migrantes\/#breadcrumb"},"inLanguage":"es","potentialAction":[{"@type":"ReadAction","target":["https:\/\/centrotierradetodos.es\/fctdt\/2021\/11\/12\/fallece-el-padre-gabriel-delgado-un-referente-en-la-atencion-a-los-migrantes\/"]}]},{"@type":"ImageObject","inLanguage":"es","@id":"https:\/\/centrotierradetodos.es\/fctdt\/2021\/11\/12\/fallece-el-padre-gabriel-delgado-un-referente-en-la-atencion-a-los-migrantes\/#primaryimage","url":"https:\/\/centrotierradetodos.es\/fctdt\/wp-content\/uploads\/2021\/11\/gabriel_delgado_entrevista_encuentro_1_alta_13_03_15-scaled.jpg","contentUrl":"https:\/\/centrotierradetodos.es\/fctdt\/wp-content\/uploads\/2021\/11\/gabriel_delgado_entrevista_encuentro_1_alta_13_03_15-scaled.jpg","width":2560,"height":1539},{"@type":"BreadcrumbList","@id":"https:\/\/centrotierradetodos.es\/fctdt\/2021\/11\/12\/fallece-el-padre-gabriel-delgado-un-referente-en-la-atencion-a-los-migrantes\/#breadcrumb","itemListElement":[{"@type":"ListItem","position":1,"name":"Portada","item":"https:\/\/centrotierradetodos.es\/fctdt\/"},{"@type":"ListItem","position":2,"name":"Fallece el Padre Gabriel Delgado, un referente en la atenci\u00f3n a los migrantes"}]},{"@type":"WebSite","@id":"https:\/\/centrotierradetodos.es\/fctdt\/#website","url":"https:\/\/centrotierradetodos.es\/fctdt\/","name":"Fundaci\u00f3n Centro Tierra de Todos","description":"La Fundaci\u00f3n Centro Tierra de Todos es una entidad sin \u00e1nimo de lucro, dedicada a la atenci\u00f3n de los j\u00f3venes, de los inmigrantes y de los barrios populares de la ciudad de C\u00e1diz, con el \u00e1nimo de promover un ambicioso proyecto que facilite la igualdad de oportunidades y la promoci\u00f3n y cualificaci\u00f3n de todas estas personas y de todo su entorno social.","publisher":{"@id":"https:\/\/centrotierradetodos.es\/fctdt\/#organization"},"potentialAction":[{"@type":"SearchAction","target":{"@type":"EntryPoint","urlTemplate":"https:\/\/centrotierradetodos.es\/fctdt\/?s={search_term_string}"},"query-input":{"@type":"PropertyValueSpecification","valueRequired":true,"valueName":"search_term_string"}}],"inLanguage":"es"},{"@type":"Organization","@id":"https:\/\/centrotierradetodos.es\/fctdt\/#organization","name":"Fundaci\u00f3n Centro Tierra de Todos","url":"https:\/\/centrotierradetodos.es\/fctdt\/","logo":{"@type":"ImageObject","inLanguage":"es","@id":"https:\/\/centrotierradetodos.es\/fctdt\/#\/schema\/logo\/image\/","url":"https:\/\/centrotierradetodos.es\/fctdt\/wp-content\/uploads\/2021\/03\/cropped-logo_tierra_todos_470x210-1.jpg","contentUrl":"https:\/\/centrotierradetodos.es\/fctdt\/wp-content\/uploads\/2021\/03\/cropped-logo_tierra_todos_470x210-1.jpg","width":470,"height":210,"caption":"Fundaci\u00f3n Centro Tierra de Todos"},"image":{"@id":"https:\/\/centrotierradetodos.es\/fctdt\/#\/schema\/logo\/image\/"},"sameAs":["https:\/\/www.facebook.com\/p\/Cardijn-Tierra-de-Todos-Migraciones-100091817239433\/"]},{"@type":"Person","@id":"https:\/\/centrotierradetodos.es\/fctdt\/#\/schema\/person\/cd853846b72c64b38f6d135b32747e5d","name":"Redactor","image":{"@type":"ImageObject","inLanguage":"es","@id":"https:\/\/secure.gravatar.com\/avatar\/9a6c877da07c0489d3ee9cdb811a7569ce83c5e8d52b1d00aee39093683c6dc2?s=96&d=mm&r=g","url":"https:\/\/secure.gravatar.com\/avatar\/9a6c877da07c0489d3ee9cdb811a7569ce83c5e8d52b1d00aee39093683c6dc2?s=96&d=mm&r=g","contentUrl":"https:\/\/secure.gravatar.com\/avatar\/9a6c877da07c0489d3ee9cdb811a7569ce83c5e8d52b1d00aee39093683c6dc2?s=96&d=mm&r=g","caption":"Redactor"},"sameAs":["http:\/\/centrotierradetodos.es\/fctdt"]}]}},"jetpack_featured_media_url":"https:\/\/centrotierradetodos.es\/fctdt\/wp-content\/uploads\/2021\/11\/gabriel_delgado_entrevista_encuentro_1_alta_13_03_15-scaled.jpg","jetpack_sharing_enabled":true,"_links":{"self":[{"href":"https:\/\/centrotierradetodos.es\/fctdt\/wp-json\/wp\/v2\/posts\/572","targetHints":{"allow":["GET"]}}],"collection":[{"href":"https:\/\/centrotierradetodos.es\/fctdt\/wp-json\/wp\/v2\/posts"}],"about":[{"href":"https:\/\/centrotierradetodos.es\/fctdt\/wp-json\/wp\/v2\/types\/post"}],"author":[{"embeddable":true,"href":"https:\/\/centrotierradetodos.es\/fctdt\/wp-json\/wp\/v2\/users\/1"}],"replies":[{"embeddable":true,"href":"https:\/\/centrotierradetodos.es\/fctdt\/wp-json\/wp\/v2\/comments?post=572"}],"version-history":[{"count":1,"href":"https:\/\/centrotierradetodos.es\/fctdt\/wp-json\/wp\/v2\/posts\/572\/revisions"}],"predecessor-version":[{"id":574,"href":"https:\/\/centrotierradetodos.es\/fctdt\/wp-json\/wp\/v2\/posts\/572\/revisions\/574"}],"wp:featuredmedia":[{"embeddable":true,"href":"https:\/\/centrotierradetodos.es\/fctdt\/wp-json\/wp\/v2\/media\/573"}],"wp:attachment":[{"href":"https:\/\/centrotierradetodos.es\/fctdt\/wp-json\/wp\/v2\/media?parent=572"}],"wp:term":[{"taxonomy":"category","embeddable":true,"href":"https:\/\/centrotierradetodos.es\/fctdt\/wp-json\/wp\/v2\/categories?post=572"},{"taxonomy":"post_tag","embeddable":true,"href":"https:\/\/centrotierradetodos.es\/fctdt\/wp-json\/wp\/v2\/tags?post=572"}],"curies":[{"name":"wp","href":"https:\/\/api.w.org\/{rel}","templated":true}]}}