{"id":520,"date":"2021-10-22T08:05:41","date_gmt":"2021-10-22T06:05:41","guid":{"rendered":"http:\/\/centrotierradetodos.es\/fctdt\/?p=520"},"modified":"2024-04-24T12:55:58","modified_gmt":"2024-04-24T10:55:58","slug":"mas-de-200-personas-rezan-en-la-playa-del-carmen-por-los-migrantes-fallecidos-frente-a-la-costa-de-barbate","status":"publish","type":"post","link":"https:\/\/centrotierradetodos.es\/fctdt\/2021\/10\/22\/mas-de-200-personas-rezan-en-la-playa-del-carmen-por-los-migrantes-fallecidos-frente-a-la-costa-de-barbate\/","title":{"rendered":"M\u00e1s de 200 personas rezan en la Playa del Carmen por los migrantes fallecidos frente a la costa de Barbate"},"content":{"rendered":"\n<p>En el centro una alfombra con libros del Cor\u00e1n y de la Biblia, veinticinco velas y veinticinco claveles blancos en memoria de los fallecidos en uno de los m\u00e1s graves dramas humanos de la inmigraci\u00f3n ocurridos en las costas del litoral gaditano, concretamente a treinta millas de la costa de Barbate.<\/p>\n\n\n\n<p>La Playa del Carmen de la localidad barbate\u00f1a acogi\u00f3, en forma de vigilia de oraci\u00f3n, el profundo dolor y la honda preocupaci\u00f3n por este nuevo drama migratorio que ha costado la vida a m\u00e1s de veinte inmigrantes que se dirig\u00edan a las costas de la provincia de C\u00e1diz en una patera.<\/p>\n\n\n\n<p>El rezo comunitario estuvo presidido por el obispo de la Di\u00f3cesis de C\u00e1diz y Ceuta, Mons. Rafael Zornoza, que estuvo acompa\u00f1ado por los padres Scalabrinianos, Livio Pegoraro, coordinador del Secretariado Diocesano de Migraciones en el Campo de Gibraltar y Ceuta, y Sante Zanetti p\u00e1rroco de Nuestra Se\u00f1ora del Carmen de Algeciras; el p\u00e1rroco de San Paulino de Barbate, Jos\u00e9 Mar\u00eda Quintana; y el representante de la comunidad musulmana de Jerez de la Frontera, Ibrahim.<\/p>\n\n\n\n<p>El acto comenz\u00f3 con unas palabras del Sr. Obispo, quien asegur\u00f3 que \u201cante la muerte de estos m\u00e1s de veinte migrantes sentimos un profundo dolor y, al mismo tiempo, una gran impotencia, rebeld\u00eda interior y una gran preocupaci\u00f3n. Se nos llena el coraz\u00f3n con cada rescate, ante tantas muertes y no nos acostumbramos por frecuente que sean. Una vez m\u00e1s sentimos verg\u00fcenza cuando padecemos estos grav\u00edsimos dramas de la inmigraci\u00f3n que ocurren en nuestro litoral gaditano, tan cerca de nosotros\u201d.<\/p>\n\n\n\n<p>El obispo diocesano denunci\u00f3 esta situaci\u00f3n insostenible e inst\u00f3 a los Gobiernos de todas las naciones para que acaben con esta situaci\u00f3n. \u201cElevamos nuestra mirada y el coraz\u00f3n a Dios, pidiendo su ayuda y buscando respuestas. Con nuestra presencia en esta vigilia de oraci\u00f3n denunciamos la muerte de estas personas inocentes y las causas que las originan. Oramos aqu\u00ed hoy por nosotros, por el mundo y por los Gobiernos de las naciones de todos los pa\u00edses afectados en estos graves sucesos, generados por una inmigraci\u00f3n que vive una situaci\u00f3n desesperada. Para que se aborden las pol\u00edticas y los medios necesarios para evitar que se repitan estas tragedias\u201d.<\/p>\n\n\n\n<p>Posteriormente, Carlos Carvajal, agente de la Pastoral de Migraciones, ley\u00f3 un manifiesto en el que se denunciaron las continuas muertes de migrantes en el mar. \u201cSiguen las muertes y sigue la \u2018globalizaci\u00f3n de la indiferencia\u2019. A\u00f1o tras otro, desde la impotencia y la rebeld\u00eda interior, se nos sigue helando el coraz\u00f3n con cada rescate o desaparici\u00f3n de un inmigrante fallecido. Sucede todos los a\u00f1os. Unas veces en esta orilla y otras en la de enfrente. Los cad\u00e1veres ya forman parte de este paisaje. A veces, nos toca enterrar a los muertos con la mayor dignidad posible. Otras veces, el mar se los traga y s\u00f3lo el cielo y las estrellas acompa\u00f1an a estos muertos\u201d.<\/p>\n\n\n\n<p>A trav\u00e9s de cantos y momentos de silencio y oraci\u00f3n se quiso hacer llegar hasta la otra orilla el sentimiento de dolor, de solidaridad y afecto, al tiempo que el deseo de que este paso fronterizo en las aguas que separan las dos orillas dejen de ser espacios de dolor, sufrimiento, dramas y muertes, y se conviertan en lugares de encuentro, amistad e intercambio entre los pueblos de los dos continentes.<\/p>\n\n\n\n<p>As\u00ed, tras la lectura del Salmo 22, <em>El Se\u00f1or es mi pastor<\/em>, y el Evangelio Mateo 5: 1-16, vino el momento de la oraci\u00f3n del Padre nuestro y el Al-Fatiha musulm\u00e1n. A continuaci\u00f3n, migrantes acogidos en el Centro Tartessos de C\u00e1diz y la Fundaci\u00f3n Prolibertas de Algeciras, al son del Aleluya, protagonizaron el acto simb\u00f3lico, lanzando los veinticinco claveles blancos al mar, en se\u00f1al de duelo por los fallecidos.<\/p>\n\n\n\n<p>La vigilia finaliz\u00f3 con la oraci\u00f3n a la Virgen Mar\u00eda que el papa Francisco rez\u00f3 en la tragedia de Lampedusa, y una oraci\u00f3n por los difuntos.<\/p>\n\n\n\n<figure class=\"wp-block-gallery columns-3 is-cropped wp-block-gallery-1 is-layout-flex wp-block-gallery-is-layout-flex\"><ul class=\"blocks-gallery-grid\"><li class=\"blocks-gallery-item\"><figure><img loading=\"eager\" decoding=\"async\" width=\"1024\" height=\"683\" src=\"http:\/\/centrotierradetodos.es\/fctdt\/wp-content\/uploads\/2021\/10\/20211021_vigilia_migrantes_barbate_web_455-1024x683.jpg\" alt=\"\" data-id=\"521\" data-full-url=\"http:\/\/centrotierradetodos.es\/fctdt\/wp-content\/uploads\/2021\/10\/20211021_vigilia_migrantes_barbate_web_455.jpg\" data-link=\"http:\/\/centrotierradetodos.es\/fctdt\/?attachment_id=521\" class=\"wp-image-521\" srcset=\"https:\/\/centrotierradetodos.es\/fctdt\/wp-content\/uploads\/2021\/10\/20211021_vigilia_migrantes_barbate_web_455-1024x683.jpg 1024w, https:\/\/centrotierradetodos.es\/fctdt\/wp-content\/uploads\/2021\/10\/20211021_vigilia_migrantes_barbate_web_455-300x200.jpg 300w, https:\/\/centrotierradetodos.es\/fctdt\/wp-content\/uploads\/2021\/10\/20211021_vigilia_migrantes_barbate_web_455-768x512.jpg 768w, https:\/\/centrotierradetodos.es\/fctdt\/wp-content\/uploads\/2021\/10\/20211021_vigilia_migrantes_barbate_web_455-1536x1024.jpg 1536w, https:\/\/centrotierradetodos.es\/fctdt\/wp-content\/uploads\/2021\/10\/20211021_vigilia_migrantes_barbate_web_455-1200x800.jpg 1200w, https:\/\/centrotierradetodos.es\/fctdt\/wp-content\/uploads\/2021\/10\/20211021_vigilia_migrantes_barbate_web_455-1568x1046.jpg 1568w, https:\/\/centrotierradetodos.es\/fctdt\/wp-content\/uploads\/2021\/10\/20211021_vigilia_migrantes_barbate_web_455.jpg 1600w\" sizes=\"(max-width: 1024px) 100vw, 1024px\" \/><\/figure><\/li><li class=\"blocks-gallery-item\"><figure><img loading=\"lazy\" decoding=\"async\" width=\"1024\" height=\"683\" src=\"http:\/\/centrotierradetodos.es\/fctdt\/wp-content\/uploads\/2021\/10\/20211021_vigilia_migrantes_barbate_web_456-1024x683.jpg\" alt=\"\" data-id=\"522\" data-full-url=\"http:\/\/centrotierradetodos.es\/fctdt\/wp-content\/uploads\/2021\/10\/20211021_vigilia_migrantes_barbate_web_456.jpg\" data-link=\"http:\/\/centrotierradetodos.es\/fctdt\/?attachment_id=522\" class=\"wp-image-522\" srcset=\"https:\/\/centrotierradetodos.es\/fctdt\/wp-content\/uploads\/2021\/10\/20211021_vigilia_migrantes_barbate_web_456-1024x683.jpg 1024w, https:\/\/centrotierradetodos.es\/fctdt\/wp-content\/uploads\/2021\/10\/20211021_vigilia_migrantes_barbate_web_456-300x200.jpg 300w, https:\/\/centrotierradetodos.es\/fctdt\/wp-content\/uploads\/2021\/10\/20211021_vigilia_migrantes_barbate_web_456-768x512.jpg 768w, https:\/\/centrotierradetodos.es\/fctdt\/wp-content\/uploads\/2021\/10\/20211021_vigilia_migrantes_barbate_web_456-1536x1024.jpg 1536w, https:\/\/centrotierradetodos.es\/fctdt\/wp-content\/uploads\/2021\/10\/20211021_vigilia_migrantes_barbate_web_456-1200x800.jpg 1200w, https:\/\/centrotierradetodos.es\/fctdt\/wp-content\/uploads\/2021\/10\/20211021_vigilia_migrantes_barbate_web_456-1568x1046.jpg 1568w, https:\/\/centrotierradetodos.es\/fctdt\/wp-content\/uploads\/2021\/10\/20211021_vigilia_migrantes_barbate_web_456.jpg 1600w\" sizes=\"auto, (max-width: 1024px) 100vw, 1024px\" \/><\/figure><\/li><li class=\"blocks-gallery-item\"><figure><img loading=\"lazy\" decoding=\"async\" width=\"1024\" height=\"683\" src=\"http:\/\/centrotierradetodos.es\/fctdt\/wp-content\/uploads\/2021\/10\/20211021_vigilia_migrantes_barbate_web_457-1024x683.jpg\" alt=\"\" data-id=\"523\" data-full-url=\"http:\/\/centrotierradetodos.es\/fctdt\/wp-content\/uploads\/2021\/10\/20211021_vigilia_migrantes_barbate_web_457.jpg\" data-link=\"http:\/\/centrotierradetodos.es\/fctdt\/?attachment_id=523\" class=\"wp-image-523\" srcset=\"https:\/\/centrotierradetodos.es\/fctdt\/wp-content\/uploads\/2021\/10\/20211021_vigilia_migrantes_barbate_web_457-1024x683.jpg 1024w, https:\/\/centrotierradetodos.es\/fctdt\/wp-content\/uploads\/2021\/10\/20211021_vigilia_migrantes_barbate_web_457-300x200.jpg 300w, https:\/\/centrotierradetodos.es\/fctdt\/wp-content\/uploads\/2021\/10\/20211021_vigilia_migrantes_barbate_web_457-768x512.jpg 768w, https:\/\/centrotierradetodos.es\/fctdt\/wp-content\/uploads\/2021\/10\/20211021_vigilia_migrantes_barbate_web_457-1536x1024.jpg 1536w, https:\/\/centrotierradetodos.es\/fctdt\/wp-content\/uploads\/2021\/10\/20211021_vigilia_migrantes_barbate_web_457-1200x800.jpg 1200w, https:\/\/centrotierradetodos.es\/fctdt\/wp-content\/uploads\/2021\/10\/20211021_vigilia_migrantes_barbate_web_457-1568x1046.jpg 1568w, https:\/\/centrotierradetodos.es\/fctdt\/wp-content\/uploads\/2021\/10\/20211021_vigilia_migrantes_barbate_web_457.jpg 1600w\" sizes=\"auto, (max-width: 1024px) 100vw, 1024px\" \/><\/figure><\/li><li class=\"blocks-gallery-item\"><figure><img loading=\"lazy\" decoding=\"async\" width=\"1024\" height=\"683\" src=\"http:\/\/centrotierradetodos.es\/fctdt\/wp-content\/uploads\/2021\/10\/20211021_vigilia_migrantes_barbate_web_458-1024x683.jpg\" alt=\"\" data-id=\"524\" data-full-url=\"http:\/\/centrotierradetodos.es\/fctdt\/wp-content\/uploads\/2021\/10\/20211021_vigilia_migrantes_barbate_web_458.jpg\" data-link=\"http:\/\/centrotierradetodos.es\/fctdt\/?attachment_id=524\" class=\"wp-image-524\" srcset=\"https:\/\/centrotierradetodos.es\/fctdt\/wp-content\/uploads\/2021\/10\/20211021_vigilia_migrantes_barbate_web_458-1024x683.jpg 1024w, https:\/\/centrotierradetodos.es\/fctdt\/wp-content\/uploads\/2021\/10\/20211021_vigilia_migrantes_barbate_web_458-300x200.jpg 300w, https:\/\/centrotierradetodos.es\/fctdt\/wp-content\/uploads\/2021\/10\/20211021_vigilia_migrantes_barbate_web_458-768x512.jpg 768w, https:\/\/centrotierradetodos.es\/fctdt\/wp-content\/uploads\/2021\/10\/20211021_vigilia_migrantes_barbate_web_458-1536x1024.jpg 1536w, https:\/\/centrotierradetodos.es\/fctdt\/wp-content\/uploads\/2021\/10\/20211021_vigilia_migrantes_barbate_web_458-1200x800.jpg 1200w, https:\/\/centrotierradetodos.es\/fctdt\/wp-content\/uploads\/2021\/10\/20211021_vigilia_migrantes_barbate_web_458-1568x1046.jpg 1568w, https:\/\/centrotierradetodos.es\/fctdt\/wp-content\/uploads\/2021\/10\/20211021_vigilia_migrantes_barbate_web_458.jpg 1600w\" sizes=\"auto, (max-width: 1024px) 100vw, 1024px\" \/><\/figure><\/li><li class=\"blocks-gallery-item\"><figure><img loading=\"lazy\" decoding=\"async\" width=\"1024\" height=\"683\" src=\"http:\/\/centrotierradetodos.es\/fctdt\/wp-content\/uploads\/2021\/10\/20211021_vigilia_migrantes_barbate_web_459-1024x683.jpg\" alt=\"\" data-id=\"525\" data-full-url=\"http:\/\/centrotierradetodos.es\/fctdt\/wp-content\/uploads\/2021\/10\/20211021_vigilia_migrantes_barbate_web_459.jpg\" data-link=\"http:\/\/centrotierradetodos.es\/fctdt\/?attachment_id=525\" class=\"wp-image-525\" srcset=\"https:\/\/centrotierradetodos.es\/fctdt\/wp-content\/uploads\/2021\/10\/20211021_vigilia_migrantes_barbate_web_459-1024x683.jpg 1024w, https:\/\/centrotierradetodos.es\/fctdt\/wp-content\/uploads\/2021\/10\/20211021_vigilia_migrantes_barbate_web_459-300x200.jpg 300w, https:\/\/centrotierradetodos.es\/fctdt\/wp-content\/uploads\/2021\/10\/20211021_vigilia_migrantes_barbate_web_459-768x512.jpg 768w, https:\/\/centrotierradetodos.es\/fctdt\/wp-content\/uploads\/2021\/10\/20211021_vigilia_migrantes_barbate_web_459-1536x1024.jpg 1536w, https:\/\/centrotierradetodos.es\/fctdt\/wp-content\/uploads\/2021\/10\/20211021_vigilia_migrantes_barbate_web_459-1200x800.jpg 1200w, https:\/\/centrotierradetodos.es\/fctdt\/wp-content\/uploads\/2021\/10\/20211021_vigilia_migrantes_barbate_web_459-1568x1046.jpg 1568w, https:\/\/centrotierradetodos.es\/fctdt\/wp-content\/uploads\/2021\/10\/20211021_vigilia_migrantes_barbate_web_459.jpg 1600w\" sizes=\"auto, (max-width: 1024px) 100vw, 1024px\" \/><\/figure><\/li><li class=\"blocks-gallery-item\"><figure><img loading=\"lazy\" decoding=\"async\" width=\"1024\" height=\"696\" src=\"http:\/\/centrotierradetodos.es\/fctdt\/wp-content\/uploads\/2021\/10\/20211021_vigilia_migrantes_barbate_web_461-1024x696.jpg\" alt=\"\" data-id=\"526\" data-full-url=\"http:\/\/centrotierradetodos.es\/fctdt\/wp-content\/uploads\/2021\/10\/20211021_vigilia_migrantes_barbate_web_461.jpg\" data-link=\"http:\/\/centrotierradetodos.es\/fctdt\/?attachment_id=526\" class=\"wp-image-526\" srcset=\"https:\/\/centrotierradetodos.es\/fctdt\/wp-content\/uploads\/2021\/10\/20211021_vigilia_migrantes_barbate_web_461-1024x696.jpg 1024w, https:\/\/centrotierradetodos.es\/fctdt\/wp-content\/uploads\/2021\/10\/20211021_vigilia_migrantes_barbate_web_461-300x204.jpg 300w, https:\/\/centrotierradetodos.es\/fctdt\/wp-content\/uploads\/2021\/10\/20211021_vigilia_migrantes_barbate_web_461-768x522.jpg 768w, https:\/\/centrotierradetodos.es\/fctdt\/wp-content\/uploads\/2021\/10\/20211021_vigilia_migrantes_barbate_web_461-1536x1044.jpg 1536w, https:\/\/centrotierradetodos.es\/fctdt\/wp-content\/uploads\/2021\/10\/20211021_vigilia_migrantes_barbate_web_461-1200x815.jpg 1200w, https:\/\/centrotierradetodos.es\/fctdt\/wp-content\/uploads\/2021\/10\/20211021_vigilia_migrantes_barbate_web_461-1568x1065.jpg 1568w, https:\/\/centrotierradetodos.es\/fctdt\/wp-content\/uploads\/2021\/10\/20211021_vigilia_migrantes_barbate_web_461.jpg 1600w\" sizes=\"auto, (max-width: 1024px) 100vw, 1024px\" \/><\/figure><\/li><li class=\"blocks-gallery-item\"><figure><img loading=\"lazy\" decoding=\"async\" width=\"1024\" height=\"703\" src=\"http:\/\/centrotierradetodos.es\/fctdt\/wp-content\/uploads\/2021\/10\/20211021_vigilia_migrantes_barbate_web_462-1024x703.jpg\" alt=\"\" data-id=\"527\" data-full-url=\"http:\/\/centrotierradetodos.es\/fctdt\/wp-content\/uploads\/2021\/10\/20211021_vigilia_migrantes_barbate_web_462.jpg\" data-link=\"http:\/\/centrotierradetodos.es\/fctdt\/?attachment_id=527\" class=\"wp-image-527\" srcset=\"https:\/\/centrotierradetodos.es\/fctdt\/wp-content\/uploads\/2021\/10\/20211021_vigilia_migrantes_barbate_web_462-1024x703.jpg 1024w, https:\/\/centrotierradetodos.es\/fctdt\/wp-content\/uploads\/2021\/10\/20211021_vigilia_migrantes_barbate_web_462-300x206.jpg 300w, https:\/\/centrotierradetodos.es\/fctdt\/wp-content\/uploads\/2021\/10\/20211021_vigilia_migrantes_barbate_web_462-768x528.jpg 768w, https:\/\/centrotierradetodos.es\/fctdt\/wp-content\/uploads\/2021\/10\/20211021_vigilia_migrantes_barbate_web_462-1536x1055.jpg 1536w, https:\/\/centrotierradetodos.es\/fctdt\/wp-content\/uploads\/2021\/10\/20211021_vigilia_migrantes_barbate_web_462-1200x824.jpg 1200w, https:\/\/centrotierradetodos.es\/fctdt\/wp-content\/uploads\/2021\/10\/20211021_vigilia_migrantes_barbate_web_462-1568x1077.jpg 1568w, https:\/\/centrotierradetodos.es\/fctdt\/wp-content\/uploads\/2021\/10\/20211021_vigilia_migrantes_barbate_web_462.jpg 1600w\" sizes=\"auto, (max-width: 1024px) 100vw, 1024px\" \/><\/figure><\/li><li class=\"blocks-gallery-item\"><figure><img loading=\"lazy\" decoding=\"async\" width=\"1024\" height=\"722\" src=\"http:\/\/centrotierradetodos.es\/fctdt\/wp-content\/uploads\/2021\/10\/20211021_vigilia_migrantes_barbate_web_463-1024x722.jpg\" alt=\"\" data-id=\"528\" data-full-url=\"http:\/\/centrotierradetodos.es\/fctdt\/wp-content\/uploads\/2021\/10\/20211021_vigilia_migrantes_barbate_web_463.jpg\" data-link=\"http:\/\/centrotierradetodos.es\/fctdt\/?attachment_id=528\" class=\"wp-image-528\" srcset=\"https:\/\/centrotierradetodos.es\/fctdt\/wp-content\/uploads\/2021\/10\/20211021_vigilia_migrantes_barbate_web_463-1024x722.jpg 1024w, https:\/\/centrotierradetodos.es\/fctdt\/wp-content\/uploads\/2021\/10\/20211021_vigilia_migrantes_barbate_web_463-300x212.jpg 300w, https:\/\/centrotierradetodos.es\/fctdt\/wp-content\/uploads\/2021\/10\/20211021_vigilia_migrantes_barbate_web_463-768x541.jpg 768w, https:\/\/centrotierradetodos.es\/fctdt\/wp-content\/uploads\/2021\/10\/20211021_vigilia_migrantes_barbate_web_463-1536x1083.jpg 1536w, https:\/\/centrotierradetodos.es\/fctdt\/wp-content\/uploads\/2021\/10\/20211021_vigilia_migrantes_barbate_web_463-1200x846.jpg 1200w, https:\/\/centrotierradetodos.es\/fctdt\/wp-content\/uploads\/2021\/10\/20211021_vigilia_migrantes_barbate_web_463-1568x1105.jpg 1568w, https:\/\/centrotierradetodos.es\/fctdt\/wp-content\/uploads\/2021\/10\/20211021_vigilia_migrantes_barbate_web_463.jpg 1600w\" sizes=\"auto, (max-width: 1024px) 100vw, 1024px\" \/><\/figure><\/li><li class=\"blocks-gallery-item\"><figure><img loading=\"lazy\" decoding=\"async\" width=\"1024\" height=\"739\" src=\"http:\/\/centrotierradetodos.es\/fctdt\/wp-content\/uploads\/2021\/10\/20211021_vigilia_migrantes_barbate_web_464-1024x739.jpg\" alt=\"\" data-id=\"529\" data-full-url=\"http:\/\/centrotierradetodos.es\/fctdt\/wp-content\/uploads\/2021\/10\/20211021_vigilia_migrantes_barbate_web_464.jpg\" data-link=\"http:\/\/centrotierradetodos.es\/fctdt\/?attachment_id=529\" class=\"wp-image-529\" srcset=\"https:\/\/centrotierradetodos.es\/fctdt\/wp-content\/uploads\/2021\/10\/20211021_vigilia_migrantes_barbate_web_464-1024x739.jpg 1024w, https:\/\/centrotierradetodos.es\/fctdt\/wp-content\/uploads\/2021\/10\/20211021_vigilia_migrantes_barbate_web_464-300x217.jpg 300w, https:\/\/centrotierradetodos.es\/fctdt\/wp-content\/uploads\/2021\/10\/20211021_vigilia_migrantes_barbate_web_464-768x554.jpg 768w, https:\/\/centrotierradetodos.es\/fctdt\/wp-content\/uploads\/2021\/10\/20211021_vigilia_migrantes_barbate_web_464-1536x1109.jpg 1536w, https:\/\/centrotierradetodos.es\/fctdt\/wp-content\/uploads\/2021\/10\/20211021_vigilia_migrantes_barbate_web_464-1200x866.jpg 1200w, https:\/\/centrotierradetodos.es\/fctdt\/wp-content\/uploads\/2021\/10\/20211021_vigilia_migrantes_barbate_web_464-1568x1132.jpg 1568w, https:\/\/centrotierradetodos.es\/fctdt\/wp-content\/uploads\/2021\/10\/20211021_vigilia_migrantes_barbate_web_464.jpg 1600w\" sizes=\"auto, (max-width: 1024px) 100vw, 1024px\" \/><\/figure><\/li><li class=\"blocks-gallery-item\"><figure><img loading=\"lazy\" decoding=\"async\" width=\"1024\" height=\"683\" src=\"http:\/\/centrotierradetodos.es\/fctdt\/wp-content\/uploads\/2021\/10\/20211021_vigilia_migrantes_barbate_web_465-1024x683.jpg\" alt=\"\" data-id=\"530\" data-full-url=\"http:\/\/centrotierradetodos.es\/fctdt\/wp-content\/uploads\/2021\/10\/20211021_vigilia_migrantes_barbate_web_465.jpg\" data-link=\"http:\/\/centrotierradetodos.es\/fctdt\/?attachment_id=530\" class=\"wp-image-530\" srcset=\"https:\/\/centrotierradetodos.es\/fctdt\/wp-content\/uploads\/2021\/10\/20211021_vigilia_migrantes_barbate_web_465-1024x683.jpg 1024w, https:\/\/centrotierradetodos.es\/fctdt\/wp-content\/uploads\/2021\/10\/20211021_vigilia_migrantes_barbate_web_465-300x200.jpg 300w, https:\/\/centrotierradetodos.es\/fctdt\/wp-content\/uploads\/2021\/10\/20211021_vigilia_migrantes_barbate_web_465-768x512.jpg 768w, https:\/\/centrotierradetodos.es\/fctdt\/wp-content\/uploads\/2021\/10\/20211021_vigilia_migrantes_barbate_web_465-1536x1024.jpg 1536w, https:\/\/centrotierradetodos.es\/fctdt\/wp-content\/uploads\/2021\/10\/20211021_vigilia_migrantes_barbate_web_465-1200x800.jpg 1200w, https:\/\/centrotierradetodos.es\/fctdt\/wp-content\/uploads\/2021\/10\/20211021_vigilia_migrantes_barbate_web_465-1568x1046.jpg 1568w, https:\/\/centrotierradetodos.es\/fctdt\/wp-content\/uploads\/2021\/10\/20211021_vigilia_migrantes_barbate_web_465.jpg 1600w\" sizes=\"auto, (max-width: 1024px) 100vw, 1024px\" \/><\/figure><\/li><li class=\"blocks-gallery-item\"><figure><img loading=\"lazy\" decoding=\"async\" width=\"1024\" height=\"683\" src=\"http:\/\/centrotierradetodos.es\/fctdt\/wp-content\/uploads\/2021\/10\/20211021_vigilia_migrantes_barbate_web_466-1024x683.jpg\" alt=\"\" data-id=\"531\" data-full-url=\"http:\/\/centrotierradetodos.es\/fctdt\/wp-content\/uploads\/2021\/10\/20211021_vigilia_migrantes_barbate_web_466.jpg\" data-link=\"http:\/\/centrotierradetodos.es\/fctdt\/?attachment_id=531\" class=\"wp-image-531\" srcset=\"https:\/\/centrotierradetodos.es\/fctdt\/wp-content\/uploads\/2021\/10\/20211021_vigilia_migrantes_barbate_web_466-1024x683.jpg 1024w, https:\/\/centrotierradetodos.es\/fctdt\/wp-content\/uploads\/2021\/10\/20211021_vigilia_migrantes_barbate_web_466-300x200.jpg 300w, https:\/\/centrotierradetodos.es\/fctdt\/wp-content\/uploads\/2021\/10\/20211021_vigilia_migrantes_barbate_web_466-768x512.jpg 768w, https:\/\/centrotierradetodos.es\/fctdt\/wp-content\/uploads\/2021\/10\/20211021_vigilia_migrantes_barbate_web_466-1536x1024.jpg 1536w, https:\/\/centrotierradetodos.es\/fctdt\/wp-content\/uploads\/2021\/10\/20211021_vigilia_migrantes_barbate_web_466-1200x800.jpg 1200w, https:\/\/centrotierradetodos.es\/fctdt\/wp-content\/uploads\/2021\/10\/20211021_vigilia_migrantes_barbate_web_466-1568x1046.jpg 1568w, https:\/\/centrotierradetodos.es\/fctdt\/wp-content\/uploads\/2021\/10\/20211021_vigilia_migrantes_barbate_web_466.jpg 1600w\" sizes=\"auto, (max-width: 1024px) 100vw, 1024px\" \/><\/figure><\/li><li class=\"blocks-gallery-item\"><figure><img loading=\"lazy\" decoding=\"async\" width=\"1024\" height=\"683\" src=\"http:\/\/centrotierradetodos.es\/fctdt\/wp-content\/uploads\/2021\/10\/20211021_vigilia_migrantes_barbate_web_467-1024x683.jpg\" alt=\"\" data-id=\"532\" data-full-url=\"http:\/\/centrotierradetodos.es\/fctdt\/wp-content\/uploads\/2021\/10\/20211021_vigilia_migrantes_barbate_web_467.jpg\" data-link=\"http:\/\/centrotierradetodos.es\/fctdt\/?attachment_id=532\" class=\"wp-image-532\" srcset=\"https:\/\/centrotierradetodos.es\/fctdt\/wp-content\/uploads\/2021\/10\/20211021_vigilia_migrantes_barbate_web_467-1024x683.jpg 1024w, https:\/\/centrotierradetodos.es\/fctdt\/wp-content\/uploads\/2021\/10\/20211021_vigilia_migrantes_barbate_web_467-300x200.jpg 300w, https:\/\/centrotierradetodos.es\/fctdt\/wp-content\/uploads\/2021\/10\/20211021_vigilia_migrantes_barbate_web_467-768x512.jpg 768w, https:\/\/centrotierradetodos.es\/fctdt\/wp-content\/uploads\/2021\/10\/20211021_vigilia_migrantes_barbate_web_467-1536x1024.jpg 1536w, https:\/\/centrotierradetodos.es\/fctdt\/wp-content\/uploads\/2021\/10\/20211021_vigilia_migrantes_barbate_web_467-1200x800.jpg 1200w, https:\/\/centrotierradetodos.es\/fctdt\/wp-content\/uploads\/2021\/10\/20211021_vigilia_migrantes_barbate_web_467-1568x1046.jpg 1568w, https:\/\/centrotierradetodos.es\/fctdt\/wp-content\/uploads\/2021\/10\/20211021_vigilia_migrantes_barbate_web_467.jpg 1600w\" sizes=\"auto, (max-width: 1024px) 100vw, 1024px\" \/><\/figure><\/li><li class=\"blocks-gallery-item\"><figure><img loading=\"lazy\" decoding=\"async\" width=\"1024\" height=\"683\" src=\"http:\/\/centrotierradetodos.es\/fctdt\/wp-content\/uploads\/2021\/10\/20211021_vigilia_migrantes_barbate_web_468-1024x683.jpg\" alt=\"\" data-id=\"533\" data-full-url=\"http:\/\/centrotierradetodos.es\/fctdt\/wp-content\/uploads\/2021\/10\/20211021_vigilia_migrantes_barbate_web_468.jpg\" data-link=\"http:\/\/centrotierradetodos.es\/fctdt\/?attachment_id=533\" class=\"wp-image-533\" srcset=\"https:\/\/centrotierradetodos.es\/fctdt\/wp-content\/uploads\/2021\/10\/20211021_vigilia_migrantes_barbate_web_468-1024x683.jpg 1024w, https:\/\/centrotierradetodos.es\/fctdt\/wp-content\/uploads\/2021\/10\/20211021_vigilia_migrantes_barbate_web_468-300x200.jpg 300w, https:\/\/centrotierradetodos.es\/fctdt\/wp-content\/uploads\/2021\/10\/20211021_vigilia_migrantes_barbate_web_468-768x512.jpg 768w, https:\/\/centrotierradetodos.es\/fctdt\/wp-content\/uploads\/2021\/10\/20211021_vigilia_migrantes_barbate_web_468-1536x1024.jpg 1536w, https:\/\/centrotierradetodos.es\/fctdt\/wp-content\/uploads\/2021\/10\/20211021_vigilia_migrantes_barbate_web_468-1200x800.jpg 1200w, https:\/\/centrotierradetodos.es\/fctdt\/wp-content\/uploads\/2021\/10\/20211021_vigilia_migrantes_barbate_web_468-1568x1046.jpg 1568w, https:\/\/centrotierradetodos.es\/fctdt\/wp-content\/uploads\/2021\/10\/20211021_vigilia_migrantes_barbate_web_468.jpg 1600w\" sizes=\"auto, (max-width: 1024px) 100vw, 1024px\" \/><\/figure><\/li><li class=\"blocks-gallery-item\"><figure><img loading=\"lazy\" decoding=\"async\" width=\"1024\" height=\"683\" src=\"http:\/\/centrotierradetodos.es\/fctdt\/wp-content\/uploads\/2021\/10\/20211021_vigilia_migrantes_barbate_web_470-1024x683.jpg\" alt=\"\" data-id=\"534\" data-full-url=\"http:\/\/centrotierradetodos.es\/fctdt\/wp-content\/uploads\/2021\/10\/20211021_vigilia_migrantes_barbate_web_470.jpg\" data-link=\"http:\/\/centrotierradetodos.es\/fctdt\/?attachment_id=534\" class=\"wp-image-534\" srcset=\"https:\/\/centrotierradetodos.es\/fctdt\/wp-content\/uploads\/2021\/10\/20211021_vigilia_migrantes_barbate_web_470-1024x683.jpg 1024w, https:\/\/centrotierradetodos.es\/fctdt\/wp-content\/uploads\/2021\/10\/20211021_vigilia_migrantes_barbate_web_470-300x200.jpg 300w, https:\/\/centrotierradetodos.es\/fctdt\/wp-content\/uploads\/2021\/10\/20211021_vigilia_migrantes_barbate_web_470-768x512.jpg 768w, https:\/\/centrotierradetodos.es\/fctdt\/wp-content\/uploads\/2021\/10\/20211021_vigilia_migrantes_barbate_web_470-1536x1024.jpg 1536w, https:\/\/centrotierradetodos.es\/fctdt\/wp-content\/uploads\/2021\/10\/20211021_vigilia_migrantes_barbate_web_470-1200x800.jpg 1200w, https:\/\/centrotierradetodos.es\/fctdt\/wp-content\/uploads\/2021\/10\/20211021_vigilia_migrantes_barbate_web_470-1568x1046.jpg 1568w, https:\/\/centrotierradetodos.es\/fctdt\/wp-content\/uploads\/2021\/10\/20211021_vigilia_migrantes_barbate_web_470.jpg 1600w\" sizes=\"auto, (max-width: 1024px) 100vw, 1024px\" \/><\/figure><\/li><li class=\"blocks-gallery-item\"><figure><img loading=\"lazy\" decoding=\"async\" width=\"1024\" height=\"710\" src=\"http:\/\/centrotierradetodos.es\/fctdt\/wp-content\/uploads\/2021\/10\/20211021_vigilia_migrantes_barbate_web_471-1024x710.jpg\" alt=\"\" data-id=\"535\" data-full-url=\"http:\/\/centrotierradetodos.es\/fctdt\/wp-content\/uploads\/2021\/10\/20211021_vigilia_migrantes_barbate_web_471.jpg\" data-link=\"http:\/\/centrotierradetodos.es\/fctdt\/?attachment_id=535\" class=\"wp-image-535\" srcset=\"https:\/\/centrotierradetodos.es\/fctdt\/wp-content\/uploads\/2021\/10\/20211021_vigilia_migrantes_barbate_web_471-1024x710.jpg 1024w, https:\/\/centrotierradetodos.es\/fctdt\/wp-content\/uploads\/2021\/10\/20211021_vigilia_migrantes_barbate_web_471-300x208.jpg 300w, https:\/\/centrotierradetodos.es\/fctdt\/wp-content\/uploads\/2021\/10\/20211021_vigilia_migrantes_barbate_web_471-768x533.jpg 768w, https:\/\/centrotierradetodos.es\/fctdt\/wp-content\/uploads\/2021\/10\/20211021_vigilia_migrantes_barbate_web_471-1536x1066.jpg 1536w, https:\/\/centrotierradetodos.es\/fctdt\/wp-content\/uploads\/2021\/10\/20211021_vigilia_migrantes_barbate_web_471-1200x833.jpg 1200w, https:\/\/centrotierradetodos.es\/fctdt\/wp-content\/uploads\/2021\/10\/20211021_vigilia_migrantes_barbate_web_471-1568x1088.jpg 1568w, https:\/\/centrotierradetodos.es\/fctdt\/wp-content\/uploads\/2021\/10\/20211021_vigilia_migrantes_barbate_web_471.jpg 1600w\" sizes=\"auto, (max-width: 1024px) 100vw, 1024px\" \/><\/figure><\/li><li class=\"blocks-gallery-item\"><figure><img loading=\"lazy\" decoding=\"async\" width=\"1024\" height=\"687\" src=\"http:\/\/centrotierradetodos.es\/fctdt\/wp-content\/uploads\/2021\/10\/20211021_vigilia_migrantes_barbate_web_474-1024x687.jpg\" alt=\"\" data-id=\"537\" data-full-url=\"http:\/\/centrotierradetodos.es\/fctdt\/wp-content\/uploads\/2021\/10\/20211021_vigilia_migrantes_barbate_web_474.jpg\" data-link=\"http:\/\/centrotierradetodos.es\/fctdt\/?attachment_id=537\" class=\"wp-image-537\" srcset=\"https:\/\/centrotierradetodos.es\/fctdt\/wp-content\/uploads\/2021\/10\/20211021_vigilia_migrantes_barbate_web_474-1024x687.jpg 1024w, https:\/\/centrotierradetodos.es\/fctdt\/wp-content\/uploads\/2021\/10\/20211021_vigilia_migrantes_barbate_web_474-300x201.jpg 300w, https:\/\/centrotierradetodos.es\/fctdt\/wp-content\/uploads\/2021\/10\/20211021_vigilia_migrantes_barbate_web_474-768x515.jpg 768w, https:\/\/centrotierradetodos.es\/fctdt\/wp-content\/uploads\/2021\/10\/20211021_vigilia_migrantes_barbate_web_474-1536x1030.jpg 1536w, https:\/\/centrotierradetodos.es\/fctdt\/wp-content\/uploads\/2021\/10\/20211021_vigilia_migrantes_barbate_web_474-1200x805.jpg 1200w, https:\/\/centrotierradetodos.es\/fctdt\/wp-content\/uploads\/2021\/10\/20211021_vigilia_migrantes_barbate_web_474-1568x1052.jpg 1568w, https:\/\/centrotierradetodos.es\/fctdt\/wp-content\/uploads\/2021\/10\/20211021_vigilia_migrantes_barbate_web_474.jpg 1600w\" sizes=\"auto, (max-width: 1024px) 100vw, 1024px\" \/><\/figure><\/li><li class=\"blocks-gallery-item\"><figure><img loading=\"lazy\" decoding=\"async\" width=\"1024\" height=\"719\" src=\"http:\/\/centrotierradetodos.es\/fctdt\/wp-content\/uploads\/2021\/10\/20211021_vigilia_migrantes_barbate_web_475-1024x719.jpg\" alt=\"\" data-id=\"538\" data-full-url=\"http:\/\/centrotierradetodos.es\/fctdt\/wp-content\/uploads\/2021\/10\/20211021_vigilia_migrantes_barbate_web_475.jpg\" data-link=\"http:\/\/centrotierradetodos.es\/fctdt\/?attachment_id=538\" class=\"wp-image-538\" srcset=\"https:\/\/centrotierradetodos.es\/fctdt\/wp-content\/uploads\/2021\/10\/20211021_vigilia_migrantes_barbate_web_475-1024x719.jpg 1024w, https:\/\/centrotierradetodos.es\/fctdt\/wp-content\/uploads\/2021\/10\/20211021_vigilia_migrantes_barbate_web_475-300x211.jpg 300w, https:\/\/centrotierradetodos.es\/fctdt\/wp-content\/uploads\/2021\/10\/20211021_vigilia_migrantes_barbate_web_475-768x539.jpg 768w, https:\/\/centrotierradetodos.es\/fctdt\/wp-content\/uploads\/2021\/10\/20211021_vigilia_migrantes_barbate_web_475-1536x1078.jpg 1536w, https:\/\/centrotierradetodos.es\/fctdt\/wp-content\/uploads\/2021\/10\/20211021_vigilia_migrantes_barbate_web_475-1200x842.jpg 1200w, https:\/\/centrotierradetodos.es\/fctdt\/wp-content\/uploads\/2021\/10\/20211021_vigilia_migrantes_barbate_web_475-1568x1101.jpg 1568w, https:\/\/centrotierradetodos.es\/fctdt\/wp-content\/uploads\/2021\/10\/20211021_vigilia_migrantes_barbate_web_475.jpg 1600w\" sizes=\"auto, (max-width: 1024px) 100vw, 1024px\" \/><\/figure><\/li><li class=\"blocks-gallery-item\"><figure><img loading=\"lazy\" decoding=\"async\" width=\"1024\" height=\"683\" src=\"http:\/\/centrotierradetodos.es\/fctdt\/wp-content\/uploads\/2021\/10\/20211021_vigilia_migrantes_barbate_web_476-1024x683.jpg\" alt=\"\" data-id=\"539\" data-full-url=\"http:\/\/centrotierradetodos.es\/fctdt\/wp-content\/uploads\/2021\/10\/20211021_vigilia_migrantes_barbate_web_476.jpg\" data-link=\"http:\/\/centrotierradetodos.es\/fctdt\/?attachment_id=539\" class=\"wp-image-539\" srcset=\"https:\/\/centrotierradetodos.es\/fctdt\/wp-content\/uploads\/2021\/10\/20211021_vigilia_migrantes_barbate_web_476-1024x683.jpg 1024w, https:\/\/centrotierradetodos.es\/fctdt\/wp-content\/uploads\/2021\/10\/20211021_vigilia_migrantes_barbate_web_476-300x200.jpg 300w, https:\/\/centrotierradetodos.es\/fctdt\/wp-content\/uploads\/2021\/10\/20211021_vigilia_migrantes_barbate_web_476-768x512.jpg 768w, https:\/\/centrotierradetodos.es\/fctdt\/wp-content\/uploads\/2021\/10\/20211021_vigilia_migrantes_barbate_web_476-1536x1024.jpg 1536w, https:\/\/centrotierradetodos.es\/fctdt\/wp-content\/uploads\/2021\/10\/20211021_vigilia_migrantes_barbate_web_476-1200x800.jpg 1200w, https:\/\/centrotierradetodos.es\/fctdt\/wp-content\/uploads\/2021\/10\/20211021_vigilia_migrantes_barbate_web_476-1568x1046.jpg 1568w, https:\/\/centrotierradetodos.es\/fctdt\/wp-content\/uploads\/2021\/10\/20211021_vigilia_migrantes_barbate_web_476.jpg 1600w\" sizes=\"auto, (max-width: 1024px) 100vw, 1024px\" \/><\/figure><\/li><li class=\"blocks-gallery-item\"><figure><img loading=\"lazy\" decoding=\"async\" width=\"1024\" height=\"683\" src=\"http:\/\/centrotierradetodos.es\/fctdt\/wp-content\/uploads\/2021\/10\/20211021_vigilia_migrantes_barbate_web_477-1024x683.jpg\" alt=\"\" data-id=\"540\" data-full-url=\"http:\/\/centrotierradetodos.es\/fctdt\/wp-content\/uploads\/2021\/10\/20211021_vigilia_migrantes_barbate_web_477.jpg\" data-link=\"http:\/\/centrotierradetodos.es\/fctdt\/?attachment_id=540\" class=\"wp-image-540\" srcset=\"https:\/\/centrotierradetodos.es\/fctdt\/wp-content\/uploads\/2021\/10\/20211021_vigilia_migrantes_barbate_web_477-1024x683.jpg 1024w, https:\/\/centrotierradetodos.es\/fctdt\/wp-content\/uploads\/2021\/10\/20211021_vigilia_migrantes_barbate_web_477-300x200.jpg 300w, https:\/\/centrotierradetodos.es\/fctdt\/wp-content\/uploads\/2021\/10\/20211021_vigilia_migrantes_barbate_web_477-768x512.jpg 768w, https:\/\/centrotierradetodos.es\/fctdt\/wp-content\/uploads\/2021\/10\/20211021_vigilia_migrantes_barbate_web_477-1536x1024.jpg 1536w, https:\/\/centrotierradetodos.es\/fctdt\/wp-content\/uploads\/2021\/10\/20211021_vigilia_migrantes_barbate_web_477-1200x800.jpg 1200w, https:\/\/centrotierradetodos.es\/fctdt\/wp-content\/uploads\/2021\/10\/20211021_vigilia_migrantes_barbate_web_477-1568x1046.jpg 1568w, https:\/\/centrotierradetodos.es\/fctdt\/wp-content\/uploads\/2021\/10\/20211021_vigilia_migrantes_barbate_web_477.jpg 1600w\" sizes=\"auto, (max-width: 1024px) 100vw, 1024px\" \/><\/figure><\/li><li class=\"blocks-gallery-item\"><figure><img loading=\"lazy\" decoding=\"async\" width=\"1024\" height=\"683\" src=\"http:\/\/centrotierradetodos.es\/fctdt\/wp-content\/uploads\/2021\/10\/20211021_vigilia_migrantes_barbate_web_478-1024x683.jpg\" alt=\"\" data-id=\"541\" data-full-url=\"http:\/\/centrotierradetodos.es\/fctdt\/wp-content\/uploads\/2021\/10\/20211021_vigilia_migrantes_barbate_web_478.jpg\" data-link=\"http:\/\/centrotierradetodos.es\/fctdt\/?attachment_id=541\" class=\"wp-image-541\" srcset=\"https:\/\/centrotierradetodos.es\/fctdt\/wp-content\/uploads\/2021\/10\/20211021_vigilia_migrantes_barbate_web_478-1024x683.jpg 1024w, https:\/\/centrotierradetodos.es\/fctdt\/wp-content\/uploads\/2021\/10\/20211021_vigilia_migrantes_barbate_web_478-300x200.jpg 300w, https:\/\/centrotierradetodos.es\/fctdt\/wp-content\/uploads\/2021\/10\/20211021_vigilia_migrantes_barbate_web_478-768x512.jpg 768w, https:\/\/centrotierradetodos.es\/fctdt\/wp-content\/uploads\/2021\/10\/20211021_vigilia_migrantes_barbate_web_478-1536x1024.jpg 1536w, https:\/\/centrotierradetodos.es\/fctdt\/wp-content\/uploads\/2021\/10\/20211021_vigilia_migrantes_barbate_web_478-1200x800.jpg 1200w, https:\/\/centrotierradetodos.es\/fctdt\/wp-content\/uploads\/2021\/10\/20211021_vigilia_migrantes_barbate_web_478-1568x1046.jpg 1568w, https:\/\/centrotierradetodos.es\/fctdt\/wp-content\/uploads\/2021\/10\/20211021_vigilia_migrantes_barbate_web_478.jpg 1600w\" sizes=\"auto, (max-width: 1024px) 100vw, 1024px\" \/><\/figure><\/li><\/ul><\/figure>\n","protected":false},"excerpt":{"rendered":"<p>En el centro una alfombra con libros del Cor\u00e1n y de la Biblia, veinticinco velas y veinticinco claveles blancos en memoria de los fallecidos en uno de los m\u00e1s graves dramas humanos de la inmigraci\u00f3n ocurridos en las costas del litoral gaditano, concretamente a treinta millas de la costa de Barbate. La Playa del Carmen<a class=\"more-link\" href=\"https:\/\/centrotierradetodos.es\/fctdt\/2021\/10\/22\/mas-de-200-personas-rezan-en-la-playa-del-carmen-por-los-migrantes-fallecidos-frente-a-la-costa-de-barbate\/\">Sigue leyendo <span class=\"screen-reader-text\">\u00abM\u00e1s de 200 personas rezan en la Playa del Carmen por los migrantes fallecidos frente a la costa de Barbate\u00bb<\/span><\/a><\/p>\n","protected":false},"author":1,"featured_media":536,"comment_status":"closed","ping_status":"open","sticky":false,"template":"","format":"standard","meta":{"_editorskit_title_hidden":false,"_editorskit_reading_time":0,"_editorskit_is_block_options_detached":false,"_editorskit_block_options_position":"{}","_coblocks_attr":"","_coblocks_dimensions":"","_coblocks_responsive_height":"","_coblocks_accordion_ie_support":"","_monsterinsights_skip_tracking":false,"_monsterinsights_sitenote_active":false,"_monsterinsights_sitenote_note":"","_monsterinsights_sitenote_category":0,"_jetpack_memberships_contains_paid_content":false,"footnotes":""},"categories":[12],"tags":[],"class_list":["post-520","post","type-post","status-publish","format-standard","has-post-thumbnail","hentry","category-noticias","entry"],"yoast_head":"<!-- This site is optimized with the Yoast SEO plugin v27.5 - https:\/\/yoast.com\/product\/yoast-seo-wordpress\/ -->\n<title>M\u00e1s de 200 personas rezan en la Playa del Carmen por los migrantes fallecidos frente a la costa de Barbate - Fundaci\u00f3n Centro Tierra de Todos<\/title>\n<meta name=\"robots\" content=\"index, follow, max-snippet:-1, max-image-preview:large, max-video-preview:-1\" \/>\n<link rel=\"canonical\" href=\"https:\/\/centrotierradetodos.es\/fctdt\/2021\/10\/22\/mas-de-200-personas-rezan-en-la-playa-del-carmen-por-los-migrantes-fallecidos-frente-a-la-costa-de-barbate\/\" \/>\n<meta property=\"og:locale\" content=\"es_ES\" \/>\n<meta property=\"og:type\" content=\"article\" \/>\n<meta property=\"og:title\" content=\"M\u00e1s de 200 personas rezan en la Playa del Carmen por los migrantes fallecidos frente a la costa de Barbate - Fundaci\u00f3n Centro Tierra de Todos\" \/>\n<meta property=\"og:description\" content=\"En el centro una alfombra con libros del Cor\u00e1n y de la Biblia, veinticinco velas y veinticinco claveles blancos en memoria de los fallecidos en uno de los m\u00e1s graves dramas humanos de la inmigraci\u00f3n ocurridos en las costas del litoral gaditano, concretamente a treinta millas de la costa de Barbate. La Playa del CarmenSigue leyendo &quot;M\u00e1s de 200 personas rezan en la Playa del Carmen por los migrantes fallecidos frente a la costa de Barbate&quot;\" \/>\n<meta property=\"og:url\" content=\"https:\/\/centrotierradetodos.es\/fctdt\/2021\/10\/22\/mas-de-200-personas-rezan-en-la-playa-del-carmen-por-los-migrantes-fallecidos-frente-a-la-costa-de-barbate\/\" \/>\n<meta property=\"og:site_name\" content=\"Fundaci\u00f3n Centro Tierra de Todos\" \/>\n<meta property=\"article:publisher\" content=\"https:\/\/www.facebook.com\/p\/Cardijn-Tierra-de-Todos-Migraciones-100091817239433\/\" \/>\n<meta property=\"article:published_time\" content=\"2021-10-22T06:05:41+00:00\" \/>\n<meta property=\"article:modified_time\" content=\"2024-04-24T10:55:58+00:00\" \/>\n<meta property=\"og:image\" content=\"https:\/\/centrotierradetodos.es\/fctdt\/wp-content\/uploads\/2021\/10\/20211021_vigilia_migrantes_barbate_web_473.jpg\" \/>\n\t<meta property=\"og:image:width\" content=\"1600\" \/>\n\t<meta property=\"og:image:height\" content=\"987\" \/>\n\t<meta property=\"og:image:type\" content=\"image\/jpeg\" \/>\n<meta name=\"author\" content=\"Redactor\" \/>\n<meta name=\"twitter:card\" content=\"summary_large_image\" \/>\n<meta name=\"twitter:label1\" content=\"Escrito por\" \/>\n\t<meta name=\"twitter:data1\" content=\"Redactor\" \/>\n\t<meta name=\"twitter:label2\" content=\"Tiempo de lectura\" \/>\n\t<meta name=\"twitter:data2\" content=\"7 minutos\" \/>\n<script type=\"application\/ld+json\" class=\"yoast-schema-graph\">{\"@context\":\"https:\\\/\\\/schema.org\",\"@graph\":[{\"@type\":\"Article\",\"@id\":\"https:\\\/\\\/centrotierradetodos.es\\\/fctdt\\\/2021\\\/10\\\/22\\\/mas-de-200-personas-rezan-en-la-playa-del-carmen-por-los-migrantes-fallecidos-frente-a-la-costa-de-barbate\\\/#article\",\"isPartOf\":{\"@id\":\"https:\\\/\\\/centrotierradetodos.es\\\/fctdt\\\/2021\\\/10\\\/22\\\/mas-de-200-personas-rezan-en-la-playa-del-carmen-por-los-migrantes-fallecidos-frente-a-la-costa-de-barbate\\\/\"},\"author\":{\"name\":\"Redactor\",\"@id\":\"https:\\\/\\\/centrotierradetodos.es\\\/fctdt\\\/#\\\/schema\\\/person\\\/cd853846b72c64b38f6d135b32747e5d\"},\"headline\":\"M\u00e1s de 200 personas rezan en la Playa del Carmen por los migrantes fallecidos frente a la costa de Barbate\",\"datePublished\":\"2021-10-22T06:05:41+00:00\",\"dateModified\":\"2024-04-24T10:55:58+00:00\",\"mainEntityOfPage\":{\"@id\":\"https:\\\/\\\/centrotierradetodos.es\\\/fctdt\\\/2021\\\/10\\\/22\\\/mas-de-200-personas-rezan-en-la-playa-del-carmen-por-los-migrantes-fallecidos-frente-a-la-costa-de-barbate\\\/\"},\"wordCount\":715,\"publisher\":{\"@id\":\"https:\\\/\\\/centrotierradetodos.es\\\/fctdt\\\/#organization\"},\"image\":{\"@id\":\"https:\\\/\\\/centrotierradetodos.es\\\/fctdt\\\/2021\\\/10\\\/22\\\/mas-de-200-personas-rezan-en-la-playa-del-carmen-por-los-migrantes-fallecidos-frente-a-la-costa-de-barbate\\\/#primaryimage\"},\"thumbnailUrl\":\"https:\\\/\\\/centrotierradetodos.es\\\/fctdt\\\/wp-content\\\/uploads\\\/2021\\\/10\\\/20211021_vigilia_migrantes_barbate_web_473.jpg\",\"articleSection\":[\"Noticias\"],\"inLanguage\":\"es\"},{\"@type\":\"WebPage\",\"@id\":\"https:\\\/\\\/centrotierradetodos.es\\\/fctdt\\\/2021\\\/10\\\/22\\\/mas-de-200-personas-rezan-en-la-playa-del-carmen-por-los-migrantes-fallecidos-frente-a-la-costa-de-barbate\\\/\",\"url\":\"https:\\\/\\\/centrotierradetodos.es\\\/fctdt\\\/2021\\\/10\\\/22\\\/mas-de-200-personas-rezan-en-la-playa-del-carmen-por-los-migrantes-fallecidos-frente-a-la-costa-de-barbate\\\/\",\"name\":\"M\u00e1s de 200 personas rezan en la Playa del Carmen por los migrantes fallecidos frente a la costa de Barbate - Fundaci\u00f3n Centro Tierra de Todos\",\"isPartOf\":{\"@id\":\"https:\\\/\\\/centrotierradetodos.es\\\/fctdt\\\/#website\"},\"primaryImageOfPage\":{\"@id\":\"https:\\\/\\\/centrotierradetodos.es\\\/fctdt\\\/2021\\\/10\\\/22\\\/mas-de-200-personas-rezan-en-la-playa-del-carmen-por-los-migrantes-fallecidos-frente-a-la-costa-de-barbate\\\/#primaryimage\"},\"image\":{\"@id\":\"https:\\\/\\\/centrotierradetodos.es\\\/fctdt\\\/2021\\\/10\\\/22\\\/mas-de-200-personas-rezan-en-la-playa-del-carmen-por-los-migrantes-fallecidos-frente-a-la-costa-de-barbate\\\/#primaryimage\"},\"thumbnailUrl\":\"https:\\\/\\\/centrotierradetodos.es\\\/fctdt\\\/wp-content\\\/uploads\\\/2021\\\/10\\\/20211021_vigilia_migrantes_barbate_web_473.jpg\",\"datePublished\":\"2021-10-22T06:05:41+00:00\",\"dateModified\":\"2024-04-24T10:55:58+00:00\",\"breadcrumb\":{\"@id\":\"https:\\\/\\\/centrotierradetodos.es\\\/fctdt\\\/2021\\\/10\\\/22\\\/mas-de-200-personas-rezan-en-la-playa-del-carmen-por-los-migrantes-fallecidos-frente-a-la-costa-de-barbate\\\/#breadcrumb\"},\"inLanguage\":\"es\",\"potentialAction\":[{\"@type\":\"ReadAction\",\"target\":[\"https:\\\/\\\/centrotierradetodos.es\\\/fctdt\\\/2021\\\/10\\\/22\\\/mas-de-200-personas-rezan-en-la-playa-del-carmen-por-los-migrantes-fallecidos-frente-a-la-costa-de-barbate\\\/\"]}]},{\"@type\":\"ImageObject\",\"inLanguage\":\"es\",\"@id\":\"https:\\\/\\\/centrotierradetodos.es\\\/fctdt\\\/2021\\\/10\\\/22\\\/mas-de-200-personas-rezan-en-la-playa-del-carmen-por-los-migrantes-fallecidos-frente-a-la-costa-de-barbate\\\/#primaryimage\",\"url\":\"https:\\\/\\\/centrotierradetodos.es\\\/fctdt\\\/wp-content\\\/uploads\\\/2021\\\/10\\\/20211021_vigilia_migrantes_barbate_web_473.jpg\",\"contentUrl\":\"https:\\\/\\\/centrotierradetodos.es\\\/fctdt\\\/wp-content\\\/uploads\\\/2021\\\/10\\\/20211021_vigilia_migrantes_barbate_web_473.jpg\",\"width\":1600,\"height\":987},{\"@type\":\"BreadcrumbList\",\"@id\":\"https:\\\/\\\/centrotierradetodos.es\\\/fctdt\\\/2021\\\/10\\\/22\\\/mas-de-200-personas-rezan-en-la-playa-del-carmen-por-los-migrantes-fallecidos-frente-a-la-costa-de-barbate\\\/#breadcrumb\",\"itemListElement\":[{\"@type\":\"ListItem\",\"position\":1,\"name\":\"Portada\",\"item\":\"https:\\\/\\\/centrotierradetodos.es\\\/fctdt\\\/\"},{\"@type\":\"ListItem\",\"position\":2,\"name\":\"M\u00e1s de 200 personas rezan en la Playa del Carmen por los migrantes fallecidos frente a la costa de Barbate\"}]},{\"@type\":\"WebSite\",\"@id\":\"https:\\\/\\\/centrotierradetodos.es\\\/fctdt\\\/#website\",\"url\":\"https:\\\/\\\/centrotierradetodos.es\\\/fctdt\\\/\",\"name\":\"Fundaci\u00f3n Centro Tierra de Todos\",\"description\":\"La Fundaci\u00f3n Centro Tierra de Todos es una entidad sin \u00e1nimo de lucro, dedicada a la atenci\u00f3n de los j\u00f3venes, de los inmigrantes y de los barrios populares de la ciudad de C\u00e1diz, con el \u00e1nimo de promover un ambicioso proyecto que facilite la igualdad de oportunidades y la promoci\u00f3n y cualificaci\u00f3n de todas estas personas y de todo su entorno social.\",\"publisher\":{\"@id\":\"https:\\\/\\\/centrotierradetodos.es\\\/fctdt\\\/#organization\"},\"potentialAction\":[{\"@type\":\"SearchAction\",\"target\":{\"@type\":\"EntryPoint\",\"urlTemplate\":\"https:\\\/\\\/centrotierradetodos.es\\\/fctdt\\\/?s={search_term_string}\"},\"query-input\":{\"@type\":\"PropertyValueSpecification\",\"valueRequired\":true,\"valueName\":\"search_term_string\"}}],\"inLanguage\":\"es\"},{\"@type\":\"Organization\",\"@id\":\"https:\\\/\\\/centrotierradetodos.es\\\/fctdt\\\/#organization\",\"name\":\"Fundaci\u00f3n Centro Tierra de Todos\",\"url\":\"https:\\\/\\\/centrotierradetodos.es\\\/fctdt\\\/\",\"logo\":{\"@type\":\"ImageObject\",\"inLanguage\":\"es\",\"@id\":\"https:\\\/\\\/centrotierradetodos.es\\\/fctdt\\\/#\\\/schema\\\/logo\\\/image\\\/\",\"url\":\"https:\\\/\\\/centrotierradetodos.es\\\/fctdt\\\/wp-content\\\/uploads\\\/2021\\\/03\\\/cropped-logo_tierra_todos_470x210-1.jpg\",\"contentUrl\":\"https:\\\/\\\/centrotierradetodos.es\\\/fctdt\\\/wp-content\\\/uploads\\\/2021\\\/03\\\/cropped-logo_tierra_todos_470x210-1.jpg\",\"width\":470,\"height\":210,\"caption\":\"Fundaci\u00f3n Centro Tierra de Todos\"},\"image\":{\"@id\":\"https:\\\/\\\/centrotierradetodos.es\\\/fctdt\\\/#\\\/schema\\\/logo\\\/image\\\/\"},\"sameAs\":[\"https:\\\/\\\/www.facebook.com\\\/p\\\/Cardijn-Tierra-de-Todos-Migraciones-100091817239433\\\/\"]},{\"@type\":\"Person\",\"@id\":\"https:\\\/\\\/centrotierradetodos.es\\\/fctdt\\\/#\\\/schema\\\/person\\\/cd853846b72c64b38f6d135b32747e5d\",\"name\":\"Redactor\",\"image\":{\"@type\":\"ImageObject\",\"inLanguage\":\"es\",\"@id\":\"https:\\\/\\\/secure.gravatar.com\\\/avatar\\\/9a6c877da07c0489d3ee9cdb811a7569ce83c5e8d52b1d00aee39093683c6dc2?s=96&d=mm&r=g\",\"url\":\"https:\\\/\\\/secure.gravatar.com\\\/avatar\\\/9a6c877da07c0489d3ee9cdb811a7569ce83c5e8d52b1d00aee39093683c6dc2?s=96&d=mm&r=g\",\"contentUrl\":\"https:\\\/\\\/secure.gravatar.com\\\/avatar\\\/9a6c877da07c0489d3ee9cdb811a7569ce83c5e8d52b1d00aee39093683c6dc2?s=96&d=mm&r=g\",\"caption\":\"Redactor\"},\"sameAs\":[\"http:\\\/\\\/centrotierradetodos.es\\\/fctdt\"]}]}<\/script>\n<!-- \/ Yoast SEO plugin. -->","yoast_head_json":{"title":"M\u00e1s de 200 personas rezan en la Playa del Carmen por los migrantes fallecidos frente a la costa de Barbate - Fundaci\u00f3n Centro Tierra de Todos","robots":{"index":"index","follow":"follow","max-snippet":"max-snippet:-1","max-image-preview":"max-image-preview:large","max-video-preview":"max-video-preview:-1"},"canonical":"https:\/\/centrotierradetodos.es\/fctdt\/2021\/10\/22\/mas-de-200-personas-rezan-en-la-playa-del-carmen-por-los-migrantes-fallecidos-frente-a-la-costa-de-barbate\/","og_locale":"es_ES","og_type":"article","og_title":"M\u00e1s de 200 personas rezan en la Playa del Carmen por los migrantes fallecidos frente a la costa de Barbate - Fundaci\u00f3n Centro Tierra de Todos","og_description":"En el centro una alfombra con libros del Cor\u00e1n y de la Biblia, veinticinco velas y veinticinco claveles blancos en memoria de los fallecidos en uno de los m\u00e1s graves dramas humanos de la inmigraci\u00f3n ocurridos en las costas del litoral gaditano, concretamente a treinta millas de la costa de Barbate. La Playa del CarmenSigue leyendo \"M\u00e1s de 200 personas rezan en la Playa del Carmen por los migrantes fallecidos frente a la costa de Barbate\"","og_url":"https:\/\/centrotierradetodos.es\/fctdt\/2021\/10\/22\/mas-de-200-personas-rezan-en-la-playa-del-carmen-por-los-migrantes-fallecidos-frente-a-la-costa-de-barbate\/","og_site_name":"Fundaci\u00f3n Centro Tierra de Todos","article_publisher":"https:\/\/www.facebook.com\/p\/Cardijn-Tierra-de-Todos-Migraciones-100091817239433\/","article_published_time":"2021-10-22T06:05:41+00:00","article_modified_time":"2024-04-24T10:55:58+00:00","og_image":[{"width":1600,"height":987,"url":"https:\/\/centrotierradetodos.es\/fctdt\/wp-content\/uploads\/2021\/10\/20211021_vigilia_migrantes_barbate_web_473.jpg","type":"image\/jpeg"}],"author":"Redactor","twitter_card":"summary_large_image","twitter_misc":{"Escrito por":"Redactor","Tiempo de lectura":"7 minutos"},"schema":{"@context":"https:\/\/schema.org","@graph":[{"@type":"Article","@id":"https:\/\/centrotierradetodos.es\/fctdt\/2021\/10\/22\/mas-de-200-personas-rezan-en-la-playa-del-carmen-por-los-migrantes-fallecidos-frente-a-la-costa-de-barbate\/#article","isPartOf":{"@id":"https:\/\/centrotierradetodos.es\/fctdt\/2021\/10\/22\/mas-de-200-personas-rezan-en-la-playa-del-carmen-por-los-migrantes-fallecidos-frente-a-la-costa-de-barbate\/"},"author":{"name":"Redactor","@id":"https:\/\/centrotierradetodos.es\/fctdt\/#\/schema\/person\/cd853846b72c64b38f6d135b32747e5d"},"headline":"M\u00e1s de 200 personas rezan en la Playa del Carmen por los migrantes fallecidos frente a la costa de Barbate","datePublished":"2021-10-22T06:05:41+00:00","dateModified":"2024-04-24T10:55:58+00:00","mainEntityOfPage":{"@id":"https:\/\/centrotierradetodos.es\/fctdt\/2021\/10\/22\/mas-de-200-personas-rezan-en-la-playa-del-carmen-por-los-migrantes-fallecidos-frente-a-la-costa-de-barbate\/"},"wordCount":715,"publisher":{"@id":"https:\/\/centrotierradetodos.es\/fctdt\/#organization"},"image":{"@id":"https:\/\/centrotierradetodos.es\/fctdt\/2021\/10\/22\/mas-de-200-personas-rezan-en-la-playa-del-carmen-por-los-migrantes-fallecidos-frente-a-la-costa-de-barbate\/#primaryimage"},"thumbnailUrl":"https:\/\/centrotierradetodos.es\/fctdt\/wp-content\/uploads\/2021\/10\/20211021_vigilia_migrantes_barbate_web_473.jpg","articleSection":["Noticias"],"inLanguage":"es"},{"@type":"WebPage","@id":"https:\/\/centrotierradetodos.es\/fctdt\/2021\/10\/22\/mas-de-200-personas-rezan-en-la-playa-del-carmen-por-los-migrantes-fallecidos-frente-a-la-costa-de-barbate\/","url":"https:\/\/centrotierradetodos.es\/fctdt\/2021\/10\/22\/mas-de-200-personas-rezan-en-la-playa-del-carmen-por-los-migrantes-fallecidos-frente-a-la-costa-de-barbate\/","name":"M\u00e1s de 200 personas rezan en la Playa del Carmen por los migrantes fallecidos frente a la costa de Barbate - Fundaci\u00f3n Centro Tierra de Todos","isPartOf":{"@id":"https:\/\/centrotierradetodos.es\/fctdt\/#website"},"primaryImageOfPage":{"@id":"https:\/\/centrotierradetodos.es\/fctdt\/2021\/10\/22\/mas-de-200-personas-rezan-en-la-playa-del-carmen-por-los-migrantes-fallecidos-frente-a-la-costa-de-barbate\/#primaryimage"},"image":{"@id":"https:\/\/centrotierradetodos.es\/fctdt\/2021\/10\/22\/mas-de-200-personas-rezan-en-la-playa-del-carmen-por-los-migrantes-fallecidos-frente-a-la-costa-de-barbate\/#primaryimage"},"thumbnailUrl":"https:\/\/centrotierradetodos.es\/fctdt\/wp-content\/uploads\/2021\/10\/20211021_vigilia_migrantes_barbate_web_473.jpg","datePublished":"2021-10-22T06:05:41+00:00","dateModified":"2024-04-24T10:55:58+00:00","breadcrumb":{"@id":"https:\/\/centrotierradetodos.es\/fctdt\/2021\/10\/22\/mas-de-200-personas-rezan-en-la-playa-del-carmen-por-los-migrantes-fallecidos-frente-a-la-costa-de-barbate\/#breadcrumb"},"inLanguage":"es","potentialAction":[{"@type":"ReadAction","target":["https:\/\/centrotierradetodos.es\/fctdt\/2021\/10\/22\/mas-de-200-personas-rezan-en-la-playa-del-carmen-por-los-migrantes-fallecidos-frente-a-la-costa-de-barbate\/"]}]},{"@type":"ImageObject","inLanguage":"es","@id":"https:\/\/centrotierradetodos.es\/fctdt\/2021\/10\/22\/mas-de-200-personas-rezan-en-la-playa-del-carmen-por-los-migrantes-fallecidos-frente-a-la-costa-de-barbate\/#primaryimage","url":"https:\/\/centrotierradetodos.es\/fctdt\/wp-content\/uploads\/2021\/10\/20211021_vigilia_migrantes_barbate_web_473.jpg","contentUrl":"https:\/\/centrotierradetodos.es\/fctdt\/wp-content\/uploads\/2021\/10\/20211021_vigilia_migrantes_barbate_web_473.jpg","width":1600,"height":987},{"@type":"BreadcrumbList","@id":"https:\/\/centrotierradetodos.es\/fctdt\/2021\/10\/22\/mas-de-200-personas-rezan-en-la-playa-del-carmen-por-los-migrantes-fallecidos-frente-a-la-costa-de-barbate\/#breadcrumb","itemListElement":[{"@type":"ListItem","position":1,"name":"Portada","item":"https:\/\/centrotierradetodos.es\/fctdt\/"},{"@type":"ListItem","position":2,"name":"M\u00e1s de 200 personas rezan en la Playa del Carmen por los migrantes fallecidos frente a la costa de Barbate"}]},{"@type":"WebSite","@id":"https:\/\/centrotierradetodos.es\/fctdt\/#website","url":"https:\/\/centrotierradetodos.es\/fctdt\/","name":"Fundaci\u00f3n Centro Tierra de Todos","description":"La Fundaci\u00f3n Centro Tierra de Todos es una entidad sin \u00e1nimo de lucro, dedicada a la atenci\u00f3n de los j\u00f3venes, de los inmigrantes y de los barrios populares de la ciudad de C\u00e1diz, con el \u00e1nimo de promover un ambicioso proyecto que facilite la igualdad de oportunidades y la promoci\u00f3n y cualificaci\u00f3n de todas estas personas y de todo su entorno social.","publisher":{"@id":"https:\/\/centrotierradetodos.es\/fctdt\/#organization"},"potentialAction":[{"@type":"SearchAction","target":{"@type":"EntryPoint","urlTemplate":"https:\/\/centrotierradetodos.es\/fctdt\/?s={search_term_string}"},"query-input":{"@type":"PropertyValueSpecification","valueRequired":true,"valueName":"search_term_string"}}],"inLanguage":"es"},{"@type":"Organization","@id":"https:\/\/centrotierradetodos.es\/fctdt\/#organization","name":"Fundaci\u00f3n Centro Tierra de Todos","url":"https:\/\/centrotierradetodos.es\/fctdt\/","logo":{"@type":"ImageObject","inLanguage":"es","@id":"https:\/\/centrotierradetodos.es\/fctdt\/#\/schema\/logo\/image\/","url":"https:\/\/centrotierradetodos.es\/fctdt\/wp-content\/uploads\/2021\/03\/cropped-logo_tierra_todos_470x210-1.jpg","contentUrl":"https:\/\/centrotierradetodos.es\/fctdt\/wp-content\/uploads\/2021\/03\/cropped-logo_tierra_todos_470x210-1.jpg","width":470,"height":210,"caption":"Fundaci\u00f3n Centro Tierra de Todos"},"image":{"@id":"https:\/\/centrotierradetodos.es\/fctdt\/#\/schema\/logo\/image\/"},"sameAs":["https:\/\/www.facebook.com\/p\/Cardijn-Tierra-de-Todos-Migraciones-100091817239433\/"]},{"@type":"Person","@id":"https:\/\/centrotierradetodos.es\/fctdt\/#\/schema\/person\/cd853846b72c64b38f6d135b32747e5d","name":"Redactor","image":{"@type":"ImageObject","inLanguage":"es","@id":"https:\/\/secure.gravatar.com\/avatar\/9a6c877da07c0489d3ee9cdb811a7569ce83c5e8d52b1d00aee39093683c6dc2?s=96&d=mm&r=g","url":"https:\/\/secure.gravatar.com\/avatar\/9a6c877da07c0489d3ee9cdb811a7569ce83c5e8d52b1d00aee39093683c6dc2?s=96&d=mm&r=g","contentUrl":"https:\/\/secure.gravatar.com\/avatar\/9a6c877da07c0489d3ee9cdb811a7569ce83c5e8d52b1d00aee39093683c6dc2?s=96&d=mm&r=g","caption":"Redactor"},"sameAs":["http:\/\/centrotierradetodos.es\/fctdt"]}]}},"jetpack_featured_media_url":"https:\/\/centrotierradetodos.es\/fctdt\/wp-content\/uploads\/2021\/10\/20211021_vigilia_migrantes_barbate_web_473.jpg","jetpack_sharing_enabled":true,"_links":{"self":[{"href":"https:\/\/centrotierradetodos.es\/fctdt\/wp-json\/wp\/v2\/posts\/520","targetHints":{"allow":["GET"]}}],"collection":[{"href":"https:\/\/centrotierradetodos.es\/fctdt\/wp-json\/wp\/v2\/posts"}],"about":[{"href":"https:\/\/centrotierradetodos.es\/fctdt\/wp-json\/wp\/v2\/types\/post"}],"author":[{"embeddable":true,"href":"https:\/\/centrotierradetodos.es\/fctdt\/wp-json\/wp\/v2\/users\/1"}],"replies":[{"embeddable":true,"href":"https:\/\/centrotierradetodos.es\/fctdt\/wp-json\/wp\/v2\/comments?post=520"}],"version-history":[{"count":1,"href":"https:\/\/centrotierradetodos.es\/fctdt\/wp-json\/wp\/v2\/posts\/520\/revisions"}],"predecessor-version":[{"id":542,"href":"https:\/\/centrotierradetodos.es\/fctdt\/wp-json\/wp\/v2\/posts\/520\/revisions\/542"}],"wp:featuredmedia":[{"embeddable":true,"href":"https:\/\/centrotierradetodos.es\/fctdt\/wp-json\/wp\/v2\/media\/536"}],"wp:attachment":[{"href":"https:\/\/centrotierradetodos.es\/fctdt\/wp-json\/wp\/v2\/media?parent=520"}],"wp:term":[{"taxonomy":"category","embeddable":true,"href":"https:\/\/centrotierradetodos.es\/fctdt\/wp-json\/wp\/v2\/categories?post=520"},{"taxonomy":"post_tag","embeddable":true,"href":"https:\/\/centrotierradetodos.es\/fctdt\/wp-json\/wp\/v2\/tags?post=520"}],"curies":[{"name":"wp","href":"https:\/\/api.w.org\/{rel}","templated":true}]}}