{"id":513,"date":"2021-10-19T13:47:27","date_gmt":"2021-10-19T11:47:27","guid":{"rendered":"http:\/\/centrotierradetodos.es\/fctdt\/?p=513"},"modified":"2024-04-24T12:55:58","modified_gmt":"2024-04-24T10:55:58","slug":"vigilia-de-oracion-por-los-migrantes-fallecidos-frente-a-la-costa-de-barbate","status":"publish","type":"post","link":"https:\/\/centrotierradetodos.es\/fctdt\/2021\/10\/19\/vigilia-de-oracion-por-los-migrantes-fallecidos-frente-a-la-costa-de-barbate\/","title":{"rendered":"Vigilia de oraci\u00f3n por los migrantes fallecidos frente a la costa de Barbate"},"content":{"rendered":"\n<p>El Secretariado de Migraciones de la Di\u00f3cesis de C\u00e1diz y Ceuta manifiesta su honda preocupaci\u00f3n y profundo dolor ante uno de los m\u00e1s graves dramas humanos de la inmigraci\u00f3n ocurridos en las costas del litoral gaditano, a treinta millas de la costa de Barbate, y que ha desembocado con la muerte de m\u00e1s de veinte inmigrantes que se dirig\u00edan a las costas de la provincia de C\u00e1diz en una patera.<\/p>\n\n\n\n<p>De esta manera, aseguran que \u00absiguen las muertes y sigue la \u2018globalizaci\u00f3n de la indiferencia\u2019. A\u00f1o tras otro, desde la impotencia y la rebeld\u00eda interior, se nos sigue helando el coraz\u00f3n con cada rescate o desaparici\u00f3n de un inmigrante fallecido. Sucede todos los a\u00f1os. Unas veces en esta orilla y otras en la de enfrente. Los cad\u00e1veres ya forman parte de este paisaje. A veces, nos toca enterrar a los muertos con la mayor dignidad posible. Otras veces, el mar se los traga y s\u00f3lo el cielo y las estrellas acompa\u00f1an a estos muertos. Y todos los que tienen algo que ver en este asunto, miran para otro lado, porque la culpa de los fallecidos en las dos orillas del Estrecho siempre la tienen los muertos\u00bb.<\/p>\n\n\n\n<p>Seg\u00fan las \u00faltimas noticias hay 3 supervivientes, 10 cuerpos recuperados y se sigue buscando a otras 15 personas.<\/p>\n\n\n\n<p>El Secretariado de Migraciones quiere expresar su solidaridad con las familias de todos estos inmigrantes, al tiempo que denunciar la muerte de todas estas personas inocentes y las causas que las originan.<\/p>\n\n\n\n<p>As\u00ed, demandan de los Gobiernos de todos los pa\u00edses afectados en estos graves sucesos, generados por una inmigraci\u00f3n que vive una situaci\u00f3n muy desesperada, que se aborden las pol\u00edticas y los medios necesarios para evitar que se repitan estos dramas y tragedias.<\/p>\n\n\n\n<p>De la misma manera, encomiendan en sus oraciones a todos estos hermanos fallecidos y a sus familias. \u00abDesde el silencio de nuestra oraci\u00f3n queremos hacer llegar hasta la otra orilla nuestro dolor y nuestra solidaridad y afecto, al tiempo que expresamos nuestro deseo de que este paso fronterizo en las aguas que separan las dos orillas dejen de ser espacios de dolor, sufrimiento, dramas y muertes, y se conviertan en lugares de encuentro, amistad e intercambio entre los pueblos de los dos continentes\u00bb.<\/p>\n\n\n\n<p>Por este motivo, el Secretariado de Migraciones de la Di\u00f3cesis de C\u00e1diz y Ceuta ha organizado el jueves 21 de octubre, a las 18.30 horas, en la playa del Carmen de Barbate, una Vigilia de Oraci\u00f3n en memoria de estas personas y de sus familiares, que estar\u00e1 presidida por el obispo diocesano, Mons. Rafael Zornoza.<\/p>\n\n\n\n<p>El Secretariado pondr\u00e1 un autob\u00fas para todo aquel que quiera asistir al acto.<\/p>\n\n\n\n<p>Para m\u00e1s informaci\u00f3n: Fundaci\u00f3n Centro TIERRA DE TODOS. Tlf. 956290714.<\/p>\n","protected":false},"excerpt":{"rendered":"<p>El Secretariado de Migraciones de la Di\u00f3cesis de C\u00e1diz y Ceuta manifiesta su honda preocupaci\u00f3n y profundo dolor ante uno de los m\u00e1s graves dramas humanos de la inmigraci\u00f3n ocurridos en las costas del litoral gaditano, a treinta millas de la costa de Barbate, y que ha desembocado con la muerte de m\u00e1s de veinte<a class=\"more-link\" href=\"https:\/\/centrotierradetodos.es\/fctdt\/2021\/10\/19\/vigilia-de-oracion-por-los-migrantes-fallecidos-frente-a-la-costa-de-barbate\/\">Sigue leyendo <span class=\"screen-reader-text\">\u00abVigilia de oraci\u00f3n por los migrantes fallecidos frente a la costa de Barbate\u00bb<\/span><\/a><\/p>\n","protected":false},"author":1,"featured_media":514,"comment_status":"closed","ping_status":"open","sticky":false,"template":"","format":"standard","meta":{"_editorskit_title_hidden":false,"_editorskit_reading_time":0,"_editorskit_is_block_options_detached":false,"_editorskit_block_options_position":"{}","_coblocks_attr":"","_coblocks_dimensions":"","_coblocks_responsive_height":"","_coblocks_accordion_ie_support":"","_monsterinsights_skip_tracking":false,"_monsterinsights_sitenote_active":false,"_monsterinsights_sitenote_note":"","_monsterinsights_sitenote_category":0,"_jetpack_memberships_contains_paid_content":false,"footnotes":""},"categories":[12],"tags":[],"class_list":["post-513","post","type-post","status-publish","format-standard","has-post-thumbnail","hentry","category-noticias","entry"],"yoast_head":"<!-- This site is optimized with the Yoast SEO plugin v27.5 - https:\/\/yoast.com\/product\/yoast-seo-wordpress\/ -->\n<title>Vigilia de oraci\u00f3n por los migrantes fallecidos frente a la costa de Barbate - Fundaci\u00f3n Centro Tierra de Todos<\/title>\n<meta name=\"robots\" content=\"index, follow, max-snippet:-1, max-image-preview:large, max-video-preview:-1\" \/>\n<link rel=\"canonical\" href=\"https:\/\/centrotierradetodos.es\/fctdt\/2021\/10\/19\/vigilia-de-oracion-por-los-migrantes-fallecidos-frente-a-la-costa-de-barbate\/\" \/>\n<meta property=\"og:locale\" content=\"es_ES\" \/>\n<meta property=\"og:type\" content=\"article\" \/>\n<meta property=\"og:title\" content=\"Vigilia de oraci\u00f3n por los migrantes fallecidos frente a la costa de Barbate - Fundaci\u00f3n Centro Tierra de Todos\" \/>\n<meta property=\"og:description\" content=\"El Secretariado de Migraciones de la Di\u00f3cesis de C\u00e1diz y Ceuta manifiesta su honda preocupaci\u00f3n y profundo dolor ante uno de los m\u00e1s graves dramas humanos de la inmigraci\u00f3n ocurridos en las costas del litoral gaditano, a treinta millas de la costa de Barbate, y que ha desembocado con la muerte de m\u00e1s de veinteSigue leyendo &quot;Vigilia de oraci\u00f3n por los migrantes fallecidos frente a la costa de Barbate&quot;\" \/>\n<meta property=\"og:url\" content=\"https:\/\/centrotierradetodos.es\/fctdt\/2021\/10\/19\/vigilia-de-oracion-por-los-migrantes-fallecidos-frente-a-la-costa-de-barbate\/\" \/>\n<meta property=\"og:site_name\" content=\"Fundaci\u00f3n Centro Tierra de Todos\" \/>\n<meta property=\"article:publisher\" content=\"https:\/\/www.facebook.com\/p\/Cardijn-Tierra-de-Todos-Migraciones-100091817239433\/\" \/>\n<meta property=\"article:published_time\" content=\"2021-10-19T11:47:27+00:00\" \/>\n<meta property=\"article:modified_time\" content=\"2024-04-24T10:55:58+00:00\" \/>\n<meta property=\"og:image\" content=\"https:\/\/centrotierradetodos.es\/fctdt\/wp-content\/uploads\/2021\/10\/20211019_cartel_vigilia_oracion_barbate.jpg\" \/>\n\t<meta property=\"og:image:width\" content=\"900\" \/>\n\t<meta property=\"og:image:height\" content=\"1600\" \/>\n\t<meta property=\"og:image:type\" content=\"image\/jpeg\" \/>\n<meta name=\"author\" content=\"Redactor\" \/>\n<meta name=\"twitter:card\" content=\"summary_large_image\" \/>\n<meta name=\"twitter:label1\" content=\"Escrito por\" \/>\n\t<meta name=\"twitter:data1\" content=\"Redactor\" \/>\n\t<meta name=\"twitter:label2\" content=\"Tiempo de lectura\" \/>\n\t<meta name=\"twitter:data2\" content=\"2 minutos\" \/>\n<script type=\"application\/ld+json\" class=\"yoast-schema-graph\">{\"@context\":\"https:\\\/\\\/schema.org\",\"@graph\":[{\"@type\":\"Article\",\"@id\":\"https:\\\/\\\/centrotierradetodos.es\\\/fctdt\\\/2021\\\/10\\\/19\\\/vigilia-de-oracion-por-los-migrantes-fallecidos-frente-a-la-costa-de-barbate\\\/#article\",\"isPartOf\":{\"@id\":\"https:\\\/\\\/centrotierradetodos.es\\\/fctdt\\\/2021\\\/10\\\/19\\\/vigilia-de-oracion-por-los-migrantes-fallecidos-frente-a-la-costa-de-barbate\\\/\"},\"author\":{\"name\":\"Redactor\",\"@id\":\"https:\\\/\\\/centrotierradetodos.es\\\/fctdt\\\/#\\\/schema\\\/person\\\/cd853846b72c64b38f6d135b32747e5d\"},\"headline\":\"Vigilia de oraci\u00f3n por los migrantes fallecidos frente a la costa de Barbate\",\"datePublished\":\"2021-10-19T11:47:27+00:00\",\"dateModified\":\"2024-04-24T10:55:58+00:00\",\"mainEntityOfPage\":{\"@id\":\"https:\\\/\\\/centrotierradetodos.es\\\/fctdt\\\/2021\\\/10\\\/19\\\/vigilia-de-oracion-por-los-migrantes-fallecidos-frente-a-la-costa-de-barbate\\\/\"},\"wordCount\":487,\"publisher\":{\"@id\":\"https:\\\/\\\/centrotierradetodos.es\\\/fctdt\\\/#organization\"},\"image\":{\"@id\":\"https:\\\/\\\/centrotierradetodos.es\\\/fctdt\\\/2021\\\/10\\\/19\\\/vigilia-de-oracion-por-los-migrantes-fallecidos-frente-a-la-costa-de-barbate\\\/#primaryimage\"},\"thumbnailUrl\":\"https:\\\/\\\/centrotierradetodos.es\\\/fctdt\\\/wp-content\\\/uploads\\\/2021\\\/10\\\/20211019_cartel_vigilia_oracion_barbate.jpg\",\"articleSection\":[\"Noticias\"],\"inLanguage\":\"es\"},{\"@type\":\"WebPage\",\"@id\":\"https:\\\/\\\/centrotierradetodos.es\\\/fctdt\\\/2021\\\/10\\\/19\\\/vigilia-de-oracion-por-los-migrantes-fallecidos-frente-a-la-costa-de-barbate\\\/\",\"url\":\"https:\\\/\\\/centrotierradetodos.es\\\/fctdt\\\/2021\\\/10\\\/19\\\/vigilia-de-oracion-por-los-migrantes-fallecidos-frente-a-la-costa-de-barbate\\\/\",\"name\":\"Vigilia de oraci\u00f3n por los migrantes fallecidos frente a la costa de Barbate - Fundaci\u00f3n Centro Tierra de Todos\",\"isPartOf\":{\"@id\":\"https:\\\/\\\/centrotierradetodos.es\\\/fctdt\\\/#website\"},\"primaryImageOfPage\":{\"@id\":\"https:\\\/\\\/centrotierradetodos.es\\\/fctdt\\\/2021\\\/10\\\/19\\\/vigilia-de-oracion-por-los-migrantes-fallecidos-frente-a-la-costa-de-barbate\\\/#primaryimage\"},\"image\":{\"@id\":\"https:\\\/\\\/centrotierradetodos.es\\\/fctdt\\\/2021\\\/10\\\/19\\\/vigilia-de-oracion-por-los-migrantes-fallecidos-frente-a-la-costa-de-barbate\\\/#primaryimage\"},\"thumbnailUrl\":\"https:\\\/\\\/centrotierradetodos.es\\\/fctdt\\\/wp-content\\\/uploads\\\/2021\\\/10\\\/20211019_cartel_vigilia_oracion_barbate.jpg\",\"datePublished\":\"2021-10-19T11:47:27+00:00\",\"dateModified\":\"2024-04-24T10:55:58+00:00\",\"breadcrumb\":{\"@id\":\"https:\\\/\\\/centrotierradetodos.es\\\/fctdt\\\/2021\\\/10\\\/19\\\/vigilia-de-oracion-por-los-migrantes-fallecidos-frente-a-la-costa-de-barbate\\\/#breadcrumb\"},\"inLanguage\":\"es\",\"potentialAction\":[{\"@type\":\"ReadAction\",\"target\":[\"https:\\\/\\\/centrotierradetodos.es\\\/fctdt\\\/2021\\\/10\\\/19\\\/vigilia-de-oracion-por-los-migrantes-fallecidos-frente-a-la-costa-de-barbate\\\/\"]}]},{\"@type\":\"ImageObject\",\"inLanguage\":\"es\",\"@id\":\"https:\\\/\\\/centrotierradetodos.es\\\/fctdt\\\/2021\\\/10\\\/19\\\/vigilia-de-oracion-por-los-migrantes-fallecidos-frente-a-la-costa-de-barbate\\\/#primaryimage\",\"url\":\"https:\\\/\\\/centrotierradetodos.es\\\/fctdt\\\/wp-content\\\/uploads\\\/2021\\\/10\\\/20211019_cartel_vigilia_oracion_barbate.jpg\",\"contentUrl\":\"https:\\\/\\\/centrotierradetodos.es\\\/fctdt\\\/wp-content\\\/uploads\\\/2021\\\/10\\\/20211019_cartel_vigilia_oracion_barbate.jpg\",\"width\":900,\"height\":1600},{\"@type\":\"BreadcrumbList\",\"@id\":\"https:\\\/\\\/centrotierradetodos.es\\\/fctdt\\\/2021\\\/10\\\/19\\\/vigilia-de-oracion-por-los-migrantes-fallecidos-frente-a-la-costa-de-barbate\\\/#breadcrumb\",\"itemListElement\":[{\"@type\":\"ListItem\",\"position\":1,\"name\":\"Portada\",\"item\":\"https:\\\/\\\/centrotierradetodos.es\\\/fctdt\\\/\"},{\"@type\":\"ListItem\",\"position\":2,\"name\":\"Vigilia de oraci\u00f3n por los migrantes fallecidos frente a la costa de Barbate\"}]},{\"@type\":\"WebSite\",\"@id\":\"https:\\\/\\\/centrotierradetodos.es\\\/fctdt\\\/#website\",\"url\":\"https:\\\/\\\/centrotierradetodos.es\\\/fctdt\\\/\",\"name\":\"Fundaci\u00f3n Centro Tierra de Todos\",\"description\":\"La Fundaci\u00f3n Centro Tierra de Todos es una entidad sin \u00e1nimo de lucro, dedicada a la atenci\u00f3n de los j\u00f3venes, de los inmigrantes y de los barrios populares de la ciudad de C\u00e1diz, con el \u00e1nimo de promover un ambicioso proyecto que facilite la igualdad de oportunidades y la promoci\u00f3n y cualificaci\u00f3n de todas estas personas y de todo su entorno social.\",\"publisher\":{\"@id\":\"https:\\\/\\\/centrotierradetodos.es\\\/fctdt\\\/#organization\"},\"potentialAction\":[{\"@type\":\"SearchAction\",\"target\":{\"@type\":\"EntryPoint\",\"urlTemplate\":\"https:\\\/\\\/centrotierradetodos.es\\\/fctdt\\\/?s={search_term_string}\"},\"query-input\":{\"@type\":\"PropertyValueSpecification\",\"valueRequired\":true,\"valueName\":\"search_term_string\"}}],\"inLanguage\":\"es\"},{\"@type\":\"Organization\",\"@id\":\"https:\\\/\\\/centrotierradetodos.es\\\/fctdt\\\/#organization\",\"name\":\"Fundaci\u00f3n Centro Tierra de Todos\",\"url\":\"https:\\\/\\\/centrotierradetodos.es\\\/fctdt\\\/\",\"logo\":{\"@type\":\"ImageObject\",\"inLanguage\":\"es\",\"@id\":\"https:\\\/\\\/centrotierradetodos.es\\\/fctdt\\\/#\\\/schema\\\/logo\\\/image\\\/\",\"url\":\"https:\\\/\\\/centrotierradetodos.es\\\/fctdt\\\/wp-content\\\/uploads\\\/2021\\\/03\\\/cropped-logo_tierra_todos_470x210-1.jpg\",\"contentUrl\":\"https:\\\/\\\/centrotierradetodos.es\\\/fctdt\\\/wp-content\\\/uploads\\\/2021\\\/03\\\/cropped-logo_tierra_todos_470x210-1.jpg\",\"width\":470,\"height\":210,\"caption\":\"Fundaci\u00f3n Centro Tierra de Todos\"},\"image\":{\"@id\":\"https:\\\/\\\/centrotierradetodos.es\\\/fctdt\\\/#\\\/schema\\\/logo\\\/image\\\/\"},\"sameAs\":[\"https:\\\/\\\/www.facebook.com\\\/p\\\/Cardijn-Tierra-de-Todos-Migraciones-100091817239433\\\/\"]},{\"@type\":\"Person\",\"@id\":\"https:\\\/\\\/centrotierradetodos.es\\\/fctdt\\\/#\\\/schema\\\/person\\\/cd853846b72c64b38f6d135b32747e5d\",\"name\":\"Redactor\",\"image\":{\"@type\":\"ImageObject\",\"inLanguage\":\"es\",\"@id\":\"https:\\\/\\\/secure.gravatar.com\\\/avatar\\\/9a6c877da07c0489d3ee9cdb811a7569ce83c5e8d52b1d00aee39093683c6dc2?s=96&d=mm&r=g\",\"url\":\"https:\\\/\\\/secure.gravatar.com\\\/avatar\\\/9a6c877da07c0489d3ee9cdb811a7569ce83c5e8d52b1d00aee39093683c6dc2?s=96&d=mm&r=g\",\"contentUrl\":\"https:\\\/\\\/secure.gravatar.com\\\/avatar\\\/9a6c877da07c0489d3ee9cdb811a7569ce83c5e8d52b1d00aee39093683c6dc2?s=96&d=mm&r=g\",\"caption\":\"Redactor\"},\"sameAs\":[\"http:\\\/\\\/centrotierradetodos.es\\\/fctdt\"]}]}<\/script>\n<!-- \/ Yoast SEO plugin. -->","yoast_head_json":{"title":"Vigilia de oraci\u00f3n por los migrantes fallecidos frente a la costa de Barbate - Fundaci\u00f3n Centro Tierra de Todos","robots":{"index":"index","follow":"follow","max-snippet":"max-snippet:-1","max-image-preview":"max-image-preview:large","max-video-preview":"max-video-preview:-1"},"canonical":"https:\/\/centrotierradetodos.es\/fctdt\/2021\/10\/19\/vigilia-de-oracion-por-los-migrantes-fallecidos-frente-a-la-costa-de-barbate\/","og_locale":"es_ES","og_type":"article","og_title":"Vigilia de oraci\u00f3n por los migrantes fallecidos frente a la costa de Barbate - Fundaci\u00f3n Centro Tierra de Todos","og_description":"El Secretariado de Migraciones de la Di\u00f3cesis de C\u00e1diz y Ceuta manifiesta su honda preocupaci\u00f3n y profundo dolor ante uno de los m\u00e1s graves dramas humanos de la inmigraci\u00f3n ocurridos en las costas del litoral gaditano, a treinta millas de la costa de Barbate, y que ha desembocado con la muerte de m\u00e1s de veinteSigue leyendo \"Vigilia de oraci\u00f3n por los migrantes fallecidos frente a la costa de Barbate\"","og_url":"https:\/\/centrotierradetodos.es\/fctdt\/2021\/10\/19\/vigilia-de-oracion-por-los-migrantes-fallecidos-frente-a-la-costa-de-barbate\/","og_site_name":"Fundaci\u00f3n Centro Tierra de Todos","article_publisher":"https:\/\/www.facebook.com\/p\/Cardijn-Tierra-de-Todos-Migraciones-100091817239433\/","article_published_time":"2021-10-19T11:47:27+00:00","article_modified_time":"2024-04-24T10:55:58+00:00","og_image":[{"width":900,"height":1600,"url":"https:\/\/centrotierradetodos.es\/fctdt\/wp-content\/uploads\/2021\/10\/20211019_cartel_vigilia_oracion_barbate.jpg","type":"image\/jpeg"}],"author":"Redactor","twitter_card":"summary_large_image","twitter_misc":{"Escrito por":"Redactor","Tiempo de lectura":"2 minutos"},"schema":{"@context":"https:\/\/schema.org","@graph":[{"@type":"Article","@id":"https:\/\/centrotierradetodos.es\/fctdt\/2021\/10\/19\/vigilia-de-oracion-por-los-migrantes-fallecidos-frente-a-la-costa-de-barbate\/#article","isPartOf":{"@id":"https:\/\/centrotierradetodos.es\/fctdt\/2021\/10\/19\/vigilia-de-oracion-por-los-migrantes-fallecidos-frente-a-la-costa-de-barbate\/"},"author":{"name":"Redactor","@id":"https:\/\/centrotierradetodos.es\/fctdt\/#\/schema\/person\/cd853846b72c64b38f6d135b32747e5d"},"headline":"Vigilia de oraci\u00f3n por los migrantes fallecidos frente a la costa de Barbate","datePublished":"2021-10-19T11:47:27+00:00","dateModified":"2024-04-24T10:55:58+00:00","mainEntityOfPage":{"@id":"https:\/\/centrotierradetodos.es\/fctdt\/2021\/10\/19\/vigilia-de-oracion-por-los-migrantes-fallecidos-frente-a-la-costa-de-barbate\/"},"wordCount":487,"publisher":{"@id":"https:\/\/centrotierradetodos.es\/fctdt\/#organization"},"image":{"@id":"https:\/\/centrotierradetodos.es\/fctdt\/2021\/10\/19\/vigilia-de-oracion-por-los-migrantes-fallecidos-frente-a-la-costa-de-barbate\/#primaryimage"},"thumbnailUrl":"https:\/\/centrotierradetodos.es\/fctdt\/wp-content\/uploads\/2021\/10\/20211019_cartel_vigilia_oracion_barbate.jpg","articleSection":["Noticias"],"inLanguage":"es"},{"@type":"WebPage","@id":"https:\/\/centrotierradetodos.es\/fctdt\/2021\/10\/19\/vigilia-de-oracion-por-los-migrantes-fallecidos-frente-a-la-costa-de-barbate\/","url":"https:\/\/centrotierradetodos.es\/fctdt\/2021\/10\/19\/vigilia-de-oracion-por-los-migrantes-fallecidos-frente-a-la-costa-de-barbate\/","name":"Vigilia de oraci\u00f3n por los migrantes fallecidos frente a la costa de Barbate - Fundaci\u00f3n Centro Tierra de Todos","isPartOf":{"@id":"https:\/\/centrotierradetodos.es\/fctdt\/#website"},"primaryImageOfPage":{"@id":"https:\/\/centrotierradetodos.es\/fctdt\/2021\/10\/19\/vigilia-de-oracion-por-los-migrantes-fallecidos-frente-a-la-costa-de-barbate\/#primaryimage"},"image":{"@id":"https:\/\/centrotierradetodos.es\/fctdt\/2021\/10\/19\/vigilia-de-oracion-por-los-migrantes-fallecidos-frente-a-la-costa-de-barbate\/#primaryimage"},"thumbnailUrl":"https:\/\/centrotierradetodos.es\/fctdt\/wp-content\/uploads\/2021\/10\/20211019_cartel_vigilia_oracion_barbate.jpg","datePublished":"2021-10-19T11:47:27+00:00","dateModified":"2024-04-24T10:55:58+00:00","breadcrumb":{"@id":"https:\/\/centrotierradetodos.es\/fctdt\/2021\/10\/19\/vigilia-de-oracion-por-los-migrantes-fallecidos-frente-a-la-costa-de-barbate\/#breadcrumb"},"inLanguage":"es","potentialAction":[{"@type":"ReadAction","target":["https:\/\/centrotierradetodos.es\/fctdt\/2021\/10\/19\/vigilia-de-oracion-por-los-migrantes-fallecidos-frente-a-la-costa-de-barbate\/"]}]},{"@type":"ImageObject","inLanguage":"es","@id":"https:\/\/centrotierradetodos.es\/fctdt\/2021\/10\/19\/vigilia-de-oracion-por-los-migrantes-fallecidos-frente-a-la-costa-de-barbate\/#primaryimage","url":"https:\/\/centrotierradetodos.es\/fctdt\/wp-content\/uploads\/2021\/10\/20211019_cartel_vigilia_oracion_barbate.jpg","contentUrl":"https:\/\/centrotierradetodos.es\/fctdt\/wp-content\/uploads\/2021\/10\/20211019_cartel_vigilia_oracion_barbate.jpg","width":900,"height":1600},{"@type":"BreadcrumbList","@id":"https:\/\/centrotierradetodos.es\/fctdt\/2021\/10\/19\/vigilia-de-oracion-por-los-migrantes-fallecidos-frente-a-la-costa-de-barbate\/#breadcrumb","itemListElement":[{"@type":"ListItem","position":1,"name":"Portada","item":"https:\/\/centrotierradetodos.es\/fctdt\/"},{"@type":"ListItem","position":2,"name":"Vigilia de oraci\u00f3n por los migrantes fallecidos frente a la costa de Barbate"}]},{"@type":"WebSite","@id":"https:\/\/centrotierradetodos.es\/fctdt\/#website","url":"https:\/\/centrotierradetodos.es\/fctdt\/","name":"Fundaci\u00f3n Centro Tierra de Todos","description":"La Fundaci\u00f3n Centro Tierra de Todos es una entidad sin \u00e1nimo de lucro, dedicada a la atenci\u00f3n de los j\u00f3venes, de los inmigrantes y de los barrios populares de la ciudad de C\u00e1diz, con el \u00e1nimo de promover un ambicioso proyecto que facilite la igualdad de oportunidades y la promoci\u00f3n y cualificaci\u00f3n de todas estas personas y de todo su entorno social.","publisher":{"@id":"https:\/\/centrotierradetodos.es\/fctdt\/#organization"},"potentialAction":[{"@type":"SearchAction","target":{"@type":"EntryPoint","urlTemplate":"https:\/\/centrotierradetodos.es\/fctdt\/?s={search_term_string}"},"query-input":{"@type":"PropertyValueSpecification","valueRequired":true,"valueName":"search_term_string"}}],"inLanguage":"es"},{"@type":"Organization","@id":"https:\/\/centrotierradetodos.es\/fctdt\/#organization","name":"Fundaci\u00f3n Centro Tierra de Todos","url":"https:\/\/centrotierradetodos.es\/fctdt\/","logo":{"@type":"ImageObject","inLanguage":"es","@id":"https:\/\/centrotierradetodos.es\/fctdt\/#\/schema\/logo\/image\/","url":"https:\/\/centrotierradetodos.es\/fctdt\/wp-content\/uploads\/2021\/03\/cropped-logo_tierra_todos_470x210-1.jpg","contentUrl":"https:\/\/centrotierradetodos.es\/fctdt\/wp-content\/uploads\/2021\/03\/cropped-logo_tierra_todos_470x210-1.jpg","width":470,"height":210,"caption":"Fundaci\u00f3n Centro Tierra de Todos"},"image":{"@id":"https:\/\/centrotierradetodos.es\/fctdt\/#\/schema\/logo\/image\/"},"sameAs":["https:\/\/www.facebook.com\/p\/Cardijn-Tierra-de-Todos-Migraciones-100091817239433\/"]},{"@type":"Person","@id":"https:\/\/centrotierradetodos.es\/fctdt\/#\/schema\/person\/cd853846b72c64b38f6d135b32747e5d","name":"Redactor","image":{"@type":"ImageObject","inLanguage":"es","@id":"https:\/\/secure.gravatar.com\/avatar\/9a6c877da07c0489d3ee9cdb811a7569ce83c5e8d52b1d00aee39093683c6dc2?s=96&d=mm&r=g","url":"https:\/\/secure.gravatar.com\/avatar\/9a6c877da07c0489d3ee9cdb811a7569ce83c5e8d52b1d00aee39093683c6dc2?s=96&d=mm&r=g","contentUrl":"https:\/\/secure.gravatar.com\/avatar\/9a6c877da07c0489d3ee9cdb811a7569ce83c5e8d52b1d00aee39093683c6dc2?s=96&d=mm&r=g","caption":"Redactor"},"sameAs":["http:\/\/centrotierradetodos.es\/fctdt"]}]}},"jetpack_featured_media_url":"https:\/\/centrotierradetodos.es\/fctdt\/wp-content\/uploads\/2021\/10\/20211019_cartel_vigilia_oracion_barbate.jpg","jetpack_sharing_enabled":true,"_links":{"self":[{"href":"https:\/\/centrotierradetodos.es\/fctdt\/wp-json\/wp\/v2\/posts\/513","targetHints":{"allow":["GET"]}}],"collection":[{"href":"https:\/\/centrotierradetodos.es\/fctdt\/wp-json\/wp\/v2\/posts"}],"about":[{"href":"https:\/\/centrotierradetodos.es\/fctdt\/wp-json\/wp\/v2\/types\/post"}],"author":[{"embeddable":true,"href":"https:\/\/centrotierradetodos.es\/fctdt\/wp-json\/wp\/v2\/users\/1"}],"replies":[{"embeddable":true,"href":"https:\/\/centrotierradetodos.es\/fctdt\/wp-json\/wp\/v2\/comments?post=513"}],"version-history":[{"count":1,"href":"https:\/\/centrotierradetodos.es\/fctdt\/wp-json\/wp\/v2\/posts\/513\/revisions"}],"predecessor-version":[{"id":515,"href":"https:\/\/centrotierradetodos.es\/fctdt\/wp-json\/wp\/v2\/posts\/513\/revisions\/515"}],"wp:featuredmedia":[{"embeddable":true,"href":"https:\/\/centrotierradetodos.es\/fctdt\/wp-json\/wp\/v2\/media\/514"}],"wp:attachment":[{"href":"https:\/\/centrotierradetodos.es\/fctdt\/wp-json\/wp\/v2\/media?parent=513"}],"wp:term":[{"taxonomy":"category","embeddable":true,"href":"https:\/\/centrotierradetodos.es\/fctdt\/wp-json\/wp\/v2\/categories?post=513"},{"taxonomy":"post_tag","embeddable":true,"href":"https:\/\/centrotierradetodos.es\/fctdt\/wp-json\/wp\/v2\/tags?post=513"}],"curies":[{"name":"wp","href":"https:\/\/api.w.org\/{rel}","templated":true}]}}