{"id":507,"date":"2021-10-14T09:17:03","date_gmt":"2021-10-14T07:17:03","guid":{"rendered":"http:\/\/centrotierradetodos.es\/fctdt\/?p=507"},"modified":"2024-04-24T12:55:58","modified_gmt":"2024-04-24T10:55:58","slug":"el-circulo-de-silencio-de-octubre-estuvo-dedicado-a-la-jornada-del-migrante-y-del-refugiado","status":"publish","type":"post","link":"https:\/\/centrotierradetodos.es\/fctdt\/2021\/10\/14\/el-circulo-de-silencio-de-octubre-estuvo-dedicado-a-la-jornada-del-migrante-y-del-refugiado\/","title":{"rendered":"El C\u00edrculo de Silencio de octubre estuvo dedicado a la Jornada del Migrante y del Refugiado"},"content":{"rendered":"\n<p>La Mesa Diocesana de Atenci\u00f3n y Acogida de Migrantes y Refugiados de C\u00e1diz y Ceuta, a trav\u00e9s de la concentraci\u00f3n del C\u00edrculo de Silencio, quiso profundizar en la Jornada Mundial del Migrante y del Refugiado, celebrada el pasado mes.<\/p>\n\n\n\n<p>As\u00ed, bajo el lema <em>Hacia un nosotros cada vez m\u00e1s grande<\/em>, y reunidos, como es costumbre, en la Plaza de la Catedral de C\u00e1diz, a trav\u00e9s de la lectura de un manifiesto, recordaron distintos fragmentos del mensaje de Su Santidad para esta jornada, para ayudar a interiorizar esa idea de \u201cun nosotros cada vez m\u00e1s grande\u201d.<\/p>\n\n\n\n<p>Para los organizadores del C\u00edrculo de Silencio, la Jornada Mundial del Migrante y del Refugiado es \u201cun d\u00eda cargado de emociones para el Secretariado de Migraciones de C\u00e1diz y Ceuta, en el que celebramos la oportunidad del crecimiento que nos brindan las migraciones\u201d. Asimismo, esta jornada supone \u201cuna parada en el camino para revisar el trabajo y la actitudes para con los migrantes, ya que nuestra provincia es un punto estrat\u00e9gico en el hecho migratorio de Europa\u201d.<\/p>\n\n\n\n<p>Como dice el Papa Francisco en su mensaje, \u201ctodos estamos en la misma barca y estamos llamados a comprometernos para que no haya m\u00e1s muros que nos separen, que no haya m\u00e1s&nbsp;otros, sino s\u00f3lo un&nbsp;nosotros, grande como toda la humanidad. Por eso, aprovecho la ocasi\u00f3n de esta Jornada para hacer un doble llamamiento a caminar juntos hacia un&nbsp;nosotros&nbsp;cada vez m\u00e1s grande\u2026 El futuro de nuestras sociedades es un futuro \u2018lleno de color\u2019, enriquecido por la diversidad y las relaciones interculturales. Por eso debemos aprender hoy a vivir juntos, en armon\u00eda y paz\u2026 Pero para alcanzar este ideal, debemos esforzarnos todos para derribar los muros que nos separan y construir puentes que favorezcan la cultura del encuentro, conscientes de la \u00edntima interconexi\u00f3n que existe entre nosotros. En esta perspectiva, las migraciones contempor\u00e1neas nos brindan la oportunidad de superar nuestros miedos para dejarnos enriquecer por la diversidad del don de cada uno\u201d.<\/p>\n\n\n\n<p>De esta manera, y con el deseo de seguir trabajando \u201cpor un nosotros cada vez m\u00e1s grande\u201d, se dio paso al tiempo de silencio.\u00a0<\/p>\n\n\n\n<div class=\"wp-block-jetpack-tiled-gallery aligncenter is-style-rectangular\"><div class=\"tiled-gallery__gallery\"><div class=\"tiled-gallery__row\"><div class=\"tiled-gallery__col\" style=\"flex-basis:48.73168%\"><figure class=\"tiled-gallery__item\"><img decoding=\"async\" srcset=\"https:\/\/i1.wp.com\/centrotierradetodos.es\/fctdt\/wp-content\/uploads\/2021\/10\/20211013_circulo_silencio_web_392-1024x683.jpg?strip=info&#038;w=600 600w,https:\/\/i1.wp.com\/centrotierradetodos.es\/fctdt\/wp-content\/uploads\/2021\/10\/20211013_circulo_silencio_web_392-1024x683.jpg?strip=info&#038;w=900 900w,https:\/\/i1.wp.com\/centrotierradetodos.es\/fctdt\/wp-content\/uploads\/2021\/10\/20211013_circulo_silencio_web_392-1024x683.jpg?strip=info&#038;w=1200 1200w,https:\/\/i1.wp.com\/centrotierradetodos.es\/fctdt\/wp-content\/uploads\/2021\/10\/20211013_circulo_silencio_web_392-1024x683.jpg?strip=info&#038;w=1500 1500w,https:\/\/i1.wp.com\/centrotierradetodos.es\/fctdt\/wp-content\/uploads\/2021\/10\/20211013_circulo_silencio_web_392-1024x683.jpg?strip=info&#038;w=1600 1600w\" alt=\"\" data-height=\"1067\" data-id=\"508\" data-link=\"http:\/\/centrotierradetodos.es\/fctdt\/?attachment_id=508\" data-url=\"http:\/\/centrotierradetodos.es\/fctdt\/wp-content\/uploads\/2021\/10\/20211013_circulo_silencio_web_392-1024x683.jpg\" data-width=\"1600\" src=\"https:\/\/i1.wp.com\/centrotierradetodos.es\/fctdt\/wp-content\/uploads\/2021\/10\/20211013_circulo_silencio_web_392-1024x683.jpg\" data-amp-layout=\"responsive\"\/><\/figure><\/div><div class=\"tiled-gallery__col\" style=\"flex-basis:51.26832%\"><figure class=\"tiled-gallery__item\"><img decoding=\"async\" srcset=\"https:\/\/i2.wp.com\/centrotierradetodos.es\/fctdt\/wp-content\/uploads\/2021\/10\/20211013_circulo_silencio_web_393-1024x649.jpg?strip=info&#038;w=600 600w,https:\/\/i2.wp.com\/centrotierradetodos.es\/fctdt\/wp-content\/uploads\/2021\/10\/20211013_circulo_silencio_web_393-1024x649.jpg?strip=info&#038;w=900 900w,https:\/\/i2.wp.com\/centrotierradetodos.es\/fctdt\/wp-content\/uploads\/2021\/10\/20211013_circulo_silencio_web_393-1024x649.jpg?strip=info&#038;w=1200 1200w,https:\/\/i2.wp.com\/centrotierradetodos.es\/fctdt\/wp-content\/uploads\/2021\/10\/20211013_circulo_silencio_web_393-1024x649.jpg?strip=info&#038;w=1500 1500w,https:\/\/i2.wp.com\/centrotierradetodos.es\/fctdt\/wp-content\/uploads\/2021\/10\/20211013_circulo_silencio_web_393-1024x649.jpg?strip=info&#038;w=1600 1600w\" alt=\"\" data-height=\"1014\" data-id=\"509\" data-link=\"http:\/\/centrotierradetodos.es\/fctdt\/?attachment_id=509\" data-url=\"http:\/\/centrotierradetodos.es\/fctdt\/wp-content\/uploads\/2021\/10\/20211013_circulo_silencio_web_393-1024x649.jpg\" data-width=\"1600\" src=\"https:\/\/i2.wp.com\/centrotierradetodos.es\/fctdt\/wp-content\/uploads\/2021\/10\/20211013_circulo_silencio_web_393-1024x649.jpg\" data-amp-layout=\"responsive\"\/><\/figure><\/div><\/div><\/div><\/div>\n","protected":false},"excerpt":{"rendered":"<p>La Mesa Diocesana de Atenci\u00f3n y Acogida de Migrantes y Refugiados de C\u00e1diz y Ceuta, a trav\u00e9s de la concentraci\u00f3n del C\u00edrculo de Silencio, quiso profundizar en la Jornada Mundial del Migrante y del Refugiado, celebrada el pasado mes. As\u00ed, bajo el lema Hacia un nosotros cada vez m\u00e1s grande, y reunidos, como es costumbre,<a class=\"more-link\" href=\"https:\/\/centrotierradetodos.es\/fctdt\/2021\/10\/14\/el-circulo-de-silencio-de-octubre-estuvo-dedicado-a-la-jornada-del-migrante-y-del-refugiado\/\">Sigue leyendo <span class=\"screen-reader-text\">\u00abEl C\u00edrculo de Silencio de octubre estuvo dedicado a la Jornada del Migrante y del Refugiado\u00bb<\/span><\/a><\/p>\n","protected":false},"author":1,"featured_media":510,"comment_status":"closed","ping_status":"open","sticky":false,"template":"","format":"standard","meta":{"_editorskit_title_hidden":false,"_editorskit_reading_time":0,"_editorskit_is_block_options_detached":false,"_editorskit_block_options_position":"{}","_coblocks_attr":"","_coblocks_dimensions":"","_coblocks_responsive_height":"","_coblocks_accordion_ie_support":"","_monsterinsights_skip_tracking":false,"_monsterinsights_sitenote_active":false,"_monsterinsights_sitenote_note":"","_monsterinsights_sitenote_category":0,"_jetpack_memberships_contains_paid_content":false,"footnotes":""},"categories":[12],"tags":[],"class_list":["post-507","post","type-post","status-publish","format-standard","has-post-thumbnail","hentry","category-noticias","entry"],"yoast_head":"<!-- This site is optimized with the Yoast SEO plugin v27.5 - https:\/\/yoast.com\/product\/yoast-seo-wordpress\/ -->\n<title>El C\u00edrculo de Silencio de octubre estuvo dedicado a la Jornada del Migrante y del Refugiado - Fundaci\u00f3n Centro Tierra de Todos<\/title>\n<meta name=\"robots\" content=\"index, follow, max-snippet:-1, max-image-preview:large, max-video-preview:-1\" \/>\n<link rel=\"canonical\" href=\"https:\/\/centrotierradetodos.es\/fctdt\/2021\/10\/14\/el-circulo-de-silencio-de-octubre-estuvo-dedicado-a-la-jornada-del-migrante-y-del-refugiado\/\" \/>\n<meta property=\"og:locale\" content=\"es_ES\" \/>\n<meta property=\"og:type\" content=\"article\" \/>\n<meta property=\"og:title\" content=\"El C\u00edrculo de Silencio de octubre estuvo dedicado a la Jornada del Migrante y del Refugiado - Fundaci\u00f3n Centro Tierra de Todos\" \/>\n<meta property=\"og:description\" content=\"La Mesa Diocesana de Atenci\u00f3n y Acogida de Migrantes y Refugiados de C\u00e1diz y Ceuta, a trav\u00e9s de la concentraci\u00f3n del C\u00edrculo de Silencio, quiso profundizar en la Jornada Mundial del Migrante y del Refugiado, celebrada el pasado mes. As\u00ed, bajo el lema Hacia un nosotros cada vez m\u00e1s grande, y reunidos, como es costumbre,Sigue leyendo &quot;El C\u00edrculo de Silencio de octubre estuvo dedicado a la Jornada del Migrante y del Refugiado&quot;\" \/>\n<meta property=\"og:url\" content=\"https:\/\/centrotierradetodos.es\/fctdt\/2021\/10\/14\/el-circulo-de-silencio-de-octubre-estuvo-dedicado-a-la-jornada-del-migrante-y-del-refugiado\/\" \/>\n<meta property=\"og:site_name\" content=\"Fundaci\u00f3n Centro Tierra de Todos\" \/>\n<meta property=\"article:publisher\" content=\"https:\/\/www.facebook.com\/p\/Cardijn-Tierra-de-Todos-Migraciones-100091817239433\/\" \/>\n<meta property=\"article:published_time\" content=\"2021-10-14T07:17:03+00:00\" \/>\n<meta property=\"article:modified_time\" content=\"2024-04-24T10:55:58+00:00\" \/>\n<meta property=\"og:image\" content=\"https:\/\/centrotierradetodos.es\/fctdt\/wp-content\/uploads\/2021\/10\/20211013_circulo_silencio_web_394.jpg\" \/>\n\t<meta property=\"og:image:width\" content=\"1600\" \/>\n\t<meta property=\"og:image:height\" content=\"1116\" \/>\n\t<meta property=\"og:image:type\" content=\"image\/jpeg\" \/>\n<meta name=\"author\" content=\"Redactor\" \/>\n<meta name=\"twitter:card\" content=\"summary_large_image\" \/>\n<meta name=\"twitter:label1\" content=\"Escrito por\" \/>\n\t<meta name=\"twitter:data1\" content=\"Redactor\" \/>\n\t<meta name=\"twitter:label2\" content=\"Tiempo de lectura\" \/>\n\t<meta name=\"twitter:data2\" content=\"2 minutos\" \/>\n<script type=\"application\/ld+json\" class=\"yoast-schema-graph\">{\"@context\":\"https:\\\/\\\/schema.org\",\"@graph\":[{\"@type\":\"Article\",\"@id\":\"https:\\\/\\\/centrotierradetodos.es\\\/fctdt\\\/2021\\\/10\\\/14\\\/el-circulo-de-silencio-de-octubre-estuvo-dedicado-a-la-jornada-del-migrante-y-del-refugiado\\\/#article\",\"isPartOf\":{\"@id\":\"https:\\\/\\\/centrotierradetodos.es\\\/fctdt\\\/2021\\\/10\\\/14\\\/el-circulo-de-silencio-de-octubre-estuvo-dedicado-a-la-jornada-del-migrante-y-del-refugiado\\\/\"},\"author\":{\"name\":\"Redactor\",\"@id\":\"https:\\\/\\\/centrotierradetodos.es\\\/fctdt\\\/#\\\/schema\\\/person\\\/cd853846b72c64b38f6d135b32747e5d\"},\"headline\":\"El C\u00edrculo de Silencio de octubre estuvo dedicado a la Jornada del Migrante y del Refugiado\",\"datePublished\":\"2021-10-14T07:17:03+00:00\",\"dateModified\":\"2024-04-24T10:55:58+00:00\",\"mainEntityOfPage\":{\"@id\":\"https:\\\/\\\/centrotierradetodos.es\\\/fctdt\\\/2021\\\/10\\\/14\\\/el-circulo-de-silencio-de-octubre-estuvo-dedicado-a-la-jornada-del-migrante-y-del-refugiado\\\/\"},\"wordCount\":393,\"publisher\":{\"@id\":\"https:\\\/\\\/centrotierradetodos.es\\\/fctdt\\\/#organization\"},\"image\":{\"@id\":\"https:\\\/\\\/centrotierradetodos.es\\\/fctdt\\\/2021\\\/10\\\/14\\\/el-circulo-de-silencio-de-octubre-estuvo-dedicado-a-la-jornada-del-migrante-y-del-refugiado\\\/#primaryimage\"},\"thumbnailUrl\":\"https:\\\/\\\/centrotierradetodos.es\\\/fctdt\\\/wp-content\\\/uploads\\\/2021\\\/10\\\/20211013_circulo_silencio_web_394.jpg\",\"articleSection\":[\"Noticias\"],\"inLanguage\":\"es\"},{\"@type\":\"WebPage\",\"@id\":\"https:\\\/\\\/centrotierradetodos.es\\\/fctdt\\\/2021\\\/10\\\/14\\\/el-circulo-de-silencio-de-octubre-estuvo-dedicado-a-la-jornada-del-migrante-y-del-refugiado\\\/\",\"url\":\"https:\\\/\\\/centrotierradetodos.es\\\/fctdt\\\/2021\\\/10\\\/14\\\/el-circulo-de-silencio-de-octubre-estuvo-dedicado-a-la-jornada-del-migrante-y-del-refugiado\\\/\",\"name\":\"El C\u00edrculo de Silencio de octubre estuvo dedicado a la Jornada del Migrante y del Refugiado - Fundaci\u00f3n Centro Tierra de Todos\",\"isPartOf\":{\"@id\":\"https:\\\/\\\/centrotierradetodos.es\\\/fctdt\\\/#website\"},\"primaryImageOfPage\":{\"@id\":\"https:\\\/\\\/centrotierradetodos.es\\\/fctdt\\\/2021\\\/10\\\/14\\\/el-circulo-de-silencio-de-octubre-estuvo-dedicado-a-la-jornada-del-migrante-y-del-refugiado\\\/#primaryimage\"},\"image\":{\"@id\":\"https:\\\/\\\/centrotierradetodos.es\\\/fctdt\\\/2021\\\/10\\\/14\\\/el-circulo-de-silencio-de-octubre-estuvo-dedicado-a-la-jornada-del-migrante-y-del-refugiado\\\/#primaryimage\"},\"thumbnailUrl\":\"https:\\\/\\\/centrotierradetodos.es\\\/fctdt\\\/wp-content\\\/uploads\\\/2021\\\/10\\\/20211013_circulo_silencio_web_394.jpg\",\"datePublished\":\"2021-10-14T07:17:03+00:00\",\"dateModified\":\"2024-04-24T10:55:58+00:00\",\"breadcrumb\":{\"@id\":\"https:\\\/\\\/centrotierradetodos.es\\\/fctdt\\\/2021\\\/10\\\/14\\\/el-circulo-de-silencio-de-octubre-estuvo-dedicado-a-la-jornada-del-migrante-y-del-refugiado\\\/#breadcrumb\"},\"inLanguage\":\"es\",\"potentialAction\":[{\"@type\":\"ReadAction\",\"target\":[\"https:\\\/\\\/centrotierradetodos.es\\\/fctdt\\\/2021\\\/10\\\/14\\\/el-circulo-de-silencio-de-octubre-estuvo-dedicado-a-la-jornada-del-migrante-y-del-refugiado\\\/\"]}]},{\"@type\":\"ImageObject\",\"inLanguage\":\"es\",\"@id\":\"https:\\\/\\\/centrotierradetodos.es\\\/fctdt\\\/2021\\\/10\\\/14\\\/el-circulo-de-silencio-de-octubre-estuvo-dedicado-a-la-jornada-del-migrante-y-del-refugiado\\\/#primaryimage\",\"url\":\"https:\\\/\\\/centrotierradetodos.es\\\/fctdt\\\/wp-content\\\/uploads\\\/2021\\\/10\\\/20211013_circulo_silencio_web_394.jpg\",\"contentUrl\":\"https:\\\/\\\/centrotierradetodos.es\\\/fctdt\\\/wp-content\\\/uploads\\\/2021\\\/10\\\/20211013_circulo_silencio_web_394.jpg\",\"width\":1600,\"height\":1116},{\"@type\":\"BreadcrumbList\",\"@id\":\"https:\\\/\\\/centrotierradetodos.es\\\/fctdt\\\/2021\\\/10\\\/14\\\/el-circulo-de-silencio-de-octubre-estuvo-dedicado-a-la-jornada-del-migrante-y-del-refugiado\\\/#breadcrumb\",\"itemListElement\":[{\"@type\":\"ListItem\",\"position\":1,\"name\":\"Portada\",\"item\":\"https:\\\/\\\/centrotierradetodos.es\\\/fctdt\\\/\"},{\"@type\":\"ListItem\",\"position\":2,\"name\":\"El C\u00edrculo de Silencio de octubre estuvo dedicado a la Jornada del Migrante y del Refugiado\"}]},{\"@type\":\"WebSite\",\"@id\":\"https:\\\/\\\/centrotierradetodos.es\\\/fctdt\\\/#website\",\"url\":\"https:\\\/\\\/centrotierradetodos.es\\\/fctdt\\\/\",\"name\":\"Fundaci\u00f3n Centro Tierra de Todos\",\"description\":\"La Fundaci\u00f3n Centro Tierra de Todos es una entidad sin \u00e1nimo de lucro, dedicada a la atenci\u00f3n de los j\u00f3venes, de los inmigrantes y de los barrios populares de la ciudad de C\u00e1diz, con el \u00e1nimo de promover un ambicioso proyecto que facilite la igualdad de oportunidades y la promoci\u00f3n y cualificaci\u00f3n de todas estas personas y de todo su entorno social.\",\"publisher\":{\"@id\":\"https:\\\/\\\/centrotierradetodos.es\\\/fctdt\\\/#organization\"},\"potentialAction\":[{\"@type\":\"SearchAction\",\"target\":{\"@type\":\"EntryPoint\",\"urlTemplate\":\"https:\\\/\\\/centrotierradetodos.es\\\/fctdt\\\/?s={search_term_string}\"},\"query-input\":{\"@type\":\"PropertyValueSpecification\",\"valueRequired\":true,\"valueName\":\"search_term_string\"}}],\"inLanguage\":\"es\"},{\"@type\":\"Organization\",\"@id\":\"https:\\\/\\\/centrotierradetodos.es\\\/fctdt\\\/#organization\",\"name\":\"Fundaci\u00f3n Centro Tierra de Todos\",\"url\":\"https:\\\/\\\/centrotierradetodos.es\\\/fctdt\\\/\",\"logo\":{\"@type\":\"ImageObject\",\"inLanguage\":\"es\",\"@id\":\"https:\\\/\\\/centrotierradetodos.es\\\/fctdt\\\/#\\\/schema\\\/logo\\\/image\\\/\",\"url\":\"https:\\\/\\\/centrotierradetodos.es\\\/fctdt\\\/wp-content\\\/uploads\\\/2021\\\/03\\\/cropped-logo_tierra_todos_470x210-1.jpg\",\"contentUrl\":\"https:\\\/\\\/centrotierradetodos.es\\\/fctdt\\\/wp-content\\\/uploads\\\/2021\\\/03\\\/cropped-logo_tierra_todos_470x210-1.jpg\",\"width\":470,\"height\":210,\"caption\":\"Fundaci\u00f3n Centro Tierra de Todos\"},\"image\":{\"@id\":\"https:\\\/\\\/centrotierradetodos.es\\\/fctdt\\\/#\\\/schema\\\/logo\\\/image\\\/\"},\"sameAs\":[\"https:\\\/\\\/www.facebook.com\\\/p\\\/Cardijn-Tierra-de-Todos-Migraciones-100091817239433\\\/\"]},{\"@type\":\"Person\",\"@id\":\"https:\\\/\\\/centrotierradetodos.es\\\/fctdt\\\/#\\\/schema\\\/person\\\/cd853846b72c64b38f6d135b32747e5d\",\"name\":\"Redactor\",\"image\":{\"@type\":\"ImageObject\",\"inLanguage\":\"es\",\"@id\":\"https:\\\/\\\/secure.gravatar.com\\\/avatar\\\/9a6c877da07c0489d3ee9cdb811a7569ce83c5e8d52b1d00aee39093683c6dc2?s=96&d=mm&r=g\",\"url\":\"https:\\\/\\\/secure.gravatar.com\\\/avatar\\\/9a6c877da07c0489d3ee9cdb811a7569ce83c5e8d52b1d00aee39093683c6dc2?s=96&d=mm&r=g\",\"contentUrl\":\"https:\\\/\\\/secure.gravatar.com\\\/avatar\\\/9a6c877da07c0489d3ee9cdb811a7569ce83c5e8d52b1d00aee39093683c6dc2?s=96&d=mm&r=g\",\"caption\":\"Redactor\"},\"sameAs\":[\"http:\\\/\\\/centrotierradetodos.es\\\/fctdt\"]}]}<\/script>\n<!-- \/ Yoast SEO plugin. -->","yoast_head_json":{"title":"El C\u00edrculo de Silencio de octubre estuvo dedicado a la Jornada del Migrante y del Refugiado - Fundaci\u00f3n Centro Tierra de Todos","robots":{"index":"index","follow":"follow","max-snippet":"max-snippet:-1","max-image-preview":"max-image-preview:large","max-video-preview":"max-video-preview:-1"},"canonical":"https:\/\/centrotierradetodos.es\/fctdt\/2021\/10\/14\/el-circulo-de-silencio-de-octubre-estuvo-dedicado-a-la-jornada-del-migrante-y-del-refugiado\/","og_locale":"es_ES","og_type":"article","og_title":"El C\u00edrculo de Silencio de octubre estuvo dedicado a la Jornada del Migrante y del Refugiado - Fundaci\u00f3n Centro Tierra de Todos","og_description":"La Mesa Diocesana de Atenci\u00f3n y Acogida de Migrantes y Refugiados de C\u00e1diz y Ceuta, a trav\u00e9s de la concentraci\u00f3n del C\u00edrculo de Silencio, quiso profundizar en la Jornada Mundial del Migrante y del Refugiado, celebrada el pasado mes. As\u00ed, bajo el lema Hacia un nosotros cada vez m\u00e1s grande, y reunidos, como es costumbre,Sigue leyendo \"El C\u00edrculo de Silencio de octubre estuvo dedicado a la Jornada del Migrante y del Refugiado\"","og_url":"https:\/\/centrotierradetodos.es\/fctdt\/2021\/10\/14\/el-circulo-de-silencio-de-octubre-estuvo-dedicado-a-la-jornada-del-migrante-y-del-refugiado\/","og_site_name":"Fundaci\u00f3n Centro Tierra de Todos","article_publisher":"https:\/\/www.facebook.com\/p\/Cardijn-Tierra-de-Todos-Migraciones-100091817239433\/","article_published_time":"2021-10-14T07:17:03+00:00","article_modified_time":"2024-04-24T10:55:58+00:00","og_image":[{"width":1600,"height":1116,"url":"https:\/\/centrotierradetodos.es\/fctdt\/wp-content\/uploads\/2021\/10\/20211013_circulo_silencio_web_394.jpg","type":"image\/jpeg"}],"author":"Redactor","twitter_card":"summary_large_image","twitter_misc":{"Escrito por":"Redactor","Tiempo de lectura":"2 minutos"},"schema":{"@context":"https:\/\/schema.org","@graph":[{"@type":"Article","@id":"https:\/\/centrotierradetodos.es\/fctdt\/2021\/10\/14\/el-circulo-de-silencio-de-octubre-estuvo-dedicado-a-la-jornada-del-migrante-y-del-refugiado\/#article","isPartOf":{"@id":"https:\/\/centrotierradetodos.es\/fctdt\/2021\/10\/14\/el-circulo-de-silencio-de-octubre-estuvo-dedicado-a-la-jornada-del-migrante-y-del-refugiado\/"},"author":{"name":"Redactor","@id":"https:\/\/centrotierradetodos.es\/fctdt\/#\/schema\/person\/cd853846b72c64b38f6d135b32747e5d"},"headline":"El C\u00edrculo de Silencio de octubre estuvo dedicado a la Jornada del Migrante y del Refugiado","datePublished":"2021-10-14T07:17:03+00:00","dateModified":"2024-04-24T10:55:58+00:00","mainEntityOfPage":{"@id":"https:\/\/centrotierradetodos.es\/fctdt\/2021\/10\/14\/el-circulo-de-silencio-de-octubre-estuvo-dedicado-a-la-jornada-del-migrante-y-del-refugiado\/"},"wordCount":393,"publisher":{"@id":"https:\/\/centrotierradetodos.es\/fctdt\/#organization"},"image":{"@id":"https:\/\/centrotierradetodos.es\/fctdt\/2021\/10\/14\/el-circulo-de-silencio-de-octubre-estuvo-dedicado-a-la-jornada-del-migrante-y-del-refugiado\/#primaryimage"},"thumbnailUrl":"https:\/\/centrotierradetodos.es\/fctdt\/wp-content\/uploads\/2021\/10\/20211013_circulo_silencio_web_394.jpg","articleSection":["Noticias"],"inLanguage":"es"},{"@type":"WebPage","@id":"https:\/\/centrotierradetodos.es\/fctdt\/2021\/10\/14\/el-circulo-de-silencio-de-octubre-estuvo-dedicado-a-la-jornada-del-migrante-y-del-refugiado\/","url":"https:\/\/centrotierradetodos.es\/fctdt\/2021\/10\/14\/el-circulo-de-silencio-de-octubre-estuvo-dedicado-a-la-jornada-del-migrante-y-del-refugiado\/","name":"El C\u00edrculo de Silencio de octubre estuvo dedicado a la Jornada del Migrante y del Refugiado - Fundaci\u00f3n Centro Tierra de Todos","isPartOf":{"@id":"https:\/\/centrotierradetodos.es\/fctdt\/#website"},"primaryImageOfPage":{"@id":"https:\/\/centrotierradetodos.es\/fctdt\/2021\/10\/14\/el-circulo-de-silencio-de-octubre-estuvo-dedicado-a-la-jornada-del-migrante-y-del-refugiado\/#primaryimage"},"image":{"@id":"https:\/\/centrotierradetodos.es\/fctdt\/2021\/10\/14\/el-circulo-de-silencio-de-octubre-estuvo-dedicado-a-la-jornada-del-migrante-y-del-refugiado\/#primaryimage"},"thumbnailUrl":"https:\/\/centrotierradetodos.es\/fctdt\/wp-content\/uploads\/2021\/10\/20211013_circulo_silencio_web_394.jpg","datePublished":"2021-10-14T07:17:03+00:00","dateModified":"2024-04-24T10:55:58+00:00","breadcrumb":{"@id":"https:\/\/centrotierradetodos.es\/fctdt\/2021\/10\/14\/el-circulo-de-silencio-de-octubre-estuvo-dedicado-a-la-jornada-del-migrante-y-del-refugiado\/#breadcrumb"},"inLanguage":"es","potentialAction":[{"@type":"ReadAction","target":["https:\/\/centrotierradetodos.es\/fctdt\/2021\/10\/14\/el-circulo-de-silencio-de-octubre-estuvo-dedicado-a-la-jornada-del-migrante-y-del-refugiado\/"]}]},{"@type":"ImageObject","inLanguage":"es","@id":"https:\/\/centrotierradetodos.es\/fctdt\/2021\/10\/14\/el-circulo-de-silencio-de-octubre-estuvo-dedicado-a-la-jornada-del-migrante-y-del-refugiado\/#primaryimage","url":"https:\/\/centrotierradetodos.es\/fctdt\/wp-content\/uploads\/2021\/10\/20211013_circulo_silencio_web_394.jpg","contentUrl":"https:\/\/centrotierradetodos.es\/fctdt\/wp-content\/uploads\/2021\/10\/20211013_circulo_silencio_web_394.jpg","width":1600,"height":1116},{"@type":"BreadcrumbList","@id":"https:\/\/centrotierradetodos.es\/fctdt\/2021\/10\/14\/el-circulo-de-silencio-de-octubre-estuvo-dedicado-a-la-jornada-del-migrante-y-del-refugiado\/#breadcrumb","itemListElement":[{"@type":"ListItem","position":1,"name":"Portada","item":"https:\/\/centrotierradetodos.es\/fctdt\/"},{"@type":"ListItem","position":2,"name":"El C\u00edrculo de Silencio de octubre estuvo dedicado a la Jornada del Migrante y del Refugiado"}]},{"@type":"WebSite","@id":"https:\/\/centrotierradetodos.es\/fctdt\/#website","url":"https:\/\/centrotierradetodos.es\/fctdt\/","name":"Fundaci\u00f3n Centro Tierra de Todos","description":"La Fundaci\u00f3n Centro Tierra de Todos es una entidad sin \u00e1nimo de lucro, dedicada a la atenci\u00f3n de los j\u00f3venes, de los inmigrantes y de los barrios populares de la ciudad de C\u00e1diz, con el \u00e1nimo de promover un ambicioso proyecto que facilite la igualdad de oportunidades y la promoci\u00f3n y cualificaci\u00f3n de todas estas personas y de todo su entorno social.","publisher":{"@id":"https:\/\/centrotierradetodos.es\/fctdt\/#organization"},"potentialAction":[{"@type":"SearchAction","target":{"@type":"EntryPoint","urlTemplate":"https:\/\/centrotierradetodos.es\/fctdt\/?s={search_term_string}"},"query-input":{"@type":"PropertyValueSpecification","valueRequired":true,"valueName":"search_term_string"}}],"inLanguage":"es"},{"@type":"Organization","@id":"https:\/\/centrotierradetodos.es\/fctdt\/#organization","name":"Fundaci\u00f3n Centro Tierra de Todos","url":"https:\/\/centrotierradetodos.es\/fctdt\/","logo":{"@type":"ImageObject","inLanguage":"es","@id":"https:\/\/centrotierradetodos.es\/fctdt\/#\/schema\/logo\/image\/","url":"https:\/\/centrotierradetodos.es\/fctdt\/wp-content\/uploads\/2021\/03\/cropped-logo_tierra_todos_470x210-1.jpg","contentUrl":"https:\/\/centrotierradetodos.es\/fctdt\/wp-content\/uploads\/2021\/03\/cropped-logo_tierra_todos_470x210-1.jpg","width":470,"height":210,"caption":"Fundaci\u00f3n Centro Tierra de Todos"},"image":{"@id":"https:\/\/centrotierradetodos.es\/fctdt\/#\/schema\/logo\/image\/"},"sameAs":["https:\/\/www.facebook.com\/p\/Cardijn-Tierra-de-Todos-Migraciones-100091817239433\/"]},{"@type":"Person","@id":"https:\/\/centrotierradetodos.es\/fctdt\/#\/schema\/person\/cd853846b72c64b38f6d135b32747e5d","name":"Redactor","image":{"@type":"ImageObject","inLanguage":"es","@id":"https:\/\/secure.gravatar.com\/avatar\/9a6c877da07c0489d3ee9cdb811a7569ce83c5e8d52b1d00aee39093683c6dc2?s=96&d=mm&r=g","url":"https:\/\/secure.gravatar.com\/avatar\/9a6c877da07c0489d3ee9cdb811a7569ce83c5e8d52b1d00aee39093683c6dc2?s=96&d=mm&r=g","contentUrl":"https:\/\/secure.gravatar.com\/avatar\/9a6c877da07c0489d3ee9cdb811a7569ce83c5e8d52b1d00aee39093683c6dc2?s=96&d=mm&r=g","caption":"Redactor"},"sameAs":["http:\/\/centrotierradetodos.es\/fctdt"]}]}},"jetpack_featured_media_url":"https:\/\/centrotierradetodos.es\/fctdt\/wp-content\/uploads\/2021\/10\/20211013_circulo_silencio_web_394.jpg","jetpack_sharing_enabled":true,"_links":{"self":[{"href":"https:\/\/centrotierradetodos.es\/fctdt\/wp-json\/wp\/v2\/posts\/507","targetHints":{"allow":["GET"]}}],"collection":[{"href":"https:\/\/centrotierradetodos.es\/fctdt\/wp-json\/wp\/v2\/posts"}],"about":[{"href":"https:\/\/centrotierradetodos.es\/fctdt\/wp-json\/wp\/v2\/types\/post"}],"author":[{"embeddable":true,"href":"https:\/\/centrotierradetodos.es\/fctdt\/wp-json\/wp\/v2\/users\/1"}],"replies":[{"embeddable":true,"href":"https:\/\/centrotierradetodos.es\/fctdt\/wp-json\/wp\/v2\/comments?post=507"}],"version-history":[{"count":1,"href":"https:\/\/centrotierradetodos.es\/fctdt\/wp-json\/wp\/v2\/posts\/507\/revisions"}],"predecessor-version":[{"id":511,"href":"https:\/\/centrotierradetodos.es\/fctdt\/wp-json\/wp\/v2\/posts\/507\/revisions\/511"}],"wp:featuredmedia":[{"embeddable":true,"href":"https:\/\/centrotierradetodos.es\/fctdt\/wp-json\/wp\/v2\/media\/510"}],"wp:attachment":[{"href":"https:\/\/centrotierradetodos.es\/fctdt\/wp-json\/wp\/v2\/media?parent=507"}],"wp:term":[{"taxonomy":"category","embeddable":true,"href":"https:\/\/centrotierradetodos.es\/fctdt\/wp-json\/wp\/v2\/categories?post=507"},{"taxonomy":"post_tag","embeddable":true,"href":"https:\/\/centrotierradetodos.es\/fctdt\/wp-json\/wp\/v2\/tags?post=507"}],"curies":[{"name":"wp","href":"https:\/\/api.w.org\/{rel}","templated":true}]}}