{"id":477,"date":"2021-09-26T14:59:31","date_gmt":"2021-09-26T12:59:31","guid":{"rendered":"http:\/\/centrotierradetodos.es\/fctdt\/?p=477"},"modified":"2024-04-24T12:55:58","modified_gmt":"2024-04-24T10:55:58","slug":"nuestra-diocesis-esta-acostumbrada-a-acoger-a-los-migrantes-pero-tenemos-que-abrir-aun-mas-nuestro-corazon","status":"publish","type":"post","link":"https:\/\/centrotierradetodos.es\/fctdt\/2021\/09\/26\/nuestra-diocesis-esta-acostumbrada-a-acoger-a-los-migrantes-pero-tenemos-que-abrir-aun-mas-nuestro-corazon\/","title":{"rendered":"\u201cNuestra di\u00f3cesis est\u00e1 acostumbrada a acoger a los migrantes, pero tenemos que abrir a\u00fan m\u00e1s nuestro coraz\u00f3n\u201d"},"content":{"rendered":"\n<p>En la ma\u00f1ana del domingo, 26 de septiembre, el obispo de la Di\u00f3cesis de C\u00e1diz y Ceuta, <strong>Mons. Rafael Zornoza Boy<\/strong>, presidi\u00f3, en la Catedral de C\u00e1diz, la ceremonia de la <strong>Jornada Mundial del Migrante y del Refugiado 2021<\/strong>.<\/p>\n\n\n\n<p>Bajo el lema <strong><em>Hacia un nosotros cada vez m\u00e1s grande<\/em><\/strong>, el objetivo de esta edici\u00f3n es&nbsp;tomar conciencia de la situaci\u00f3n del mundo en el que vivimos ante el desaf\u00edo de las migraciones y las oportunidades que nos ofrecen de cara al futuro.<\/p>\n\n\n\n<p><strong>La ceremonia, a la que <\/strong>asistieron migrantes que residen en la di\u00f3cesis, algunos de ellos ataviados con la vestimenta t\u00edpica de su pa\u00eds, y agentes y voluntarios de la pastoral diocesana de migraciones,<strong> <\/strong>estuvo amenizada con cantos y bailes t\u00edpicos africanos.<\/p>\n\n\n\n<p>El obispo diocesano comenz\u00f3 su homil\u00eda teniendo un especial y cari\u00f1oso recuerdo con el director del Secretariado Diocesano de Migraciones, Gabriel Delgado, quien no pudo asistir por encontrarse enfermo. \u201cEchamos de menos al Padre Gabriel que est\u00e1 enfermo y al que encomendamos muy especialmente en esta Santa Misa\u201d.<\/p>\n\n\n\n<p>Haciendo referencia al lema de la jornada, Mons. Zornoza asegur\u00f3 que \u201ctenemos que caminar juntos para hacer un nosotros m\u00e1s grande. En lugar de centrarnos en nosotros mismos, como es t\u00edpico de las sociedades ego\u00edstas e individualistas, tenemos que abrir los ojos y el coraz\u00f3n. Los ojos a la luz de Dios, para mirar con mirada sobrenatural las cosas que suceden en el mundo; y el coraz\u00f3n para acoger y amar\u201d.<\/p>\n\n\n\n<p>El prelado hizo tambi\u00e9n hincapi\u00e9 en la importancia de la caridad como cristianos. \u201cCon nuestra caridad debemos intentar llegar lo m\u00e1s lejos posible. Nuestra caridad influye en el compartir los bienes, en el trabajo por los dem\u00e1s y en hacer entre todos un mundo mejor, intentando cambiar las estructuras\u201d.<\/p>\n\n\n\n<p>Asimismo, Mons. Rafael Zornoza afirm\u00f3 que \u201cla Iglesia nos llama a hacer un nosotros cada vez m\u00e1s grande, a superar nuestras debilidades, nuestras pasiones, pedir perd\u00f3n por nuestros pecados y ver al otro como Dios le ve, intentando siempre hacer el bien. Pidamos al Se\u00f1or que seamos capaces de ensanchar nuestro coraz\u00f3n y vivir este \u2018nosotros\u2019 grande. Y demos gracias a Dios por todos los que trabajan por los migrantes. Ojal\u00e1 nuestra sociedad, en especial nuestros gobernantes, despierten y sean capaces de buscar las medidas oportunas para que el fen\u00f3meno migratorio sea bien dirigido, atendiendo al bien de las personas y al servicio de los pueblos, consiguiendo una sociedad m\u00e1s humana, m\u00e1s justa y m\u00e1s fraterna\u201d.<\/p>\n\n\n\n<p>Por \u00faltimo, durante las peticiones, los agentes y voluntarios de la Pastoral de Migraciones pidieron por todas las personas migrantes, por aquellos que perdieron la vida durante su camino, por los enfermos, entre ellos el P. Gabriel, y por los llegados a Ceuta durante la crisis pol\u00edtico-migratoria del pasado mes de mayo.<\/p>\n\n\n\n<figure class=\"wp-block-gallery columns-3 is-cropped wp-block-gallery-1 is-layout-flex wp-block-gallery-is-layout-flex\"><ul class=\"blocks-gallery-grid\"><li class=\"blocks-gallery-item\"><figure><img loading=\"eager\" decoding=\"async\" width=\"1024\" height=\"682\" src=\"http:\/\/centrotierradetodos.es\/fctdt\/wp-content\/uploads\/2021\/09\/20210926_jornada_migrantes_web_346-1024x682.jpg\" alt=\"\" data-id=\"478\" data-full-url=\"http:\/\/centrotierradetodos.es\/fctdt\/wp-content\/uploads\/2021\/09\/20210926_jornada_migrantes_web_346.jpg\" data-link=\"http:\/\/centrotierradetodos.es\/fctdt\/?attachment_id=478\" class=\"wp-image-478\" srcset=\"https:\/\/centrotierradetodos.es\/fctdt\/wp-content\/uploads\/2021\/09\/20210926_jornada_migrantes_web_346-1024x682.jpg 1024w, https:\/\/centrotierradetodos.es\/fctdt\/wp-content\/uploads\/2021\/09\/20210926_jornada_migrantes_web_346-300x200.jpg 300w, https:\/\/centrotierradetodos.es\/fctdt\/wp-content\/uploads\/2021\/09\/20210926_jornada_migrantes_web_346-768x512.jpg 768w, https:\/\/centrotierradetodos.es\/fctdt\/wp-content\/uploads\/2021\/09\/20210926_jornada_migrantes_web_346-1536x1023.jpg 1536w, https:\/\/centrotierradetodos.es\/fctdt\/wp-content\/uploads\/2021\/09\/20210926_jornada_migrantes_web_346-1200x800.jpg 1200w, https:\/\/centrotierradetodos.es\/fctdt\/wp-content\/uploads\/2021\/09\/20210926_jornada_migrantes_web_346-1568x1045.jpg 1568w, https:\/\/centrotierradetodos.es\/fctdt\/wp-content\/uploads\/2021\/09\/20210926_jornada_migrantes_web_346.jpg 1600w\" sizes=\"(max-width: 1024px) 100vw, 1024px\" \/><\/figure><\/li><li class=\"blocks-gallery-item\"><figure><img loading=\"lazy\" decoding=\"async\" width=\"1024\" height=\"724\" src=\"http:\/\/centrotierradetodos.es\/fctdt\/wp-content\/uploads\/2021\/09\/20210926_jornada_migrantes_web_347-1024x724.jpg\" alt=\"\" data-id=\"479\" data-full-url=\"http:\/\/centrotierradetodos.es\/fctdt\/wp-content\/uploads\/2021\/09\/20210926_jornada_migrantes_web_347.jpg\" data-link=\"http:\/\/centrotierradetodos.es\/fctdt\/?attachment_id=479\" class=\"wp-image-479\" srcset=\"https:\/\/centrotierradetodos.es\/fctdt\/wp-content\/uploads\/2021\/09\/20210926_jornada_migrantes_web_347-1024x724.jpg 1024w, https:\/\/centrotierradetodos.es\/fctdt\/wp-content\/uploads\/2021\/09\/20210926_jornada_migrantes_web_347-300x212.jpg 300w, https:\/\/centrotierradetodos.es\/fctdt\/wp-content\/uploads\/2021\/09\/20210926_jornada_migrantes_web_347-768x543.jpg 768w, https:\/\/centrotierradetodos.es\/fctdt\/wp-content\/uploads\/2021\/09\/20210926_jornada_migrantes_web_347-1536x1086.jpg 1536w, https:\/\/centrotierradetodos.es\/fctdt\/wp-content\/uploads\/2021\/09\/20210926_jornada_migrantes_web_347-1200x848.jpg 1200w, https:\/\/centrotierradetodos.es\/fctdt\/wp-content\/uploads\/2021\/09\/20210926_jornada_migrantes_web_347-1568x1108.jpg 1568w, https:\/\/centrotierradetodos.es\/fctdt\/wp-content\/uploads\/2021\/09\/20210926_jornada_migrantes_web_347.jpg 1600w\" sizes=\"auto, (max-width: 1024px) 100vw, 1024px\" \/><\/figure><\/li><li class=\"blocks-gallery-item\"><figure><img loading=\"lazy\" decoding=\"async\" width=\"1024\" height=\"683\" src=\"http:\/\/centrotierradetodos.es\/fctdt\/wp-content\/uploads\/2021\/09\/20210926_jornada_migrantes_web_348-1024x683.jpg\" alt=\"\" data-id=\"480\" data-full-url=\"http:\/\/centrotierradetodos.es\/fctdt\/wp-content\/uploads\/2021\/09\/20210926_jornada_migrantes_web_348.jpg\" data-link=\"http:\/\/centrotierradetodos.es\/fctdt\/?attachment_id=480\" class=\"wp-image-480\" srcset=\"https:\/\/centrotierradetodos.es\/fctdt\/wp-content\/uploads\/2021\/09\/20210926_jornada_migrantes_web_348-1024x683.jpg 1024w, https:\/\/centrotierradetodos.es\/fctdt\/wp-content\/uploads\/2021\/09\/20210926_jornada_migrantes_web_348-300x200.jpg 300w, https:\/\/centrotierradetodos.es\/fctdt\/wp-content\/uploads\/2021\/09\/20210926_jornada_migrantes_web_348-768x512.jpg 768w, https:\/\/centrotierradetodos.es\/fctdt\/wp-content\/uploads\/2021\/09\/20210926_jornada_migrantes_web_348-1536x1024.jpg 1536w, https:\/\/centrotierradetodos.es\/fctdt\/wp-content\/uploads\/2021\/09\/20210926_jornada_migrantes_web_348-1200x800.jpg 1200w, https:\/\/centrotierradetodos.es\/fctdt\/wp-content\/uploads\/2021\/09\/20210926_jornada_migrantes_web_348-1568x1046.jpg 1568w, https:\/\/centrotierradetodos.es\/fctdt\/wp-content\/uploads\/2021\/09\/20210926_jornada_migrantes_web_348.jpg 1600w\" sizes=\"auto, (max-width: 1024px) 100vw, 1024px\" \/><\/figure><\/li><li class=\"blocks-gallery-item\"><figure><img loading=\"lazy\" decoding=\"async\" width=\"1024\" height=\"683\" src=\"http:\/\/centrotierradetodos.es\/fctdt\/wp-content\/uploads\/2021\/09\/20210926_jornada_migrantes_web_349-1024x683.jpg\" alt=\"\" data-id=\"481\" data-full-url=\"http:\/\/centrotierradetodos.es\/fctdt\/wp-content\/uploads\/2021\/09\/20210926_jornada_migrantes_web_349.jpg\" data-link=\"http:\/\/centrotierradetodos.es\/fctdt\/?attachment_id=481\" class=\"wp-image-481\" srcset=\"https:\/\/centrotierradetodos.es\/fctdt\/wp-content\/uploads\/2021\/09\/20210926_jornada_migrantes_web_349-1024x683.jpg 1024w, https:\/\/centrotierradetodos.es\/fctdt\/wp-content\/uploads\/2021\/09\/20210926_jornada_migrantes_web_349-300x200.jpg 300w, https:\/\/centrotierradetodos.es\/fctdt\/wp-content\/uploads\/2021\/09\/20210926_jornada_migrantes_web_349-768x512.jpg 768w, https:\/\/centrotierradetodos.es\/fctdt\/wp-content\/uploads\/2021\/09\/20210926_jornada_migrantes_web_349-1536x1024.jpg 1536w, https:\/\/centrotierradetodos.es\/fctdt\/wp-content\/uploads\/2021\/09\/20210926_jornada_migrantes_web_349-1200x800.jpg 1200w, https:\/\/centrotierradetodos.es\/fctdt\/wp-content\/uploads\/2021\/09\/20210926_jornada_migrantes_web_349-1568x1046.jpg 1568w, https:\/\/centrotierradetodos.es\/fctdt\/wp-content\/uploads\/2021\/09\/20210926_jornada_migrantes_web_349.jpg 1600w\" sizes=\"auto, (max-width: 1024px) 100vw, 1024px\" \/><\/figure><\/li><li class=\"blocks-gallery-item\"><figure><img loading=\"lazy\" decoding=\"async\" width=\"1024\" height=\"690\" src=\"http:\/\/centrotierradetodos.es\/fctdt\/wp-content\/uploads\/2021\/09\/20210926_jornada_migrantes_web_350-1024x690.jpg\" alt=\"\" data-id=\"482\" data-full-url=\"http:\/\/centrotierradetodos.es\/fctdt\/wp-content\/uploads\/2021\/09\/20210926_jornada_migrantes_web_350.jpg\" data-link=\"http:\/\/centrotierradetodos.es\/fctdt\/?attachment_id=482\" class=\"wp-image-482\" srcset=\"https:\/\/centrotierradetodos.es\/fctdt\/wp-content\/uploads\/2021\/09\/20210926_jornada_migrantes_web_350-1024x690.jpg 1024w, https:\/\/centrotierradetodos.es\/fctdt\/wp-content\/uploads\/2021\/09\/20210926_jornada_migrantes_web_350-300x202.jpg 300w, https:\/\/centrotierradetodos.es\/fctdt\/wp-content\/uploads\/2021\/09\/20210926_jornada_migrantes_web_350-768x517.jpg 768w, https:\/\/centrotierradetodos.es\/fctdt\/wp-content\/uploads\/2021\/09\/20210926_jornada_migrantes_web_350-1536x1035.jpg 1536w, https:\/\/centrotierradetodos.es\/fctdt\/wp-content\/uploads\/2021\/09\/20210926_jornada_migrantes_web_350-1200x809.jpg 1200w, https:\/\/centrotierradetodos.es\/fctdt\/wp-content\/uploads\/2021\/09\/20210926_jornada_migrantes_web_350-1568x1056.jpg 1568w, https:\/\/centrotierradetodos.es\/fctdt\/wp-content\/uploads\/2021\/09\/20210926_jornada_migrantes_web_350.jpg 1600w\" sizes=\"auto, (max-width: 1024px) 100vw, 1024px\" \/><\/figure><\/li><li class=\"blocks-gallery-item\"><figure><img loading=\"lazy\" decoding=\"async\" width=\"1024\" height=\"652\" src=\"http:\/\/centrotierradetodos.es\/fctdt\/wp-content\/uploads\/2021\/09\/20210926_jornada_migrantes_web_351-1024x652.jpg\" alt=\"\" data-id=\"483\" data-full-url=\"http:\/\/centrotierradetodos.es\/fctdt\/wp-content\/uploads\/2021\/09\/20210926_jornada_migrantes_web_351.jpg\" data-link=\"http:\/\/centrotierradetodos.es\/fctdt\/?attachment_id=483\" class=\"wp-image-483\" srcset=\"https:\/\/centrotierradetodos.es\/fctdt\/wp-content\/uploads\/2021\/09\/20210926_jornada_migrantes_web_351-1024x652.jpg 1024w, https:\/\/centrotierradetodos.es\/fctdt\/wp-content\/uploads\/2021\/09\/20210926_jornada_migrantes_web_351-300x191.jpg 300w, https:\/\/centrotierradetodos.es\/fctdt\/wp-content\/uploads\/2021\/09\/20210926_jornada_migrantes_web_351-768x489.jpg 768w, https:\/\/centrotierradetodos.es\/fctdt\/wp-content\/uploads\/2021\/09\/20210926_jornada_migrantes_web_351-1536x978.jpg 1536w, https:\/\/centrotierradetodos.es\/fctdt\/wp-content\/uploads\/2021\/09\/20210926_jornada_migrantes_web_351-1200x764.jpg 1200w, https:\/\/centrotierradetodos.es\/fctdt\/wp-content\/uploads\/2021\/09\/20210926_jornada_migrantes_web_351-1568x999.jpg 1568w, https:\/\/centrotierradetodos.es\/fctdt\/wp-content\/uploads\/2021\/09\/20210926_jornada_migrantes_web_351.jpg 1600w\" sizes=\"auto, (max-width: 1024px) 100vw, 1024px\" \/><\/figure><\/li><li class=\"blocks-gallery-item\"><figure><img loading=\"lazy\" decoding=\"async\" width=\"1024\" height=\"685\" src=\"http:\/\/centrotierradetodos.es\/fctdt\/wp-content\/uploads\/2021\/09\/20210926_jornada_migrantes_web_352-1024x685.jpg\" alt=\"\" data-id=\"484\" data-full-url=\"http:\/\/centrotierradetodos.es\/fctdt\/wp-content\/uploads\/2021\/09\/20210926_jornada_migrantes_web_352.jpg\" data-link=\"http:\/\/centrotierradetodos.es\/fctdt\/?attachment_id=484\" class=\"wp-image-484\" srcset=\"https:\/\/centrotierradetodos.es\/fctdt\/wp-content\/uploads\/2021\/09\/20210926_jornada_migrantes_web_352-1024x685.jpg 1024w, https:\/\/centrotierradetodos.es\/fctdt\/wp-content\/uploads\/2021\/09\/20210926_jornada_migrantes_web_352-300x201.jpg 300w, https:\/\/centrotierradetodos.es\/fctdt\/wp-content\/uploads\/2021\/09\/20210926_jornada_migrantes_web_352-768x514.jpg 768w, https:\/\/centrotierradetodos.es\/fctdt\/wp-content\/uploads\/2021\/09\/20210926_jornada_migrantes_web_352-1536x1027.jpg 1536w, https:\/\/centrotierradetodos.es\/fctdt\/wp-content\/uploads\/2021\/09\/20210926_jornada_migrantes_web_352-1200x803.jpg 1200w, https:\/\/centrotierradetodos.es\/fctdt\/wp-content\/uploads\/2021\/09\/20210926_jornada_migrantes_web_352-1568x1049.jpg 1568w, https:\/\/centrotierradetodos.es\/fctdt\/wp-content\/uploads\/2021\/09\/20210926_jornada_migrantes_web_352.jpg 1600w\" sizes=\"auto, (max-width: 1024px) 100vw, 1024px\" \/><\/figure><\/li><li class=\"blocks-gallery-item\"><figure><img loading=\"lazy\" decoding=\"async\" width=\"1024\" height=\"726\" src=\"http:\/\/centrotierradetodos.es\/fctdt\/wp-content\/uploads\/2021\/09\/20210926_jornada_migrantes_web_354-1024x726.jpg\" alt=\"\" data-id=\"486\" data-full-url=\"http:\/\/centrotierradetodos.es\/fctdt\/wp-content\/uploads\/2021\/09\/20210926_jornada_migrantes_web_354.jpg\" data-link=\"http:\/\/centrotierradetodos.es\/fctdt\/?attachment_id=486\" class=\"wp-image-486\" srcset=\"https:\/\/centrotierradetodos.es\/fctdt\/wp-content\/uploads\/2021\/09\/20210926_jornada_migrantes_web_354-1024x726.jpg 1024w, https:\/\/centrotierradetodos.es\/fctdt\/wp-content\/uploads\/2021\/09\/20210926_jornada_migrantes_web_354-300x213.jpg 300w, https:\/\/centrotierradetodos.es\/fctdt\/wp-content\/uploads\/2021\/09\/20210926_jornada_migrantes_web_354-768x544.jpg 768w, https:\/\/centrotierradetodos.es\/fctdt\/wp-content\/uploads\/2021\/09\/20210926_jornada_migrantes_web_354-1536x1089.jpg 1536w, https:\/\/centrotierradetodos.es\/fctdt\/wp-content\/uploads\/2021\/09\/20210926_jornada_migrantes_web_354-1200x851.jpg 1200w, https:\/\/centrotierradetodos.es\/fctdt\/wp-content\/uploads\/2021\/09\/20210926_jornada_migrantes_web_354-1568x1111.jpg 1568w, https:\/\/centrotierradetodos.es\/fctdt\/wp-content\/uploads\/2021\/09\/20210926_jornada_migrantes_web_354.jpg 1600w\" sizes=\"auto, (max-width: 1024px) 100vw, 1024px\" \/><\/figure><\/li><li class=\"blocks-gallery-item\"><figure><img loading=\"lazy\" decoding=\"async\" width=\"1024\" height=\"722\" src=\"http:\/\/centrotierradetodos.es\/fctdt\/wp-content\/uploads\/2021\/09\/20210926_jornada_migrantes_web_355-1024x722.jpg\" alt=\"\" data-id=\"487\" data-full-url=\"http:\/\/centrotierradetodos.es\/fctdt\/wp-content\/uploads\/2021\/09\/20210926_jornada_migrantes_web_355.jpg\" data-link=\"http:\/\/centrotierradetodos.es\/fctdt\/?attachment_id=487\" class=\"wp-image-487\" srcset=\"https:\/\/centrotierradetodos.es\/fctdt\/wp-content\/uploads\/2021\/09\/20210926_jornada_migrantes_web_355-1024x722.jpg 1024w, https:\/\/centrotierradetodos.es\/fctdt\/wp-content\/uploads\/2021\/09\/20210926_jornada_migrantes_web_355-300x212.jpg 300w, https:\/\/centrotierradetodos.es\/fctdt\/wp-content\/uploads\/2021\/09\/20210926_jornada_migrantes_web_355-768x541.jpg 768w, https:\/\/centrotierradetodos.es\/fctdt\/wp-content\/uploads\/2021\/09\/20210926_jornada_migrantes_web_355-1536x1083.jpg 1536w, https:\/\/centrotierradetodos.es\/fctdt\/wp-content\/uploads\/2021\/09\/20210926_jornada_migrantes_web_355-1200x846.jpg 1200w, https:\/\/centrotierradetodos.es\/fctdt\/wp-content\/uploads\/2021\/09\/20210926_jornada_migrantes_web_355-1568x1105.jpg 1568w, https:\/\/centrotierradetodos.es\/fctdt\/wp-content\/uploads\/2021\/09\/20210926_jornada_migrantes_web_355.jpg 1600w\" sizes=\"auto, (max-width: 1024px) 100vw, 1024px\" \/><\/figure><\/li><li class=\"blocks-gallery-item\"><figure><img loading=\"lazy\" decoding=\"async\" width=\"1024\" height=\"726\" src=\"http:\/\/centrotierradetodos.es\/fctdt\/wp-content\/uploads\/2021\/09\/20210926_jornada_migrantes_web_356-1024x726.jpg\" alt=\"\" data-id=\"488\" data-full-url=\"http:\/\/centrotierradetodos.es\/fctdt\/wp-content\/uploads\/2021\/09\/20210926_jornada_migrantes_web_356.jpg\" data-link=\"http:\/\/centrotierradetodos.es\/fctdt\/?attachment_id=488\" class=\"wp-image-488\" srcset=\"https:\/\/centrotierradetodos.es\/fctdt\/wp-content\/uploads\/2021\/09\/20210926_jornada_migrantes_web_356-1024x726.jpg 1024w, https:\/\/centrotierradetodos.es\/fctdt\/wp-content\/uploads\/2021\/09\/20210926_jornada_migrantes_web_356-300x213.jpg 300w, https:\/\/centrotierradetodos.es\/fctdt\/wp-content\/uploads\/2021\/09\/20210926_jornada_migrantes_web_356-768x545.jpg 768w, https:\/\/centrotierradetodos.es\/fctdt\/wp-content\/uploads\/2021\/09\/20210926_jornada_migrantes_web_356-1536x1090.jpg 1536w, https:\/\/centrotierradetodos.es\/fctdt\/wp-content\/uploads\/2021\/09\/20210926_jornada_migrantes_web_356-1200x851.jpg 1200w, https:\/\/centrotierradetodos.es\/fctdt\/wp-content\/uploads\/2021\/09\/20210926_jornada_migrantes_web_356-1568x1112.jpg 1568w, https:\/\/centrotierradetodos.es\/fctdt\/wp-content\/uploads\/2021\/09\/20210926_jornada_migrantes_web_356.jpg 1600w\" sizes=\"auto, (max-width: 1024px) 100vw, 1024px\" \/><\/figure><\/li><li class=\"blocks-gallery-item\"><figure><img loading=\"lazy\" decoding=\"async\" width=\"1024\" height=\"683\" src=\"http:\/\/centrotierradetodos.es\/fctdt\/wp-content\/uploads\/2021\/09\/20210926_jornada_migrantes_web_357-1024x683.jpg\" alt=\"\" data-id=\"489\" data-full-url=\"http:\/\/centrotierradetodos.es\/fctdt\/wp-content\/uploads\/2021\/09\/20210926_jornada_migrantes_web_357.jpg\" data-link=\"http:\/\/centrotierradetodos.es\/fctdt\/?attachment_id=489\" class=\"wp-image-489\" srcset=\"https:\/\/centrotierradetodos.es\/fctdt\/wp-content\/uploads\/2021\/09\/20210926_jornada_migrantes_web_357-1024x683.jpg 1024w, https:\/\/centrotierradetodos.es\/fctdt\/wp-content\/uploads\/2021\/09\/20210926_jornada_migrantes_web_357-300x200.jpg 300w, https:\/\/centrotierradetodos.es\/fctdt\/wp-content\/uploads\/2021\/09\/20210926_jornada_migrantes_web_357-768x512.jpg 768w, https:\/\/centrotierradetodos.es\/fctdt\/wp-content\/uploads\/2021\/09\/20210926_jornada_migrantes_web_357-1536x1024.jpg 1536w, https:\/\/centrotierradetodos.es\/fctdt\/wp-content\/uploads\/2021\/09\/20210926_jornada_migrantes_web_357-1200x800.jpg 1200w, https:\/\/centrotierradetodos.es\/fctdt\/wp-content\/uploads\/2021\/09\/20210926_jornada_migrantes_web_357-1568x1046.jpg 1568w, https:\/\/centrotierradetodos.es\/fctdt\/wp-content\/uploads\/2021\/09\/20210926_jornada_migrantes_web_357.jpg 1600w\" sizes=\"auto, (max-width: 1024px) 100vw, 1024px\" \/><\/figure><\/li><li class=\"blocks-gallery-item\"><figure><img loading=\"lazy\" decoding=\"async\" width=\"1024\" height=\"687\" src=\"http:\/\/centrotierradetodos.es\/fctdt\/wp-content\/uploads\/2021\/09\/20210926_jornada_migrantes_web_358-1024x687.jpg\" alt=\"\" data-id=\"490\" data-full-url=\"http:\/\/centrotierradetodos.es\/fctdt\/wp-content\/uploads\/2021\/09\/20210926_jornada_migrantes_web_358.jpg\" data-link=\"http:\/\/centrotierradetodos.es\/fctdt\/?attachment_id=490\" class=\"wp-image-490\" srcset=\"https:\/\/centrotierradetodos.es\/fctdt\/wp-content\/uploads\/2021\/09\/20210926_jornada_migrantes_web_358-1024x687.jpg 1024w, https:\/\/centrotierradetodos.es\/fctdt\/wp-content\/uploads\/2021\/09\/20210926_jornada_migrantes_web_358-300x201.jpg 300w, https:\/\/centrotierradetodos.es\/fctdt\/wp-content\/uploads\/2021\/09\/20210926_jornada_migrantes_web_358-768x515.jpg 768w, https:\/\/centrotierradetodos.es\/fctdt\/wp-content\/uploads\/2021\/09\/20210926_jornada_migrantes_web_358-1536x1030.jpg 1536w, https:\/\/centrotierradetodos.es\/fctdt\/wp-content\/uploads\/2021\/09\/20210926_jornada_migrantes_web_358-1200x805.jpg 1200w, https:\/\/centrotierradetodos.es\/fctdt\/wp-content\/uploads\/2021\/09\/20210926_jornada_migrantes_web_358-1568x1052.jpg 1568w, https:\/\/centrotierradetodos.es\/fctdt\/wp-content\/uploads\/2021\/09\/20210926_jornada_migrantes_web_358.jpg 1600w\" sizes=\"auto, (max-width: 1024px) 100vw, 1024px\" \/><\/figure><\/li><li class=\"blocks-gallery-item\"><figure><img loading=\"lazy\" decoding=\"async\" width=\"1024\" height=\"703\" src=\"http:\/\/centrotierradetodos.es\/fctdt\/wp-content\/uploads\/2021\/09\/20210926_jornada_migrantes_web_359-1024x703.jpg\" alt=\"\" data-id=\"491\" data-full-url=\"http:\/\/centrotierradetodos.es\/fctdt\/wp-content\/uploads\/2021\/09\/20210926_jornada_migrantes_web_359.jpg\" data-link=\"http:\/\/centrotierradetodos.es\/fctdt\/?attachment_id=491\" class=\"wp-image-491\" srcset=\"https:\/\/centrotierradetodos.es\/fctdt\/wp-content\/uploads\/2021\/09\/20210926_jornada_migrantes_web_359-1024x703.jpg 1024w, https:\/\/centrotierradetodos.es\/fctdt\/wp-content\/uploads\/2021\/09\/20210926_jornada_migrantes_web_359-300x206.jpg 300w, https:\/\/centrotierradetodos.es\/fctdt\/wp-content\/uploads\/2021\/09\/20210926_jornada_migrantes_web_359-768x527.jpg 768w, https:\/\/centrotierradetodos.es\/fctdt\/wp-content\/uploads\/2021\/09\/20210926_jornada_migrantes_web_359-1536x1054.jpg 1536w, https:\/\/centrotierradetodos.es\/fctdt\/wp-content\/uploads\/2021\/09\/20210926_jornada_migrantes_web_359-1200x824.jpg 1200w, https:\/\/centrotierradetodos.es\/fctdt\/wp-content\/uploads\/2021\/09\/20210926_jornada_migrantes_web_359-1568x1076.jpg 1568w, https:\/\/centrotierradetodos.es\/fctdt\/wp-content\/uploads\/2021\/09\/20210926_jornada_migrantes_web_359.jpg 1600w\" sizes=\"auto, (max-width: 1024px) 100vw, 1024px\" \/><\/figure><\/li><li class=\"blocks-gallery-item\"><figure><img loading=\"lazy\" decoding=\"async\" width=\"1024\" height=\"683\" src=\"http:\/\/centrotierradetodos.es\/fctdt\/wp-content\/uploads\/2021\/09\/20210926_jornada_migrantes_web_360-1024x683.jpg\" alt=\"\" data-id=\"492\" data-full-url=\"http:\/\/centrotierradetodos.es\/fctdt\/wp-content\/uploads\/2021\/09\/20210926_jornada_migrantes_web_360.jpg\" data-link=\"http:\/\/centrotierradetodos.es\/fctdt\/?attachment_id=492\" class=\"wp-image-492\" srcset=\"https:\/\/centrotierradetodos.es\/fctdt\/wp-content\/uploads\/2021\/09\/20210926_jornada_migrantes_web_360-1024x683.jpg 1024w, https:\/\/centrotierradetodos.es\/fctdt\/wp-content\/uploads\/2021\/09\/20210926_jornada_migrantes_web_360-300x200.jpg 300w, https:\/\/centrotierradetodos.es\/fctdt\/wp-content\/uploads\/2021\/09\/20210926_jornada_migrantes_web_360-768x512.jpg 768w, https:\/\/centrotierradetodos.es\/fctdt\/wp-content\/uploads\/2021\/09\/20210926_jornada_migrantes_web_360-1536x1024.jpg 1536w, https:\/\/centrotierradetodos.es\/fctdt\/wp-content\/uploads\/2021\/09\/20210926_jornada_migrantes_web_360-1200x800.jpg 1200w, https:\/\/centrotierradetodos.es\/fctdt\/wp-content\/uploads\/2021\/09\/20210926_jornada_migrantes_web_360-1568x1046.jpg 1568w, https:\/\/centrotierradetodos.es\/fctdt\/wp-content\/uploads\/2021\/09\/20210926_jornada_migrantes_web_360.jpg 1600w\" sizes=\"auto, (max-width: 1024px) 100vw, 1024px\" \/><\/figure><\/li><li class=\"blocks-gallery-item\"><figure><img loading=\"lazy\" decoding=\"async\" width=\"1024\" height=\"721\" src=\"http:\/\/centrotierradetodos.es\/fctdt\/wp-content\/uploads\/2021\/09\/20210926_jornada_migrantes_web_361-1024x721.jpg\" alt=\"\" data-id=\"493\" data-full-url=\"http:\/\/centrotierradetodos.es\/fctdt\/wp-content\/uploads\/2021\/09\/20210926_jornada_migrantes_web_361.jpg\" data-link=\"http:\/\/centrotierradetodos.es\/fctdt\/?attachment_id=493\" class=\"wp-image-493\" srcset=\"https:\/\/centrotierradetodos.es\/fctdt\/wp-content\/uploads\/2021\/09\/20210926_jornada_migrantes_web_361-1024x721.jpg 1024w, https:\/\/centrotierradetodos.es\/fctdt\/wp-content\/uploads\/2021\/09\/20210926_jornada_migrantes_web_361-300x211.jpg 300w, https:\/\/centrotierradetodos.es\/fctdt\/wp-content\/uploads\/2021\/09\/20210926_jornada_migrantes_web_361-768x540.jpg 768w, https:\/\/centrotierradetodos.es\/fctdt\/wp-content\/uploads\/2021\/09\/20210926_jornada_migrantes_web_361-1536x1081.jpg 1536w, https:\/\/centrotierradetodos.es\/fctdt\/wp-content\/uploads\/2021\/09\/20210926_jornada_migrantes_web_361-1200x845.jpg 1200w, https:\/\/centrotierradetodos.es\/fctdt\/wp-content\/uploads\/2021\/09\/20210926_jornada_migrantes_web_361-1568x1103.jpg 1568w, https:\/\/centrotierradetodos.es\/fctdt\/wp-content\/uploads\/2021\/09\/20210926_jornada_migrantes_web_361.jpg 1600w\" sizes=\"auto, (max-width: 1024px) 100vw, 1024px\" \/><\/figure><\/li><li class=\"blocks-gallery-item\"><figure><img loading=\"lazy\" decoding=\"async\" width=\"1024\" height=\"721\" src=\"http:\/\/centrotierradetodos.es\/fctdt\/wp-content\/uploads\/2021\/09\/20210926_jornada_migrantes_web_362-1024x721.jpg\" alt=\"\" data-id=\"494\" data-full-url=\"http:\/\/centrotierradetodos.es\/fctdt\/wp-content\/uploads\/2021\/09\/20210926_jornada_migrantes_web_362.jpg\" data-link=\"http:\/\/centrotierradetodos.es\/fctdt\/?attachment_id=494\" class=\"wp-image-494\" srcset=\"https:\/\/centrotierradetodos.es\/fctdt\/wp-content\/uploads\/2021\/09\/20210926_jornada_migrantes_web_362-1024x721.jpg 1024w, https:\/\/centrotierradetodos.es\/fctdt\/wp-content\/uploads\/2021\/09\/20210926_jornada_migrantes_web_362-300x211.jpg 300w, https:\/\/centrotierradetodos.es\/fctdt\/wp-content\/uploads\/2021\/09\/20210926_jornada_migrantes_web_362-768x540.jpg 768w, https:\/\/centrotierradetodos.es\/fctdt\/wp-content\/uploads\/2021\/09\/20210926_jornada_migrantes_web_362-1536x1081.jpg 1536w, https:\/\/centrotierradetodos.es\/fctdt\/wp-content\/uploads\/2021\/09\/20210926_jornada_migrantes_web_362-1200x845.jpg 1200w, https:\/\/centrotierradetodos.es\/fctdt\/wp-content\/uploads\/2021\/09\/20210926_jornada_migrantes_web_362-1568x1103.jpg 1568w, https:\/\/centrotierradetodos.es\/fctdt\/wp-content\/uploads\/2021\/09\/20210926_jornada_migrantes_web_362.jpg 1600w\" sizes=\"auto, (max-width: 1024px) 100vw, 1024px\" \/><\/figure><\/li><li class=\"blocks-gallery-item\"><figure><img loading=\"lazy\" decoding=\"async\" width=\"1024\" height=\"660\" src=\"http:\/\/centrotierradetodos.es\/fctdt\/wp-content\/uploads\/2021\/09\/20210926_jornada_migrantes_web_363-1024x660.jpg\" alt=\"\" data-id=\"495\" data-full-url=\"http:\/\/centrotierradetodos.es\/fctdt\/wp-content\/uploads\/2021\/09\/20210926_jornada_migrantes_web_363.jpg\" data-link=\"http:\/\/centrotierradetodos.es\/fctdt\/?attachment_id=495\" class=\"wp-image-495\" srcset=\"https:\/\/centrotierradetodos.es\/fctdt\/wp-content\/uploads\/2021\/09\/20210926_jornada_migrantes_web_363-1024x660.jpg 1024w, https:\/\/centrotierradetodos.es\/fctdt\/wp-content\/uploads\/2021\/09\/20210926_jornada_migrantes_web_363-300x193.jpg 300w, https:\/\/centrotierradetodos.es\/fctdt\/wp-content\/uploads\/2021\/09\/20210926_jornada_migrantes_web_363-768x495.jpg 768w, https:\/\/centrotierradetodos.es\/fctdt\/wp-content\/uploads\/2021\/09\/20210926_jornada_migrantes_web_363-1536x990.jpg 1536w, https:\/\/centrotierradetodos.es\/fctdt\/wp-content\/uploads\/2021\/09\/20210926_jornada_migrantes_web_363-1200x773.jpg 1200w, https:\/\/centrotierradetodos.es\/fctdt\/wp-content\/uploads\/2021\/09\/20210926_jornada_migrantes_web_363-1568x1010.jpg 1568w, https:\/\/centrotierradetodos.es\/fctdt\/wp-content\/uploads\/2021\/09\/20210926_jornada_migrantes_web_363.jpg 1600w\" sizes=\"auto, (max-width: 1024px) 100vw, 1024px\" \/><\/figure><\/li><li class=\"blocks-gallery-item\"><figure><img loading=\"lazy\" decoding=\"async\" width=\"1024\" height=\"718\" src=\"http:\/\/centrotierradetodos.es\/fctdt\/wp-content\/uploads\/2021\/09\/20210926_jornada_migrantes_web_364-1024x718.jpg\" alt=\"\" data-id=\"496\" data-full-url=\"http:\/\/centrotierradetodos.es\/fctdt\/wp-content\/uploads\/2021\/09\/20210926_jornada_migrantes_web_364.jpg\" data-link=\"http:\/\/centrotierradetodos.es\/fctdt\/?attachment_id=496\" class=\"wp-image-496\" srcset=\"https:\/\/centrotierradetodos.es\/fctdt\/wp-content\/uploads\/2021\/09\/20210926_jornada_migrantes_web_364-1024x718.jpg 1024w, https:\/\/centrotierradetodos.es\/fctdt\/wp-content\/uploads\/2021\/09\/20210926_jornada_migrantes_web_364-300x210.jpg 300w, https:\/\/centrotierradetodos.es\/fctdt\/wp-content\/uploads\/2021\/09\/20210926_jornada_migrantes_web_364-768x539.jpg 768w, https:\/\/centrotierradetodos.es\/fctdt\/wp-content\/uploads\/2021\/09\/20210926_jornada_migrantes_web_364-1536x1077.jpg 1536w, https:\/\/centrotierradetodos.es\/fctdt\/wp-content\/uploads\/2021\/09\/20210926_jornada_migrantes_web_364-1200x842.jpg 1200w, https:\/\/centrotierradetodos.es\/fctdt\/wp-content\/uploads\/2021\/09\/20210926_jornada_migrantes_web_364-1568x1100.jpg 1568w, https:\/\/centrotierradetodos.es\/fctdt\/wp-content\/uploads\/2021\/09\/20210926_jornada_migrantes_web_364.jpg 1600w\" sizes=\"auto, (max-width: 1024px) 100vw, 1024px\" \/><\/figure><\/li><\/ul><\/figure>\n","protected":false},"excerpt":{"rendered":"<p>En la ma\u00f1ana del domingo, 26 de septiembre, el obispo de la Di\u00f3cesis de C\u00e1diz y Ceuta, Mons. Rafael Zornoza Boy, presidi\u00f3, en la Catedral de C\u00e1diz, la ceremonia de la Jornada Mundial del Migrante y del Refugiado 2021. Bajo el lema Hacia un nosotros cada vez m\u00e1s grande, el objetivo de esta edici\u00f3n es&nbsp;tomar<a class=\"more-link\" href=\"https:\/\/centrotierradetodos.es\/fctdt\/2021\/09\/26\/nuestra-diocesis-esta-acostumbrada-a-acoger-a-los-migrantes-pero-tenemos-que-abrir-aun-mas-nuestro-corazon\/\">Sigue leyendo <span class=\"screen-reader-text\">\u00ab\u201cNuestra di\u00f3cesis est\u00e1 acostumbrada a acoger a los migrantes, pero tenemos que abrir a\u00fan m\u00e1s nuestro coraz\u00f3n\u201d\u00bb<\/span><\/a><\/p>\n","protected":false},"author":1,"featured_media":492,"comment_status":"closed","ping_status":"open","sticky":false,"template":"","format":"standard","meta":{"_editorskit_title_hidden":false,"_editorskit_reading_time":0,"_editorskit_is_block_options_detached":false,"_editorskit_block_options_position":"{}","_coblocks_attr":"","_coblocks_dimensions":"","_coblocks_responsive_height":"","_coblocks_accordion_ie_support":"","_monsterinsights_skip_tracking":false,"_monsterinsights_sitenote_active":false,"_monsterinsights_sitenote_note":"","_monsterinsights_sitenote_category":0,"_jetpack_memberships_contains_paid_content":false,"footnotes":""},"categories":[12],"tags":[],"class_list":["post-477","post","type-post","status-publish","format-standard","has-post-thumbnail","hentry","category-noticias","entry"],"yoast_head":"<!-- This site is optimized with the Yoast SEO plugin v27.5 - https:\/\/yoast.com\/product\/yoast-seo-wordpress\/ -->\n<title>\u201cNuestra di\u00f3cesis est\u00e1 acostumbrada a acoger a los migrantes, pero tenemos que abrir a\u00fan m\u00e1s nuestro coraz\u00f3n\u201d - Fundaci\u00f3n Centro Tierra de Todos<\/title>\n<meta name=\"robots\" content=\"index, follow, max-snippet:-1, max-image-preview:large, max-video-preview:-1\" \/>\n<link rel=\"canonical\" href=\"https:\/\/centrotierradetodos.es\/fctdt\/2021\/09\/26\/nuestra-diocesis-esta-acostumbrada-a-acoger-a-los-migrantes-pero-tenemos-que-abrir-aun-mas-nuestro-corazon\/\" \/>\n<meta property=\"og:locale\" content=\"es_ES\" \/>\n<meta property=\"og:type\" content=\"article\" \/>\n<meta property=\"og:title\" content=\"\u201cNuestra di\u00f3cesis est\u00e1 acostumbrada a acoger a los migrantes, pero tenemos que abrir a\u00fan m\u00e1s nuestro coraz\u00f3n\u201d - Fundaci\u00f3n Centro Tierra de Todos\" \/>\n<meta property=\"og:description\" content=\"En la ma\u00f1ana del domingo, 26 de septiembre, el obispo de la Di\u00f3cesis de C\u00e1diz y Ceuta, Mons. Rafael Zornoza Boy, presidi\u00f3, en la Catedral de C\u00e1diz, la ceremonia de la Jornada Mundial del Migrante y del Refugiado 2021. Bajo el lema Hacia un nosotros cada vez m\u00e1s grande, el objetivo de esta edici\u00f3n es&nbsp;tomarSigue leyendo &quot;\u201cNuestra di\u00f3cesis est\u00e1 acostumbrada a acoger a los migrantes, pero tenemos que abrir a\u00fan m\u00e1s nuestro coraz\u00f3n\u201d&quot;\" \/>\n<meta property=\"og:url\" content=\"https:\/\/centrotierradetodos.es\/fctdt\/2021\/09\/26\/nuestra-diocesis-esta-acostumbrada-a-acoger-a-los-migrantes-pero-tenemos-que-abrir-aun-mas-nuestro-corazon\/\" \/>\n<meta property=\"og:site_name\" content=\"Fundaci\u00f3n Centro Tierra de Todos\" \/>\n<meta property=\"article:publisher\" content=\"https:\/\/www.facebook.com\/p\/Cardijn-Tierra-de-Todos-Migraciones-100091817239433\/\" \/>\n<meta property=\"article:published_time\" content=\"2021-09-26T12:59:31+00:00\" \/>\n<meta property=\"article:modified_time\" content=\"2024-04-24T10:55:58+00:00\" \/>\n<meta property=\"og:image\" content=\"https:\/\/centrotierradetodos.es\/fctdt\/wp-content\/uploads\/2021\/09\/20210926_jornada_migrantes_web_360.jpg\" \/>\n\t<meta property=\"og:image:width\" content=\"1600\" \/>\n\t<meta property=\"og:image:height\" content=\"1067\" \/>\n\t<meta property=\"og:image:type\" content=\"image\/jpeg\" \/>\n<meta name=\"author\" content=\"Redactor\" \/>\n<meta name=\"twitter:card\" content=\"summary_large_image\" \/>\n<meta name=\"twitter:label1\" content=\"Escrito por\" \/>\n\t<meta name=\"twitter:data1\" content=\"Redactor\" \/>\n\t<meta name=\"twitter:label2\" content=\"Tiempo de lectura\" \/>\n\t<meta name=\"twitter:data2\" content=\"6 minutos\" \/>\n<script type=\"application\/ld+json\" class=\"yoast-schema-graph\">{\"@context\":\"https:\\\/\\\/schema.org\",\"@graph\":[{\"@type\":\"Article\",\"@id\":\"https:\\\/\\\/centrotierradetodos.es\\\/fctdt\\\/2021\\\/09\\\/26\\\/nuestra-diocesis-esta-acostumbrada-a-acoger-a-los-migrantes-pero-tenemos-que-abrir-aun-mas-nuestro-corazon\\\/#article\",\"isPartOf\":{\"@id\":\"https:\\\/\\\/centrotierradetodos.es\\\/fctdt\\\/2021\\\/09\\\/26\\\/nuestra-diocesis-esta-acostumbrada-a-acoger-a-los-migrantes-pero-tenemos-que-abrir-aun-mas-nuestro-corazon\\\/\"},\"author\":{\"name\":\"Redactor\",\"@id\":\"https:\\\/\\\/centrotierradetodos.es\\\/fctdt\\\/#\\\/schema\\\/person\\\/cd853846b72c64b38f6d135b32747e5d\"},\"headline\":\"\u201cNuestra di\u00f3cesis est\u00e1 acostumbrada a acoger a los migrantes, pero tenemos que abrir a\u00fan m\u00e1s nuestro coraz\u00f3n\u201d\",\"datePublished\":\"2021-09-26T12:59:31+00:00\",\"dateModified\":\"2024-04-24T10:55:58+00:00\",\"mainEntityOfPage\":{\"@id\":\"https:\\\/\\\/centrotierradetodos.es\\\/fctdt\\\/2021\\\/09\\\/26\\\/nuestra-diocesis-esta-acostumbrada-a-acoger-a-los-migrantes-pero-tenemos-que-abrir-aun-mas-nuestro-corazon\\\/\"},\"wordCount\":510,\"publisher\":{\"@id\":\"https:\\\/\\\/centrotierradetodos.es\\\/fctdt\\\/#organization\"},\"image\":{\"@id\":\"https:\\\/\\\/centrotierradetodos.es\\\/fctdt\\\/2021\\\/09\\\/26\\\/nuestra-diocesis-esta-acostumbrada-a-acoger-a-los-migrantes-pero-tenemos-que-abrir-aun-mas-nuestro-corazon\\\/#primaryimage\"},\"thumbnailUrl\":\"https:\\\/\\\/centrotierradetodos.es\\\/fctdt\\\/wp-content\\\/uploads\\\/2021\\\/09\\\/20210926_jornada_migrantes_web_360.jpg\",\"articleSection\":[\"Noticias\"],\"inLanguage\":\"es\"},{\"@type\":\"WebPage\",\"@id\":\"https:\\\/\\\/centrotierradetodos.es\\\/fctdt\\\/2021\\\/09\\\/26\\\/nuestra-diocesis-esta-acostumbrada-a-acoger-a-los-migrantes-pero-tenemos-que-abrir-aun-mas-nuestro-corazon\\\/\",\"url\":\"https:\\\/\\\/centrotierradetodos.es\\\/fctdt\\\/2021\\\/09\\\/26\\\/nuestra-diocesis-esta-acostumbrada-a-acoger-a-los-migrantes-pero-tenemos-que-abrir-aun-mas-nuestro-corazon\\\/\",\"name\":\"\u201cNuestra di\u00f3cesis est\u00e1 acostumbrada a acoger a los migrantes, pero tenemos que abrir a\u00fan m\u00e1s nuestro coraz\u00f3n\u201d - Fundaci\u00f3n Centro Tierra de Todos\",\"isPartOf\":{\"@id\":\"https:\\\/\\\/centrotierradetodos.es\\\/fctdt\\\/#website\"},\"primaryImageOfPage\":{\"@id\":\"https:\\\/\\\/centrotierradetodos.es\\\/fctdt\\\/2021\\\/09\\\/26\\\/nuestra-diocesis-esta-acostumbrada-a-acoger-a-los-migrantes-pero-tenemos-que-abrir-aun-mas-nuestro-corazon\\\/#primaryimage\"},\"image\":{\"@id\":\"https:\\\/\\\/centrotierradetodos.es\\\/fctdt\\\/2021\\\/09\\\/26\\\/nuestra-diocesis-esta-acostumbrada-a-acoger-a-los-migrantes-pero-tenemos-que-abrir-aun-mas-nuestro-corazon\\\/#primaryimage\"},\"thumbnailUrl\":\"https:\\\/\\\/centrotierradetodos.es\\\/fctdt\\\/wp-content\\\/uploads\\\/2021\\\/09\\\/20210926_jornada_migrantes_web_360.jpg\",\"datePublished\":\"2021-09-26T12:59:31+00:00\",\"dateModified\":\"2024-04-24T10:55:58+00:00\",\"breadcrumb\":{\"@id\":\"https:\\\/\\\/centrotierradetodos.es\\\/fctdt\\\/2021\\\/09\\\/26\\\/nuestra-diocesis-esta-acostumbrada-a-acoger-a-los-migrantes-pero-tenemos-que-abrir-aun-mas-nuestro-corazon\\\/#breadcrumb\"},\"inLanguage\":\"es\",\"potentialAction\":[{\"@type\":\"ReadAction\",\"target\":[\"https:\\\/\\\/centrotierradetodos.es\\\/fctdt\\\/2021\\\/09\\\/26\\\/nuestra-diocesis-esta-acostumbrada-a-acoger-a-los-migrantes-pero-tenemos-que-abrir-aun-mas-nuestro-corazon\\\/\"]}]},{\"@type\":\"ImageObject\",\"inLanguage\":\"es\",\"@id\":\"https:\\\/\\\/centrotierradetodos.es\\\/fctdt\\\/2021\\\/09\\\/26\\\/nuestra-diocesis-esta-acostumbrada-a-acoger-a-los-migrantes-pero-tenemos-que-abrir-aun-mas-nuestro-corazon\\\/#primaryimage\",\"url\":\"https:\\\/\\\/centrotierradetodos.es\\\/fctdt\\\/wp-content\\\/uploads\\\/2021\\\/09\\\/20210926_jornada_migrantes_web_360.jpg\",\"contentUrl\":\"https:\\\/\\\/centrotierradetodos.es\\\/fctdt\\\/wp-content\\\/uploads\\\/2021\\\/09\\\/20210926_jornada_migrantes_web_360.jpg\",\"width\":1600,\"height\":1067},{\"@type\":\"BreadcrumbList\",\"@id\":\"https:\\\/\\\/centrotierradetodos.es\\\/fctdt\\\/2021\\\/09\\\/26\\\/nuestra-diocesis-esta-acostumbrada-a-acoger-a-los-migrantes-pero-tenemos-que-abrir-aun-mas-nuestro-corazon\\\/#breadcrumb\",\"itemListElement\":[{\"@type\":\"ListItem\",\"position\":1,\"name\":\"Portada\",\"item\":\"https:\\\/\\\/centrotierradetodos.es\\\/fctdt\\\/\"},{\"@type\":\"ListItem\",\"position\":2,\"name\":\"\u201cNuestra di\u00f3cesis est\u00e1 acostumbrada a acoger a los migrantes, pero tenemos que abrir a\u00fan m\u00e1s nuestro coraz\u00f3n\u201d\"}]},{\"@type\":\"WebSite\",\"@id\":\"https:\\\/\\\/centrotierradetodos.es\\\/fctdt\\\/#website\",\"url\":\"https:\\\/\\\/centrotierradetodos.es\\\/fctdt\\\/\",\"name\":\"Fundaci\u00f3n Centro Tierra de Todos\",\"description\":\"La Fundaci\u00f3n Centro Tierra de Todos es una entidad sin \u00e1nimo de lucro, dedicada a la atenci\u00f3n de los j\u00f3venes, de los inmigrantes y de los barrios populares de la ciudad de C\u00e1diz, con el \u00e1nimo de promover un ambicioso proyecto que facilite la igualdad de oportunidades y la promoci\u00f3n y cualificaci\u00f3n de todas estas personas y de todo su entorno social.\",\"publisher\":{\"@id\":\"https:\\\/\\\/centrotierradetodos.es\\\/fctdt\\\/#organization\"},\"potentialAction\":[{\"@type\":\"SearchAction\",\"target\":{\"@type\":\"EntryPoint\",\"urlTemplate\":\"https:\\\/\\\/centrotierradetodos.es\\\/fctdt\\\/?s={search_term_string}\"},\"query-input\":{\"@type\":\"PropertyValueSpecification\",\"valueRequired\":true,\"valueName\":\"search_term_string\"}}],\"inLanguage\":\"es\"},{\"@type\":\"Organization\",\"@id\":\"https:\\\/\\\/centrotierradetodos.es\\\/fctdt\\\/#organization\",\"name\":\"Fundaci\u00f3n Centro Tierra de Todos\",\"url\":\"https:\\\/\\\/centrotierradetodos.es\\\/fctdt\\\/\",\"logo\":{\"@type\":\"ImageObject\",\"inLanguage\":\"es\",\"@id\":\"https:\\\/\\\/centrotierradetodos.es\\\/fctdt\\\/#\\\/schema\\\/logo\\\/image\\\/\",\"url\":\"https:\\\/\\\/centrotierradetodos.es\\\/fctdt\\\/wp-content\\\/uploads\\\/2021\\\/03\\\/cropped-logo_tierra_todos_470x210-1.jpg\",\"contentUrl\":\"https:\\\/\\\/centrotierradetodos.es\\\/fctdt\\\/wp-content\\\/uploads\\\/2021\\\/03\\\/cropped-logo_tierra_todos_470x210-1.jpg\",\"width\":470,\"height\":210,\"caption\":\"Fundaci\u00f3n Centro Tierra de Todos\"},\"image\":{\"@id\":\"https:\\\/\\\/centrotierradetodos.es\\\/fctdt\\\/#\\\/schema\\\/logo\\\/image\\\/\"},\"sameAs\":[\"https:\\\/\\\/www.facebook.com\\\/p\\\/Cardijn-Tierra-de-Todos-Migraciones-100091817239433\\\/\"]},{\"@type\":\"Person\",\"@id\":\"https:\\\/\\\/centrotierradetodos.es\\\/fctdt\\\/#\\\/schema\\\/person\\\/cd853846b72c64b38f6d135b32747e5d\",\"name\":\"Redactor\",\"image\":{\"@type\":\"ImageObject\",\"inLanguage\":\"es\",\"@id\":\"https:\\\/\\\/secure.gravatar.com\\\/avatar\\\/9a6c877da07c0489d3ee9cdb811a7569ce83c5e8d52b1d00aee39093683c6dc2?s=96&d=mm&r=g\",\"url\":\"https:\\\/\\\/secure.gravatar.com\\\/avatar\\\/9a6c877da07c0489d3ee9cdb811a7569ce83c5e8d52b1d00aee39093683c6dc2?s=96&d=mm&r=g\",\"contentUrl\":\"https:\\\/\\\/secure.gravatar.com\\\/avatar\\\/9a6c877da07c0489d3ee9cdb811a7569ce83c5e8d52b1d00aee39093683c6dc2?s=96&d=mm&r=g\",\"caption\":\"Redactor\"},\"sameAs\":[\"http:\\\/\\\/centrotierradetodos.es\\\/fctdt\"]}]}<\/script>\n<!-- \/ Yoast SEO plugin. -->","yoast_head_json":{"title":"\u201cNuestra di\u00f3cesis est\u00e1 acostumbrada a acoger a los migrantes, pero tenemos que abrir a\u00fan m\u00e1s nuestro coraz\u00f3n\u201d - Fundaci\u00f3n Centro Tierra de Todos","robots":{"index":"index","follow":"follow","max-snippet":"max-snippet:-1","max-image-preview":"max-image-preview:large","max-video-preview":"max-video-preview:-1"},"canonical":"https:\/\/centrotierradetodos.es\/fctdt\/2021\/09\/26\/nuestra-diocesis-esta-acostumbrada-a-acoger-a-los-migrantes-pero-tenemos-que-abrir-aun-mas-nuestro-corazon\/","og_locale":"es_ES","og_type":"article","og_title":"\u201cNuestra di\u00f3cesis est\u00e1 acostumbrada a acoger a los migrantes, pero tenemos que abrir a\u00fan m\u00e1s nuestro coraz\u00f3n\u201d - Fundaci\u00f3n Centro Tierra de Todos","og_description":"En la ma\u00f1ana del domingo, 26 de septiembre, el obispo de la Di\u00f3cesis de C\u00e1diz y Ceuta, Mons. Rafael Zornoza Boy, presidi\u00f3, en la Catedral de C\u00e1diz, la ceremonia de la Jornada Mundial del Migrante y del Refugiado 2021. Bajo el lema Hacia un nosotros cada vez m\u00e1s grande, el objetivo de esta edici\u00f3n es&nbsp;tomarSigue leyendo \"\u201cNuestra di\u00f3cesis est\u00e1 acostumbrada a acoger a los migrantes, pero tenemos que abrir a\u00fan m\u00e1s nuestro coraz\u00f3n\u201d\"","og_url":"https:\/\/centrotierradetodos.es\/fctdt\/2021\/09\/26\/nuestra-diocesis-esta-acostumbrada-a-acoger-a-los-migrantes-pero-tenemos-que-abrir-aun-mas-nuestro-corazon\/","og_site_name":"Fundaci\u00f3n Centro Tierra de Todos","article_publisher":"https:\/\/www.facebook.com\/p\/Cardijn-Tierra-de-Todos-Migraciones-100091817239433\/","article_published_time":"2021-09-26T12:59:31+00:00","article_modified_time":"2024-04-24T10:55:58+00:00","og_image":[{"width":1600,"height":1067,"url":"https:\/\/centrotierradetodos.es\/fctdt\/wp-content\/uploads\/2021\/09\/20210926_jornada_migrantes_web_360.jpg","type":"image\/jpeg"}],"author":"Redactor","twitter_card":"summary_large_image","twitter_misc":{"Escrito por":"Redactor","Tiempo de lectura":"6 minutos"},"schema":{"@context":"https:\/\/schema.org","@graph":[{"@type":"Article","@id":"https:\/\/centrotierradetodos.es\/fctdt\/2021\/09\/26\/nuestra-diocesis-esta-acostumbrada-a-acoger-a-los-migrantes-pero-tenemos-que-abrir-aun-mas-nuestro-corazon\/#article","isPartOf":{"@id":"https:\/\/centrotierradetodos.es\/fctdt\/2021\/09\/26\/nuestra-diocesis-esta-acostumbrada-a-acoger-a-los-migrantes-pero-tenemos-que-abrir-aun-mas-nuestro-corazon\/"},"author":{"name":"Redactor","@id":"https:\/\/centrotierradetodos.es\/fctdt\/#\/schema\/person\/cd853846b72c64b38f6d135b32747e5d"},"headline":"\u201cNuestra di\u00f3cesis est\u00e1 acostumbrada a acoger a los migrantes, pero tenemos que abrir a\u00fan m\u00e1s nuestro coraz\u00f3n\u201d","datePublished":"2021-09-26T12:59:31+00:00","dateModified":"2024-04-24T10:55:58+00:00","mainEntityOfPage":{"@id":"https:\/\/centrotierradetodos.es\/fctdt\/2021\/09\/26\/nuestra-diocesis-esta-acostumbrada-a-acoger-a-los-migrantes-pero-tenemos-que-abrir-aun-mas-nuestro-corazon\/"},"wordCount":510,"publisher":{"@id":"https:\/\/centrotierradetodos.es\/fctdt\/#organization"},"image":{"@id":"https:\/\/centrotierradetodos.es\/fctdt\/2021\/09\/26\/nuestra-diocesis-esta-acostumbrada-a-acoger-a-los-migrantes-pero-tenemos-que-abrir-aun-mas-nuestro-corazon\/#primaryimage"},"thumbnailUrl":"https:\/\/centrotierradetodos.es\/fctdt\/wp-content\/uploads\/2021\/09\/20210926_jornada_migrantes_web_360.jpg","articleSection":["Noticias"],"inLanguage":"es"},{"@type":"WebPage","@id":"https:\/\/centrotierradetodos.es\/fctdt\/2021\/09\/26\/nuestra-diocesis-esta-acostumbrada-a-acoger-a-los-migrantes-pero-tenemos-que-abrir-aun-mas-nuestro-corazon\/","url":"https:\/\/centrotierradetodos.es\/fctdt\/2021\/09\/26\/nuestra-diocesis-esta-acostumbrada-a-acoger-a-los-migrantes-pero-tenemos-que-abrir-aun-mas-nuestro-corazon\/","name":"\u201cNuestra di\u00f3cesis est\u00e1 acostumbrada a acoger a los migrantes, pero tenemos que abrir a\u00fan m\u00e1s nuestro coraz\u00f3n\u201d - Fundaci\u00f3n Centro Tierra de Todos","isPartOf":{"@id":"https:\/\/centrotierradetodos.es\/fctdt\/#website"},"primaryImageOfPage":{"@id":"https:\/\/centrotierradetodos.es\/fctdt\/2021\/09\/26\/nuestra-diocesis-esta-acostumbrada-a-acoger-a-los-migrantes-pero-tenemos-que-abrir-aun-mas-nuestro-corazon\/#primaryimage"},"image":{"@id":"https:\/\/centrotierradetodos.es\/fctdt\/2021\/09\/26\/nuestra-diocesis-esta-acostumbrada-a-acoger-a-los-migrantes-pero-tenemos-que-abrir-aun-mas-nuestro-corazon\/#primaryimage"},"thumbnailUrl":"https:\/\/centrotierradetodos.es\/fctdt\/wp-content\/uploads\/2021\/09\/20210926_jornada_migrantes_web_360.jpg","datePublished":"2021-09-26T12:59:31+00:00","dateModified":"2024-04-24T10:55:58+00:00","breadcrumb":{"@id":"https:\/\/centrotierradetodos.es\/fctdt\/2021\/09\/26\/nuestra-diocesis-esta-acostumbrada-a-acoger-a-los-migrantes-pero-tenemos-que-abrir-aun-mas-nuestro-corazon\/#breadcrumb"},"inLanguage":"es","potentialAction":[{"@type":"ReadAction","target":["https:\/\/centrotierradetodos.es\/fctdt\/2021\/09\/26\/nuestra-diocesis-esta-acostumbrada-a-acoger-a-los-migrantes-pero-tenemos-que-abrir-aun-mas-nuestro-corazon\/"]}]},{"@type":"ImageObject","inLanguage":"es","@id":"https:\/\/centrotierradetodos.es\/fctdt\/2021\/09\/26\/nuestra-diocesis-esta-acostumbrada-a-acoger-a-los-migrantes-pero-tenemos-que-abrir-aun-mas-nuestro-corazon\/#primaryimage","url":"https:\/\/centrotierradetodos.es\/fctdt\/wp-content\/uploads\/2021\/09\/20210926_jornada_migrantes_web_360.jpg","contentUrl":"https:\/\/centrotierradetodos.es\/fctdt\/wp-content\/uploads\/2021\/09\/20210926_jornada_migrantes_web_360.jpg","width":1600,"height":1067},{"@type":"BreadcrumbList","@id":"https:\/\/centrotierradetodos.es\/fctdt\/2021\/09\/26\/nuestra-diocesis-esta-acostumbrada-a-acoger-a-los-migrantes-pero-tenemos-que-abrir-aun-mas-nuestro-corazon\/#breadcrumb","itemListElement":[{"@type":"ListItem","position":1,"name":"Portada","item":"https:\/\/centrotierradetodos.es\/fctdt\/"},{"@type":"ListItem","position":2,"name":"\u201cNuestra di\u00f3cesis est\u00e1 acostumbrada a acoger a los migrantes, pero tenemos que abrir a\u00fan m\u00e1s nuestro coraz\u00f3n\u201d"}]},{"@type":"WebSite","@id":"https:\/\/centrotierradetodos.es\/fctdt\/#website","url":"https:\/\/centrotierradetodos.es\/fctdt\/","name":"Fundaci\u00f3n Centro Tierra de Todos","description":"La Fundaci\u00f3n Centro Tierra de Todos es una entidad sin \u00e1nimo de lucro, dedicada a la atenci\u00f3n de los j\u00f3venes, de los inmigrantes y de los barrios populares de la ciudad de C\u00e1diz, con el \u00e1nimo de promover un ambicioso proyecto que facilite la igualdad de oportunidades y la promoci\u00f3n y cualificaci\u00f3n de todas estas personas y de todo su entorno social.","publisher":{"@id":"https:\/\/centrotierradetodos.es\/fctdt\/#organization"},"potentialAction":[{"@type":"SearchAction","target":{"@type":"EntryPoint","urlTemplate":"https:\/\/centrotierradetodos.es\/fctdt\/?s={search_term_string}"},"query-input":{"@type":"PropertyValueSpecification","valueRequired":true,"valueName":"search_term_string"}}],"inLanguage":"es"},{"@type":"Organization","@id":"https:\/\/centrotierradetodos.es\/fctdt\/#organization","name":"Fundaci\u00f3n Centro Tierra de Todos","url":"https:\/\/centrotierradetodos.es\/fctdt\/","logo":{"@type":"ImageObject","inLanguage":"es","@id":"https:\/\/centrotierradetodos.es\/fctdt\/#\/schema\/logo\/image\/","url":"https:\/\/centrotierradetodos.es\/fctdt\/wp-content\/uploads\/2021\/03\/cropped-logo_tierra_todos_470x210-1.jpg","contentUrl":"https:\/\/centrotierradetodos.es\/fctdt\/wp-content\/uploads\/2021\/03\/cropped-logo_tierra_todos_470x210-1.jpg","width":470,"height":210,"caption":"Fundaci\u00f3n Centro Tierra de Todos"},"image":{"@id":"https:\/\/centrotierradetodos.es\/fctdt\/#\/schema\/logo\/image\/"},"sameAs":["https:\/\/www.facebook.com\/p\/Cardijn-Tierra-de-Todos-Migraciones-100091817239433\/"]},{"@type":"Person","@id":"https:\/\/centrotierradetodos.es\/fctdt\/#\/schema\/person\/cd853846b72c64b38f6d135b32747e5d","name":"Redactor","image":{"@type":"ImageObject","inLanguage":"es","@id":"https:\/\/secure.gravatar.com\/avatar\/9a6c877da07c0489d3ee9cdb811a7569ce83c5e8d52b1d00aee39093683c6dc2?s=96&d=mm&r=g","url":"https:\/\/secure.gravatar.com\/avatar\/9a6c877da07c0489d3ee9cdb811a7569ce83c5e8d52b1d00aee39093683c6dc2?s=96&d=mm&r=g","contentUrl":"https:\/\/secure.gravatar.com\/avatar\/9a6c877da07c0489d3ee9cdb811a7569ce83c5e8d52b1d00aee39093683c6dc2?s=96&d=mm&r=g","caption":"Redactor"},"sameAs":["http:\/\/centrotierradetodos.es\/fctdt"]}]}},"jetpack_featured_media_url":"https:\/\/centrotierradetodos.es\/fctdt\/wp-content\/uploads\/2021\/09\/20210926_jornada_migrantes_web_360.jpg","jetpack_sharing_enabled":true,"_links":{"self":[{"href":"https:\/\/centrotierradetodos.es\/fctdt\/wp-json\/wp\/v2\/posts\/477","targetHints":{"allow":["GET"]}}],"collection":[{"href":"https:\/\/centrotierradetodos.es\/fctdt\/wp-json\/wp\/v2\/posts"}],"about":[{"href":"https:\/\/centrotierradetodos.es\/fctdt\/wp-json\/wp\/v2\/types\/post"}],"author":[{"embeddable":true,"href":"https:\/\/centrotierradetodos.es\/fctdt\/wp-json\/wp\/v2\/users\/1"}],"replies":[{"embeddable":true,"href":"https:\/\/centrotierradetodos.es\/fctdt\/wp-json\/wp\/v2\/comments?post=477"}],"version-history":[{"count":1,"href":"https:\/\/centrotierradetodos.es\/fctdt\/wp-json\/wp\/v2\/posts\/477\/revisions"}],"predecessor-version":[{"id":497,"href":"https:\/\/centrotierradetodos.es\/fctdt\/wp-json\/wp\/v2\/posts\/477\/revisions\/497"}],"wp:featuredmedia":[{"embeddable":true,"href":"https:\/\/centrotierradetodos.es\/fctdt\/wp-json\/wp\/v2\/media\/492"}],"wp:attachment":[{"href":"https:\/\/centrotierradetodos.es\/fctdt\/wp-json\/wp\/v2\/media?parent=477"}],"wp:term":[{"taxonomy":"category","embeddable":true,"href":"https:\/\/centrotierradetodos.es\/fctdt\/wp-json\/wp\/v2\/categories?post=477"},{"taxonomy":"post_tag","embeddable":true,"href":"https:\/\/centrotierradetodos.es\/fctdt\/wp-json\/wp\/v2\/tags?post=477"}],"curies":[{"name":"wp","href":"https:\/\/api.w.org\/{rel}","templated":true}]}}