{"id":312,"date":"2021-05-14T12:03:24","date_gmt":"2021-05-14T10:03:24","guid":{"rendered":"https:\/\/centrotierradetodos718846684.wordpress.com\/?p=312"},"modified":"2024-04-18T12:07:37","modified_gmt":"2024-04-18T10:07:37","slug":"empleados-y-voluntarios-de-tierra-de-todos-y-cardijn-reciben-formacion-sobre-prevencion-de-violencia-hacia-la-infancia","status":"publish","type":"post","link":"https:\/\/centrotierradetodos.es\/fctdt\/2021\/05\/14\/empleados-y-voluntarios-de-tierra-de-todos-y-cardijn-reciben-formacion-sobre-prevencion-de-violencia-hacia-la-infancia\/","title":{"rendered":"Empleados y voluntarios de Tierra de Todos y Cardijn reciben formaci\u00f3n sobre prevenci\u00f3n de violencia hacia la infancia"},"content":{"rendered":"\n<p>La Fundaci\u00f3n Centro Tierra de Todos y la Fundaci\u00f3n Save the Children organizan estas acciones formativas enmarcadas en el&nbsp;<strong><em>\u201cPrograma de Lucha contra la Pobreza Infantil y Atenci\u00f3n a la Diversidad Cultural en el contexto de la Crisis COVID-19\u201d<\/em><\/strong>, que ambas entidades desarrollan en colaboraci\u00f3n y gracias a la financiaci\u00f3n de Fundaci\u00f3n \u201cla Caixa\u201d. Este proyecto conjunto entre ambas entidades tiene como objetivo asegurar el derecho a la educaci\u00f3n y promover la inclusi\u00f3n, la convivencia intercultural y la no discriminaci\u00f3n de ni\u00f1os y ni\u00f1as de 9 a 18 a\u00f1os en situaci\u00f3n de vulnerabilidad.&nbsp;<\/p>\n\n\n\n<p>Un elemento primordial de este proyecto es el trabajo en red con todos los agentes sociales y educativos, p\u00fablicos y privados del territorio que intervienen en el desarrollo del ni\u00f1o\/a de manera directa y\/o a trav\u00e9s de las familias, Servicios Sociales, Centros Educativos\u2026. Por esta raz\u00f3n, se considera fundamental dotar de herramientas y habilidades que capaciten en materia de Prevenci\u00f3n de Violencia hacia la Infancia a trav\u00e9s de formaciones que permitan el acompa\u00f1amiento para la creaci\u00f3n de entornos seguros y protectores para la infancia y la adolescencia, el conocimiento de los tipos de violencia existentes, as\u00ed como sus indicadores que permitan detectarla y los protocolos de notificaci\u00f3n y respuesta ante los casos detectados.&nbsp;<\/p>\n\n\n\n<p>De esta manera, este curso de capacitaci\u00f3n de agentes comunitarios en materia de prevenci\u00f3n, detecci\u00f3n y respuesta ante la violencia hacia la infancia&nbsp;, que tendr\u00e1n lugar los d\u00edas 14, 21 y 28 de mayo, en horario de 12.00 a 13.30 horas, ser\u00e1 impartido por Irene Murillo, referente en Andaluc\u00eda sobre la prevenci\u00f3n de la violencia infantil y sistemas de protecci\u00f3n. As\u00ed, las sesiones se dividen en tres m\u00f3dulos tem\u00e1ticos de 1,5 horas de duraci\u00f3n:&nbsp;<\/p>\n\n\n\n<p><strong>M\u00f3dulo 1:&nbsp;<\/strong>Entornos seguros y protectores para la infancia y la adolescencia.&nbsp;Qu\u00e9 es un entorno seguro: Caracter\u00edsticas, herramientas para la creaci\u00f3n de entornos seguros, An\u00e1lisis de riesgos, ejemplos de buenas pr\u00e1cticas.&nbsp;<\/p>\n\n\n\n<p><strong>M\u00f3dulo 2:&nbsp;<\/strong>Violencia hacia la infancia, tipos e indicadores de detecci\u00f3n. Tipos de Violencia hacia la Infancia. Identificar situaciones de riesgo, herramientas para la detecci\u00f3n&nbsp;(Indicadores), trabajo con casos (entrenar la detecci\u00f3n).&nbsp;<\/p>\n\n\n\n<p><strong>M\u00f3dulo 3:&nbsp;<\/strong>Protocolos de notificaci\u00f3n y respuesta ante casos de violencia hacia la infancia.&nbsp;<\/p>\n\n\n\n<p>\u00b7 Protocolos.&nbsp;Mecanismos de reporte, Mecanismos de actuaci\u00f3n, trabajo con casos, ejemplos de buenas pr\u00e1cticas.&nbsp;<\/p>\n\n\n\n<p>\u00b7 Ley Org\u00e1nica de protecci\u00f3n integral a la infancia y la adolescencia frente a la violencia.&nbsp;<\/p>\n","protected":false},"excerpt":{"rendered":"<p>La Fundaci\u00f3n Centro Tierra de Todos y la Fundaci\u00f3n Save the Children organizan estas acciones formativas enmarcadas en el&nbsp;\u201cPrograma de Lucha contra la Pobreza Infantil y Atenci\u00f3n a la Diversidad Cultural en el contexto de la Crisis COVID-19\u201d, que ambas entidades desarrollan en colaboraci\u00f3n y gracias a la financiaci\u00f3n de Fundaci\u00f3n \u201cla Caixa\u201d. Este proyecto<a class=\"more-link\" href=\"https:\/\/centrotierradetodos.es\/fctdt\/2021\/05\/14\/empleados-y-voluntarios-de-tierra-de-todos-y-cardijn-reciben-formacion-sobre-prevencion-de-violencia-hacia-la-infancia\/\">Sigue leyendo <span class=\"screen-reader-text\">\u00abEmpleados y voluntarios de Tierra de Todos y Cardijn reciben formaci\u00f3n sobre prevenci\u00f3n de violencia hacia la infancia\u00bb<\/span><\/a><\/p>\n","protected":false},"author":1,"featured_media":313,"comment_status":"closed","ping_status":"closed","sticky":false,"template":"","format":"standard","meta":{"_editorskit_title_hidden":false,"_editorskit_reading_time":0,"_editorskit_is_block_options_detached":false,"_editorskit_block_options_position":"{}","_coblocks_attr":"","_coblocks_dimensions":"","_coblocks_responsive_height":"","_coblocks_accordion_ie_support":"","_monsterinsights_skip_tracking":false,"_monsterinsights_sitenote_active":false,"_monsterinsights_sitenote_note":"","_monsterinsights_sitenote_category":0,"_jetpack_memberships_contains_paid_content":false,"footnotes":""},"categories":[12],"tags":[],"class_list":["post-312","post","type-post","status-publish","format-standard","has-post-thumbnail","hentry","category-noticias","entry"],"yoast_head":"<!-- This site is optimized with the Yoast SEO plugin v27.4 - https:\/\/yoast.com\/product\/yoast-seo-wordpress\/ -->\n<title>Empleados y voluntarios de Tierra de Todos y Cardijn reciben formaci\u00f3n sobre prevenci\u00f3n de violencia hacia la infancia - Fundaci\u00f3n Centro Tierra de Todos<\/title>\n<meta name=\"robots\" content=\"index, follow, max-snippet:-1, max-image-preview:large, max-video-preview:-1\" \/>\n<link rel=\"canonical\" href=\"https:\/\/centrotierradetodos.es\/fctdt\/2021\/05\/14\/empleados-y-voluntarios-de-tierra-de-todos-y-cardijn-reciben-formacion-sobre-prevencion-de-violencia-hacia-la-infancia\/\" \/>\n<meta property=\"og:locale\" content=\"es_ES\" \/>\n<meta property=\"og:type\" content=\"article\" \/>\n<meta property=\"og:title\" content=\"Empleados y voluntarios de Tierra de Todos y Cardijn reciben formaci\u00f3n sobre prevenci\u00f3n de violencia hacia la infancia - Fundaci\u00f3n Centro Tierra de Todos\" \/>\n<meta property=\"og:description\" content=\"La Fundaci\u00f3n Centro Tierra de Todos y la Fundaci\u00f3n Save the Children organizan estas acciones formativas enmarcadas en el&nbsp;\u201cPrograma de Lucha contra la Pobreza Infantil y Atenci\u00f3n a la Diversidad Cultural en el contexto de la Crisis COVID-19\u201d, que ambas entidades desarrollan en colaboraci\u00f3n y gracias a la financiaci\u00f3n de Fundaci\u00f3n \u201cla Caixa\u201d. Este proyectoSigue leyendo &quot;Empleados y voluntarios de Tierra de Todos y Cardijn reciben formaci\u00f3n sobre prevenci\u00f3n de violencia hacia la infancia&quot;\" \/>\n<meta property=\"og:url\" content=\"https:\/\/centrotierradetodos.es\/fctdt\/2021\/05\/14\/empleados-y-voluntarios-de-tierra-de-todos-y-cardijn-reciben-formacion-sobre-prevencion-de-violencia-hacia-la-infancia\/\" \/>\n<meta property=\"og:site_name\" content=\"Fundaci\u00f3n Centro Tierra de Todos\" \/>\n<meta property=\"article:publisher\" content=\"https:\/\/www.facebook.com\/p\/Cardijn-Tierra-de-Todos-Migraciones-100091817239433\/\" \/>\n<meta property=\"article:published_time\" content=\"2021-05-14T10:03:24+00:00\" \/>\n<meta property=\"article:modified_time\" content=\"2024-04-18T10:07:37+00:00\" \/>\n<meta property=\"og:image\" content=\"https:\/\/centrotierradetodos.es\/fctdt\/wp-content\/uploads\/2021\/05\/infancia.jpg\" \/>\n\t<meta property=\"og:image:width\" content=\"1920\" \/>\n\t<meta property=\"og:image:height\" content=\"1280\" \/>\n\t<meta property=\"og:image:type\" content=\"image\/jpeg\" \/>\n<meta name=\"author\" content=\"Redactor\" \/>\n<meta name=\"twitter:card\" content=\"summary_large_image\" \/>\n<meta name=\"twitter:label1\" content=\"Escrito por\" \/>\n\t<meta name=\"twitter:data1\" content=\"Redactor\" \/>\n\t<meta name=\"twitter:label2\" content=\"Tiempo de lectura\" \/>\n\t<meta name=\"twitter:data2\" content=\"2 minutos\" \/>\n<script type=\"application\/ld+json\" class=\"yoast-schema-graph\">{\"@context\":\"https:\\\/\\\/schema.org\",\"@graph\":[{\"@type\":\"Article\",\"@id\":\"https:\\\/\\\/centrotierradetodos.es\\\/fctdt\\\/2021\\\/05\\\/14\\\/empleados-y-voluntarios-de-tierra-de-todos-y-cardijn-reciben-formacion-sobre-prevencion-de-violencia-hacia-la-infancia\\\/#article\",\"isPartOf\":{\"@id\":\"https:\\\/\\\/centrotierradetodos.es\\\/fctdt\\\/2021\\\/05\\\/14\\\/empleados-y-voluntarios-de-tierra-de-todos-y-cardijn-reciben-formacion-sobre-prevencion-de-violencia-hacia-la-infancia\\\/\"},\"author\":{\"name\":\"Redactor\",\"@id\":\"https:\\\/\\\/centrotierradetodos.es\\\/fctdt\\\/#\\\/schema\\\/person\\\/cd853846b72c64b38f6d135b32747e5d\"},\"headline\":\"Empleados y voluntarios de Tierra de Todos y Cardijn reciben formaci\u00f3n sobre prevenci\u00f3n de violencia hacia la infancia\",\"datePublished\":\"2021-05-14T10:03:24+00:00\",\"dateModified\":\"2024-04-18T10:07:37+00:00\",\"mainEntityOfPage\":{\"@id\":\"https:\\\/\\\/centrotierradetodos.es\\\/fctdt\\\/2021\\\/05\\\/14\\\/empleados-y-voluntarios-de-tierra-de-todos-y-cardijn-reciben-formacion-sobre-prevencion-de-violencia-hacia-la-infancia\\\/\"},\"wordCount\":462,\"publisher\":{\"@id\":\"https:\\\/\\\/centrotierradetodos.es\\\/fctdt\\\/#organization\"},\"image\":{\"@id\":\"https:\\\/\\\/centrotierradetodos.es\\\/fctdt\\\/2021\\\/05\\\/14\\\/empleados-y-voluntarios-de-tierra-de-todos-y-cardijn-reciben-formacion-sobre-prevencion-de-violencia-hacia-la-infancia\\\/#primaryimage\"},\"thumbnailUrl\":\"https:\\\/\\\/centrotierradetodos.es\\\/fctdt\\\/wp-content\\\/uploads\\\/2021\\\/05\\\/infancia.jpg\",\"articleSection\":[\"Noticias\"],\"inLanguage\":\"es\"},{\"@type\":\"WebPage\",\"@id\":\"https:\\\/\\\/centrotierradetodos.es\\\/fctdt\\\/2021\\\/05\\\/14\\\/empleados-y-voluntarios-de-tierra-de-todos-y-cardijn-reciben-formacion-sobre-prevencion-de-violencia-hacia-la-infancia\\\/\",\"url\":\"https:\\\/\\\/centrotierradetodos.es\\\/fctdt\\\/2021\\\/05\\\/14\\\/empleados-y-voluntarios-de-tierra-de-todos-y-cardijn-reciben-formacion-sobre-prevencion-de-violencia-hacia-la-infancia\\\/\",\"name\":\"Empleados y voluntarios de Tierra de Todos y Cardijn reciben formaci\u00f3n sobre prevenci\u00f3n de violencia hacia la infancia - Fundaci\u00f3n Centro Tierra de Todos\",\"isPartOf\":{\"@id\":\"https:\\\/\\\/centrotierradetodos.es\\\/fctdt\\\/#website\"},\"primaryImageOfPage\":{\"@id\":\"https:\\\/\\\/centrotierradetodos.es\\\/fctdt\\\/2021\\\/05\\\/14\\\/empleados-y-voluntarios-de-tierra-de-todos-y-cardijn-reciben-formacion-sobre-prevencion-de-violencia-hacia-la-infancia\\\/#primaryimage\"},\"image\":{\"@id\":\"https:\\\/\\\/centrotierradetodos.es\\\/fctdt\\\/2021\\\/05\\\/14\\\/empleados-y-voluntarios-de-tierra-de-todos-y-cardijn-reciben-formacion-sobre-prevencion-de-violencia-hacia-la-infancia\\\/#primaryimage\"},\"thumbnailUrl\":\"https:\\\/\\\/centrotierradetodos.es\\\/fctdt\\\/wp-content\\\/uploads\\\/2021\\\/05\\\/infancia.jpg\",\"datePublished\":\"2021-05-14T10:03:24+00:00\",\"dateModified\":\"2024-04-18T10:07:37+00:00\",\"breadcrumb\":{\"@id\":\"https:\\\/\\\/centrotierradetodos.es\\\/fctdt\\\/2021\\\/05\\\/14\\\/empleados-y-voluntarios-de-tierra-de-todos-y-cardijn-reciben-formacion-sobre-prevencion-de-violencia-hacia-la-infancia\\\/#breadcrumb\"},\"inLanguage\":\"es\",\"potentialAction\":[{\"@type\":\"ReadAction\",\"target\":[\"https:\\\/\\\/centrotierradetodos.es\\\/fctdt\\\/2021\\\/05\\\/14\\\/empleados-y-voluntarios-de-tierra-de-todos-y-cardijn-reciben-formacion-sobre-prevencion-de-violencia-hacia-la-infancia\\\/\"]}]},{\"@type\":\"ImageObject\",\"inLanguage\":\"es\",\"@id\":\"https:\\\/\\\/centrotierradetodos.es\\\/fctdt\\\/2021\\\/05\\\/14\\\/empleados-y-voluntarios-de-tierra-de-todos-y-cardijn-reciben-formacion-sobre-prevencion-de-violencia-hacia-la-infancia\\\/#primaryimage\",\"url\":\"https:\\\/\\\/centrotierradetodos.es\\\/fctdt\\\/wp-content\\\/uploads\\\/2021\\\/05\\\/infancia.jpg\",\"contentUrl\":\"https:\\\/\\\/centrotierradetodos.es\\\/fctdt\\\/wp-content\\\/uploads\\\/2021\\\/05\\\/infancia.jpg\",\"width\":1920,\"height\":1280},{\"@type\":\"BreadcrumbList\",\"@id\":\"https:\\\/\\\/centrotierradetodos.es\\\/fctdt\\\/2021\\\/05\\\/14\\\/empleados-y-voluntarios-de-tierra-de-todos-y-cardijn-reciben-formacion-sobre-prevencion-de-violencia-hacia-la-infancia\\\/#breadcrumb\",\"itemListElement\":[{\"@type\":\"ListItem\",\"position\":1,\"name\":\"Portada\",\"item\":\"https:\\\/\\\/centrotierradetodos.es\\\/fctdt\\\/\"},{\"@type\":\"ListItem\",\"position\":2,\"name\":\"Empleados y voluntarios de Tierra de Todos y Cardijn reciben formaci\u00f3n sobre prevenci\u00f3n de violencia hacia la infancia\"}]},{\"@type\":\"WebSite\",\"@id\":\"https:\\\/\\\/centrotierradetodos.es\\\/fctdt\\\/#website\",\"url\":\"https:\\\/\\\/centrotierradetodos.es\\\/fctdt\\\/\",\"name\":\"Fundaci\u00f3n Centro Tierra de Todos\",\"description\":\"La Fundaci\u00f3n Centro Tierra de Todos es una entidad sin \u00e1nimo de lucro, dedicada a la atenci\u00f3n de los j\u00f3venes, de los inmigrantes y de los barrios populares de la ciudad de C\u00e1diz, con el \u00e1nimo de promover un ambicioso proyecto que facilite la igualdad de oportunidades y la promoci\u00f3n y cualificaci\u00f3n de todas estas personas y de todo su entorno social.\",\"publisher\":{\"@id\":\"https:\\\/\\\/centrotierradetodos.es\\\/fctdt\\\/#organization\"},\"potentialAction\":[{\"@type\":\"SearchAction\",\"target\":{\"@type\":\"EntryPoint\",\"urlTemplate\":\"https:\\\/\\\/centrotierradetodos.es\\\/fctdt\\\/?s={search_term_string}\"},\"query-input\":{\"@type\":\"PropertyValueSpecification\",\"valueRequired\":true,\"valueName\":\"search_term_string\"}}],\"inLanguage\":\"es\"},{\"@type\":\"Organization\",\"@id\":\"https:\\\/\\\/centrotierradetodos.es\\\/fctdt\\\/#organization\",\"name\":\"Fundaci\u00f3n Centro Tierra de Todos\",\"url\":\"https:\\\/\\\/centrotierradetodos.es\\\/fctdt\\\/\",\"logo\":{\"@type\":\"ImageObject\",\"inLanguage\":\"es\",\"@id\":\"https:\\\/\\\/centrotierradetodos.es\\\/fctdt\\\/#\\\/schema\\\/logo\\\/image\\\/\",\"url\":\"https:\\\/\\\/centrotierradetodos.es\\\/fctdt\\\/wp-content\\\/uploads\\\/2021\\\/03\\\/cropped-logo_tierra_todos_470x210-1.jpg\",\"contentUrl\":\"https:\\\/\\\/centrotierradetodos.es\\\/fctdt\\\/wp-content\\\/uploads\\\/2021\\\/03\\\/cropped-logo_tierra_todos_470x210-1.jpg\",\"width\":470,\"height\":210,\"caption\":\"Fundaci\u00f3n Centro Tierra de Todos\"},\"image\":{\"@id\":\"https:\\\/\\\/centrotierradetodos.es\\\/fctdt\\\/#\\\/schema\\\/logo\\\/image\\\/\"},\"sameAs\":[\"https:\\\/\\\/www.facebook.com\\\/p\\\/Cardijn-Tierra-de-Todos-Migraciones-100091817239433\\\/\"]},{\"@type\":\"Person\",\"@id\":\"https:\\\/\\\/centrotierradetodos.es\\\/fctdt\\\/#\\\/schema\\\/person\\\/cd853846b72c64b38f6d135b32747e5d\",\"name\":\"Redactor\",\"image\":{\"@type\":\"ImageObject\",\"inLanguage\":\"es\",\"@id\":\"https:\\\/\\\/secure.gravatar.com\\\/avatar\\\/9a6c877da07c0489d3ee9cdb811a7569ce83c5e8d52b1d00aee39093683c6dc2?s=96&d=mm&r=g\",\"url\":\"https:\\\/\\\/secure.gravatar.com\\\/avatar\\\/9a6c877da07c0489d3ee9cdb811a7569ce83c5e8d52b1d00aee39093683c6dc2?s=96&d=mm&r=g\",\"contentUrl\":\"https:\\\/\\\/secure.gravatar.com\\\/avatar\\\/9a6c877da07c0489d3ee9cdb811a7569ce83c5e8d52b1d00aee39093683c6dc2?s=96&d=mm&r=g\",\"caption\":\"Redactor\"},\"sameAs\":[\"http:\\\/\\\/centrotierradetodos.es\\\/fctdt\"]}]}<\/script>\n<!-- \/ Yoast SEO plugin. -->","yoast_head_json":{"title":"Empleados y voluntarios de Tierra de Todos y Cardijn reciben formaci\u00f3n sobre prevenci\u00f3n de violencia hacia la infancia - Fundaci\u00f3n Centro Tierra de Todos","robots":{"index":"index","follow":"follow","max-snippet":"max-snippet:-1","max-image-preview":"max-image-preview:large","max-video-preview":"max-video-preview:-1"},"canonical":"https:\/\/centrotierradetodos.es\/fctdt\/2021\/05\/14\/empleados-y-voluntarios-de-tierra-de-todos-y-cardijn-reciben-formacion-sobre-prevencion-de-violencia-hacia-la-infancia\/","og_locale":"es_ES","og_type":"article","og_title":"Empleados y voluntarios de Tierra de Todos y Cardijn reciben formaci\u00f3n sobre prevenci\u00f3n de violencia hacia la infancia - Fundaci\u00f3n Centro Tierra de Todos","og_description":"La Fundaci\u00f3n Centro Tierra de Todos y la Fundaci\u00f3n Save the Children organizan estas acciones formativas enmarcadas en el&nbsp;\u201cPrograma de Lucha contra la Pobreza Infantil y Atenci\u00f3n a la Diversidad Cultural en el contexto de la Crisis COVID-19\u201d, que ambas entidades desarrollan en colaboraci\u00f3n y gracias a la financiaci\u00f3n de Fundaci\u00f3n \u201cla Caixa\u201d. Este proyectoSigue leyendo \"Empleados y voluntarios de Tierra de Todos y Cardijn reciben formaci\u00f3n sobre prevenci\u00f3n de violencia hacia la infancia\"","og_url":"https:\/\/centrotierradetodos.es\/fctdt\/2021\/05\/14\/empleados-y-voluntarios-de-tierra-de-todos-y-cardijn-reciben-formacion-sobre-prevencion-de-violencia-hacia-la-infancia\/","og_site_name":"Fundaci\u00f3n Centro Tierra de Todos","article_publisher":"https:\/\/www.facebook.com\/p\/Cardijn-Tierra-de-Todos-Migraciones-100091817239433\/","article_published_time":"2021-05-14T10:03:24+00:00","article_modified_time":"2024-04-18T10:07:37+00:00","og_image":[{"width":1920,"height":1280,"url":"https:\/\/centrotierradetodos.es\/fctdt\/wp-content\/uploads\/2021\/05\/infancia.jpg","type":"image\/jpeg"}],"author":"Redactor","twitter_card":"summary_large_image","twitter_misc":{"Escrito por":"Redactor","Tiempo de lectura":"2 minutos"},"schema":{"@context":"https:\/\/schema.org","@graph":[{"@type":"Article","@id":"https:\/\/centrotierradetodos.es\/fctdt\/2021\/05\/14\/empleados-y-voluntarios-de-tierra-de-todos-y-cardijn-reciben-formacion-sobre-prevencion-de-violencia-hacia-la-infancia\/#article","isPartOf":{"@id":"https:\/\/centrotierradetodos.es\/fctdt\/2021\/05\/14\/empleados-y-voluntarios-de-tierra-de-todos-y-cardijn-reciben-formacion-sobre-prevencion-de-violencia-hacia-la-infancia\/"},"author":{"name":"Redactor","@id":"https:\/\/centrotierradetodos.es\/fctdt\/#\/schema\/person\/cd853846b72c64b38f6d135b32747e5d"},"headline":"Empleados y voluntarios de Tierra de Todos y Cardijn reciben formaci\u00f3n sobre prevenci\u00f3n de violencia hacia la infancia","datePublished":"2021-05-14T10:03:24+00:00","dateModified":"2024-04-18T10:07:37+00:00","mainEntityOfPage":{"@id":"https:\/\/centrotierradetodos.es\/fctdt\/2021\/05\/14\/empleados-y-voluntarios-de-tierra-de-todos-y-cardijn-reciben-formacion-sobre-prevencion-de-violencia-hacia-la-infancia\/"},"wordCount":462,"publisher":{"@id":"https:\/\/centrotierradetodos.es\/fctdt\/#organization"},"image":{"@id":"https:\/\/centrotierradetodos.es\/fctdt\/2021\/05\/14\/empleados-y-voluntarios-de-tierra-de-todos-y-cardijn-reciben-formacion-sobre-prevencion-de-violencia-hacia-la-infancia\/#primaryimage"},"thumbnailUrl":"https:\/\/centrotierradetodos.es\/fctdt\/wp-content\/uploads\/2021\/05\/infancia.jpg","articleSection":["Noticias"],"inLanguage":"es"},{"@type":"WebPage","@id":"https:\/\/centrotierradetodos.es\/fctdt\/2021\/05\/14\/empleados-y-voluntarios-de-tierra-de-todos-y-cardijn-reciben-formacion-sobre-prevencion-de-violencia-hacia-la-infancia\/","url":"https:\/\/centrotierradetodos.es\/fctdt\/2021\/05\/14\/empleados-y-voluntarios-de-tierra-de-todos-y-cardijn-reciben-formacion-sobre-prevencion-de-violencia-hacia-la-infancia\/","name":"Empleados y voluntarios de Tierra de Todos y Cardijn reciben formaci\u00f3n sobre prevenci\u00f3n de violencia hacia la infancia - Fundaci\u00f3n Centro Tierra de Todos","isPartOf":{"@id":"https:\/\/centrotierradetodos.es\/fctdt\/#website"},"primaryImageOfPage":{"@id":"https:\/\/centrotierradetodos.es\/fctdt\/2021\/05\/14\/empleados-y-voluntarios-de-tierra-de-todos-y-cardijn-reciben-formacion-sobre-prevencion-de-violencia-hacia-la-infancia\/#primaryimage"},"image":{"@id":"https:\/\/centrotierradetodos.es\/fctdt\/2021\/05\/14\/empleados-y-voluntarios-de-tierra-de-todos-y-cardijn-reciben-formacion-sobre-prevencion-de-violencia-hacia-la-infancia\/#primaryimage"},"thumbnailUrl":"https:\/\/centrotierradetodos.es\/fctdt\/wp-content\/uploads\/2021\/05\/infancia.jpg","datePublished":"2021-05-14T10:03:24+00:00","dateModified":"2024-04-18T10:07:37+00:00","breadcrumb":{"@id":"https:\/\/centrotierradetodos.es\/fctdt\/2021\/05\/14\/empleados-y-voluntarios-de-tierra-de-todos-y-cardijn-reciben-formacion-sobre-prevencion-de-violencia-hacia-la-infancia\/#breadcrumb"},"inLanguage":"es","potentialAction":[{"@type":"ReadAction","target":["https:\/\/centrotierradetodos.es\/fctdt\/2021\/05\/14\/empleados-y-voluntarios-de-tierra-de-todos-y-cardijn-reciben-formacion-sobre-prevencion-de-violencia-hacia-la-infancia\/"]}]},{"@type":"ImageObject","inLanguage":"es","@id":"https:\/\/centrotierradetodos.es\/fctdt\/2021\/05\/14\/empleados-y-voluntarios-de-tierra-de-todos-y-cardijn-reciben-formacion-sobre-prevencion-de-violencia-hacia-la-infancia\/#primaryimage","url":"https:\/\/centrotierradetodos.es\/fctdt\/wp-content\/uploads\/2021\/05\/infancia.jpg","contentUrl":"https:\/\/centrotierradetodos.es\/fctdt\/wp-content\/uploads\/2021\/05\/infancia.jpg","width":1920,"height":1280},{"@type":"BreadcrumbList","@id":"https:\/\/centrotierradetodos.es\/fctdt\/2021\/05\/14\/empleados-y-voluntarios-de-tierra-de-todos-y-cardijn-reciben-formacion-sobre-prevencion-de-violencia-hacia-la-infancia\/#breadcrumb","itemListElement":[{"@type":"ListItem","position":1,"name":"Portada","item":"https:\/\/centrotierradetodos.es\/fctdt\/"},{"@type":"ListItem","position":2,"name":"Empleados y voluntarios de Tierra de Todos y Cardijn reciben formaci\u00f3n sobre prevenci\u00f3n de violencia hacia la infancia"}]},{"@type":"WebSite","@id":"https:\/\/centrotierradetodos.es\/fctdt\/#website","url":"https:\/\/centrotierradetodos.es\/fctdt\/","name":"Fundaci\u00f3n Centro Tierra de Todos","description":"La Fundaci\u00f3n Centro Tierra de Todos es una entidad sin \u00e1nimo de lucro, dedicada a la atenci\u00f3n de los j\u00f3venes, de los inmigrantes y de los barrios populares de la ciudad de C\u00e1diz, con el \u00e1nimo de promover un ambicioso proyecto que facilite la igualdad de oportunidades y la promoci\u00f3n y cualificaci\u00f3n de todas estas personas y de todo su entorno social.","publisher":{"@id":"https:\/\/centrotierradetodos.es\/fctdt\/#organization"},"potentialAction":[{"@type":"SearchAction","target":{"@type":"EntryPoint","urlTemplate":"https:\/\/centrotierradetodos.es\/fctdt\/?s={search_term_string}"},"query-input":{"@type":"PropertyValueSpecification","valueRequired":true,"valueName":"search_term_string"}}],"inLanguage":"es"},{"@type":"Organization","@id":"https:\/\/centrotierradetodos.es\/fctdt\/#organization","name":"Fundaci\u00f3n Centro Tierra de Todos","url":"https:\/\/centrotierradetodos.es\/fctdt\/","logo":{"@type":"ImageObject","inLanguage":"es","@id":"https:\/\/centrotierradetodos.es\/fctdt\/#\/schema\/logo\/image\/","url":"https:\/\/centrotierradetodos.es\/fctdt\/wp-content\/uploads\/2021\/03\/cropped-logo_tierra_todos_470x210-1.jpg","contentUrl":"https:\/\/centrotierradetodos.es\/fctdt\/wp-content\/uploads\/2021\/03\/cropped-logo_tierra_todos_470x210-1.jpg","width":470,"height":210,"caption":"Fundaci\u00f3n Centro Tierra de Todos"},"image":{"@id":"https:\/\/centrotierradetodos.es\/fctdt\/#\/schema\/logo\/image\/"},"sameAs":["https:\/\/www.facebook.com\/p\/Cardijn-Tierra-de-Todos-Migraciones-100091817239433\/"]},{"@type":"Person","@id":"https:\/\/centrotierradetodos.es\/fctdt\/#\/schema\/person\/cd853846b72c64b38f6d135b32747e5d","name":"Redactor","image":{"@type":"ImageObject","inLanguage":"es","@id":"https:\/\/secure.gravatar.com\/avatar\/9a6c877da07c0489d3ee9cdb811a7569ce83c5e8d52b1d00aee39093683c6dc2?s=96&d=mm&r=g","url":"https:\/\/secure.gravatar.com\/avatar\/9a6c877da07c0489d3ee9cdb811a7569ce83c5e8d52b1d00aee39093683c6dc2?s=96&d=mm&r=g","contentUrl":"https:\/\/secure.gravatar.com\/avatar\/9a6c877da07c0489d3ee9cdb811a7569ce83c5e8d52b1d00aee39093683c6dc2?s=96&d=mm&r=g","caption":"Redactor"},"sameAs":["http:\/\/centrotierradetodos.es\/fctdt"]}]}},"jetpack_featured_media_url":"https:\/\/centrotierradetodos.es\/fctdt\/wp-content\/uploads\/2021\/05\/infancia.jpg","jetpack_sharing_enabled":true,"_links":{"self":[{"href":"https:\/\/centrotierradetodos.es\/fctdt\/wp-json\/wp\/v2\/posts\/312","targetHints":{"allow":["GET"]}}],"collection":[{"href":"https:\/\/centrotierradetodos.es\/fctdt\/wp-json\/wp\/v2\/posts"}],"about":[{"href":"https:\/\/centrotierradetodos.es\/fctdt\/wp-json\/wp\/v2\/types\/post"}],"author":[{"embeddable":true,"href":"https:\/\/centrotierradetodos.es\/fctdt\/wp-json\/wp\/v2\/users\/1"}],"replies":[{"embeddable":true,"href":"https:\/\/centrotierradetodos.es\/fctdt\/wp-json\/wp\/v2\/comments?post=312"}],"version-history":[{"count":1,"href":"https:\/\/centrotierradetodos.es\/fctdt\/wp-json\/wp\/v2\/posts\/312\/revisions"}],"predecessor-version":[{"id":1438,"href":"https:\/\/centrotierradetodos.es\/fctdt\/wp-json\/wp\/v2\/posts\/312\/revisions\/1438"}],"wp:featuredmedia":[{"embeddable":true,"href":"https:\/\/centrotierradetodos.es\/fctdt\/wp-json\/wp\/v2\/media\/313"}],"wp:attachment":[{"href":"https:\/\/centrotierradetodos.es\/fctdt\/wp-json\/wp\/v2\/media?parent=312"}],"wp:term":[{"taxonomy":"category","embeddable":true,"href":"https:\/\/centrotierradetodos.es\/fctdt\/wp-json\/wp\/v2\/categories?post=312"},{"taxonomy":"post_tag","embeddable":true,"href":"https:\/\/centrotierradetodos.es\/fctdt\/wp-json\/wp\/v2\/tags?post=312"}],"curies":[{"name":"wp","href":"https:\/\/api.w.org\/{rel}","templated":true}]}}