{"id":2011,"date":"2025-07-04T18:31:00","date_gmt":"2025-07-04T16:31:00","guid":{"rendered":"https:\/\/centrotierradetodos.es\/fctdt\/?p=2011"},"modified":"2025-07-08T11:16:43","modified_gmt":"2025-07-08T09:16:43","slug":"el-iii-memorial-gabriel-delgado-celebra-la-convivencia-y-dignidad-de-los-migrantes-en-cadiz","status":"publish","type":"post","link":"https:\/\/centrotierradetodos.es\/fctdt\/2025\/07\/04\/el-iii-memorial-gabriel-delgado-celebra-la-convivencia-y-dignidad-de-los-migrantes-en-cadiz\/","title":{"rendered":"El III Memorial Gabriel Delgado celebra la convivencia y dignidad de los migrantes en C\u00e1diz"},"content":{"rendered":"\n<p>La Ciudad Deportiva Bah\u00eda de C\u00e1diz (Instalaciones El Rosal) ha acogido esta ma\u00f1ana la celebraci\u00f3n del III Memorial Gabriel Delgado, un emotivo homenaje en recuerdo del sacerdote gaditano Gabriel Delgado \u00c1lvarez, fallecido en noviembre de 2021. Este evento, que busca mantener viva la memoria de su labor incansable en favor de los m\u00e1s vulnerables, especialmente las personas migrantes, ha vuelto a reunir deporte, compromiso social y memoria.<\/p>\n\n\n\n<p>El acto, patrocinado por la Diputaci\u00f3n de C\u00e1diz a trav\u00e9s de su Servicio de Deportes, ha adoptado el formato de un torneo triangular de f\u00fatbol. En \u00e9l han participado tres equipos con un fuerte componente simb\u00f3lico: un conjunto de la Fundaci\u00f3n C\u00e1diz Club de F\u00fatbol, otro del Club Deportivo de la Asociaci\u00f3n de la Prensa de C\u00e1diz y un tercer equipo integrado por personas migrantes acogidas por la Asociaci\u00f3n Cardijn y la Fundaci\u00f3n Centro Tierra de Todos, entidades impulsadas y dirigidas durante a\u00f1os por el propio Gabriel Delgado.<\/p>\n\n\n<div class=\"wp-block-image\">\n<figure class=\"aligncenter size-large\"><img loading=\"eager\" decoding=\"async\" width=\"1024\" height=\"768\" src=\"https:\/\/centrotierradetodos.es\/fctdt\/wp-content\/uploads\/2025\/07\/IMG_7599-1024x768.jpg\" alt=\"\" class=\"wp-image-2012\" srcset=\"https:\/\/centrotierradetodos.es\/fctdt\/wp-content\/uploads\/2025\/07\/IMG_7599-1024x768.jpg 1024w, https:\/\/centrotierradetodos.es\/fctdt\/wp-content\/uploads\/2025\/07\/IMG_7599-300x225.jpg 300w, https:\/\/centrotierradetodos.es\/fctdt\/wp-content\/uploads\/2025\/07\/IMG_7599-768x576.jpg 768w, https:\/\/centrotierradetodos.es\/fctdt\/wp-content\/uploads\/2025\/07\/IMG_7599-1536x1152.jpg 1536w, https:\/\/centrotierradetodos.es\/fctdt\/wp-content\/uploads\/2025\/07\/IMG_7599-1568x1176.jpg 1568w, https:\/\/centrotierradetodos.es\/fctdt\/wp-content\/uploads\/2025\/07\/IMG_7599.jpg 2016w\" sizes=\"(max-width: 1024px) 100vw, 1024px\" \/><\/figure>\n<\/div>\n\n\n<p>La jornada ha estado presidida por el obispo de la Di\u00f3cesis de C\u00e1diz y Ceuta, Mons. Rafael Zornoza, quien realiz\u00f3 el saque de honor del torneo. \u00abEs una alegr\u00eda muy grande el que se pueda realizar por tercera vez este memorial, porque quiere decir que ya no es una novedad, que esto ya tiene una trayectoria y por otra parte que sigue viva la memoria y el recuerdo del Padre Gabriel, que ha sido una persona muy significada no solo en la vida de la di\u00f3cesis y de la ciudad y de la provincia de C\u00e1diz, sino en toda Espa\u00f1a y tambi\u00e9n fuera. Gracias a \u00e9l, la Di\u00f3cesis de C\u00e1diz y Ceuta ha sido pionera, y as\u00ed lo reconoce todo el mundo, en esta atenci\u00f3n a los migrantes, donde sobre todo hay un problema humanitario que hay que resolver, un problema grav\u00edsimo, porque son personas muy dolidas tanto por su situaci\u00f3n anterior como por su situaci\u00f3n de migraci\u00f3n\u00bb, ha asegurado D. Rafael.<\/p>\n\n\n\n<figure class=\"wp-block-image size-large\"><img loading=\"lazy\" decoding=\"async\" width=\"1024\" height=\"768\" src=\"https:\/\/centrotierradetodos.es\/fctdt\/wp-content\/uploads\/2025\/07\/IMG_7605-1024x768.jpg\" alt=\"\" class=\"wp-image-2014\" srcset=\"https:\/\/centrotierradetodos.es\/fctdt\/wp-content\/uploads\/2025\/07\/IMG_7605-1024x768.jpg 1024w, https:\/\/centrotierradetodos.es\/fctdt\/wp-content\/uploads\/2025\/07\/IMG_7605-300x225.jpg 300w, https:\/\/centrotierradetodos.es\/fctdt\/wp-content\/uploads\/2025\/07\/IMG_7605-768x576.jpg 768w, https:\/\/centrotierradetodos.es\/fctdt\/wp-content\/uploads\/2025\/07\/IMG_7605-1536x1152.jpg 1536w, https:\/\/centrotierradetodos.es\/fctdt\/wp-content\/uploads\/2025\/07\/IMG_7605-1568x1176.jpg 1568w, https:\/\/centrotierradetodos.es\/fctdt\/wp-content\/uploads\/2025\/07\/IMG_7605.jpg 2016w\" sizes=\"auto, (max-width: 1024px) 100vw, 1024px\" \/><\/figure>\n\n\n\n<p>En lo deportivo, el primer partido enfrent\u00f3 al equipo de la Asociaci\u00f3n de la Prensa contra el conjunto de personas migrantes, con victoria para los periodistas en los penaltis tras el empate a uno. El segundo encuentro lo disputaron la Fundaci\u00f3n C\u00e1diz CF y el equipo de Tierra de Todos-Asociaci\u00f3n Cardijn, con un marcador final de 2-0 a favor de los cadistas. En el partido decisivo, la Asociaci\u00f3n de la Prensa cay\u00f3 por 2-0 frente a la Fundaci\u00f3n C\u00e1diz CF, que se alz\u00f3 as\u00ed con el trofeo del torneo por tercer a\u00f1o consecutivo.<\/p>\n\n\n\n<p>Desde el Secretariado Diocesano de Migraciones, entidad organizadora del memorial, han querido destacar el valor de este tipo de eventos como herramienta de sensibilizaci\u00f3n. \u201cQueremos que la gente recuerde al padre Gabriel, pero tambi\u00e9n que conozca a las personas migrantes, que hablen con ellas y comprendan que forman parte activa de nuestra comunidad\u201d, han subrayado.<\/p>\n\n\n\n<p>El Memorial Gabriel Delgado se consolida como un espacio de encuentro, recuerdo y compromiso, donde el deporte sirve como puente para la integraci\u00f3n y la justicia social, en l\u00ednea con el legado del sacerdote que dedic\u00f3 su vida a estar al lado de quienes m\u00e1s lo necesitaban.<\/p>\n\n\n\n<div class=\"wp-block-buttons is-content-justification-center is-layout-flex wp-container-core-buttons-is-layout-a89b3969 wp-block-buttons-is-layout-flex\">\n<div class=\"wp-block-button\"><a class=\"wp-block-button__link wp-element-button\" href=\"https:\/\/www.obispadocadizyceuta.es\/2025\/07\/04\/el-iii-memorial-gabriel-delgado-celebra-la-convivencia-y-dignidad-de-los-migrantes-en-cadiz\/\">ver noticia y galer\u00eda en web obispado de c\u00e1diz y ceuta<\/a><\/div>\n<\/div>\n\n\n\n<div class=\"wp-block-buttons is-content-justification-center is-layout-flex wp-container-core-buttons-is-layout-a89b3969 wp-block-buttons-is-layout-flex\">\n<div class=\"wp-block-button\"><a class=\"wp-block-button__link wp-element-button\" href=\"https:\/\/www.diariodecadiz.es\/cadizcf\/iii-memorial-gabriel-delgado-celebra-instalaciones-cadiz-cf_0_2004275613.html\">ver noticia en diario de c\u00e1diz<\/a><\/div>\n<\/div>\n\n\n\n<p><\/p>\n","protected":false},"excerpt":{"rendered":"<p>La Ciudad Deportiva Bah\u00eda de C\u00e1diz (Instalaciones El Rosal) ha acogido esta ma\u00f1ana la celebraci\u00f3n del III Memorial Gabriel Delgado, un emotivo homenaje en recuerdo del sacerdote gaditano Gabriel Delgado \u00c1lvarez, fallecido en noviembre de 2021. Este evento, que busca mantener viva la memoria de su labor incansable en favor de los m\u00e1s vulnerables, especialmente<a class=\"more-link\" href=\"https:\/\/centrotierradetodos.es\/fctdt\/2025\/07\/04\/el-iii-memorial-gabriel-delgado-celebra-la-convivencia-y-dignidad-de-los-migrantes-en-cadiz\/\">Sigue leyendo <span class=\"screen-reader-text\">\u00abEl III Memorial Gabriel Delgado celebra la convivencia y dignidad de los migrantes en C\u00e1diz\u00bb<\/span><\/a><\/p>\n","protected":false},"author":1,"featured_media":1994,"comment_status":"closed","ping_status":"open","sticky":false,"template":"","format":"standard","meta":{"_editorskit_title_hidden":false,"_editorskit_reading_time":0,"_editorskit_is_block_options_detached":false,"_editorskit_block_options_position":"{}","_coblocks_attr":"","_coblocks_dimensions":"","_coblocks_responsive_height":"","_coblocks_accordion_ie_support":"","_monsterinsights_skip_tracking":false,"_monsterinsights_sitenote_active":false,"_monsterinsights_sitenote_note":"","_monsterinsights_sitenote_category":0,"_jetpack_memberships_contains_paid_content":false,"footnotes":""},"categories":[12],"tags":[10],"class_list":["post-2011","post","type-post","status-publish","format-standard","has-post-thumbnail","hentry","category-noticias","tag-noticias","entry"],"yoast_head":"<!-- This site is optimized with the Yoast SEO plugin v27.4 - https:\/\/yoast.com\/product\/yoast-seo-wordpress\/ -->\n<title>El III Memorial Gabriel Delgado celebra la convivencia y dignidad de los migrantes en C\u00e1diz - Fundaci\u00f3n Centro Tierra de Todos<\/title>\n<meta name=\"robots\" content=\"index, follow, max-snippet:-1, max-image-preview:large, max-video-preview:-1\" \/>\n<link rel=\"canonical\" href=\"https:\/\/centrotierradetodos.es\/fctdt\/2025\/07\/04\/el-iii-memorial-gabriel-delgado-celebra-la-convivencia-y-dignidad-de-los-migrantes-en-cadiz\/\" \/>\n<meta property=\"og:locale\" content=\"es_ES\" \/>\n<meta property=\"og:type\" content=\"article\" \/>\n<meta property=\"og:title\" content=\"El III Memorial Gabriel Delgado celebra la convivencia y dignidad de los migrantes en C\u00e1diz - Fundaci\u00f3n Centro Tierra de Todos\" \/>\n<meta property=\"og:description\" content=\"La Ciudad Deportiva Bah\u00eda de C\u00e1diz (Instalaciones El Rosal) ha acogido esta ma\u00f1ana la celebraci\u00f3n del III Memorial Gabriel Delgado, un emotivo homenaje en recuerdo del sacerdote gaditano Gabriel Delgado \u00c1lvarez, fallecido en noviembre de 2021. Este evento, que busca mantener viva la memoria de su labor incansable en favor de los m\u00e1s vulnerables, especialmenteSigue leyendo &quot;El III Memorial Gabriel Delgado celebra la convivencia y dignidad de los migrantes en C\u00e1diz&quot;\" \/>\n<meta property=\"og:url\" content=\"https:\/\/centrotierradetodos.es\/fctdt\/2025\/07\/04\/el-iii-memorial-gabriel-delgado-celebra-la-convivencia-y-dignidad-de-los-migrantes-en-cadiz\/\" \/>\n<meta property=\"og:site_name\" content=\"Fundaci\u00f3n Centro Tierra de Todos\" \/>\n<meta property=\"article:publisher\" content=\"https:\/\/www.facebook.com\/p\/Cardijn-Tierra-de-Todos-Migraciones-100091817239433\/\" \/>\n<meta property=\"article:published_time\" content=\"2025-07-04T16:31:00+00:00\" \/>\n<meta property=\"article:modified_time\" content=\"2025-07-08T09:16:43+00:00\" \/>\n<meta property=\"og:image\" content=\"https:\/\/centrotierradetodos.es\/fctdt\/wp-content\/uploads\/2025\/06\/IIImemorial.jpg\" \/>\n\t<meta property=\"og:image:width\" content=\"1600\" \/>\n\t<meta property=\"og:image:height\" content=\"1135\" \/>\n\t<meta property=\"og:image:type\" content=\"image\/jpeg\" \/>\n<meta name=\"author\" content=\"Redactor\" \/>\n<meta name=\"twitter:card\" content=\"summary_large_image\" \/>\n<meta name=\"twitter:label1\" content=\"Escrito por\" \/>\n\t<meta name=\"twitter:data1\" content=\"Redactor\" \/>\n\t<meta name=\"twitter:label2\" content=\"Tiempo de lectura\" \/>\n\t<meta name=\"twitter:data2\" content=\"3 minutos\" \/>\n<script type=\"application\/ld+json\" class=\"yoast-schema-graph\">{\"@context\":\"https:\\\/\\\/schema.org\",\"@graph\":[{\"@type\":\"Article\",\"@id\":\"https:\\\/\\\/centrotierradetodos.es\\\/fctdt\\\/2025\\\/07\\\/04\\\/el-iii-memorial-gabriel-delgado-celebra-la-convivencia-y-dignidad-de-los-migrantes-en-cadiz\\\/#article\",\"isPartOf\":{\"@id\":\"https:\\\/\\\/centrotierradetodos.es\\\/fctdt\\\/2025\\\/07\\\/04\\\/el-iii-memorial-gabriel-delgado-celebra-la-convivencia-y-dignidad-de-los-migrantes-en-cadiz\\\/\"},\"author\":{\"name\":\"Redactor\",\"@id\":\"https:\\\/\\\/centrotierradetodos.es\\\/fctdt\\\/#\\\/schema\\\/person\\\/cd853846b72c64b38f6d135b32747e5d\"},\"headline\":\"El III Memorial Gabriel Delgado celebra la convivencia y dignidad de los migrantes en C\u00e1diz\",\"datePublished\":\"2025-07-04T16:31:00+00:00\",\"dateModified\":\"2025-07-08T09:16:43+00:00\",\"mainEntityOfPage\":{\"@id\":\"https:\\\/\\\/centrotierradetodos.es\\\/fctdt\\\/2025\\\/07\\\/04\\\/el-iii-memorial-gabriel-delgado-celebra-la-convivencia-y-dignidad-de-los-migrantes-en-cadiz\\\/\"},\"wordCount\":592,\"publisher\":{\"@id\":\"https:\\\/\\\/centrotierradetodos.es\\\/fctdt\\\/#organization\"},\"image\":{\"@id\":\"https:\\\/\\\/centrotierradetodos.es\\\/fctdt\\\/2025\\\/07\\\/04\\\/el-iii-memorial-gabriel-delgado-celebra-la-convivencia-y-dignidad-de-los-migrantes-en-cadiz\\\/#primaryimage\"},\"thumbnailUrl\":\"https:\\\/\\\/centrotierradetodos.es\\\/fctdt\\\/wp-content\\\/uploads\\\/2025\\\/06\\\/IIImemorial.jpg\",\"keywords\":[\"Noticias\"],\"articleSection\":[\"Noticias\"],\"inLanguage\":\"es\"},{\"@type\":\"WebPage\",\"@id\":\"https:\\\/\\\/centrotierradetodos.es\\\/fctdt\\\/2025\\\/07\\\/04\\\/el-iii-memorial-gabriel-delgado-celebra-la-convivencia-y-dignidad-de-los-migrantes-en-cadiz\\\/\",\"url\":\"https:\\\/\\\/centrotierradetodos.es\\\/fctdt\\\/2025\\\/07\\\/04\\\/el-iii-memorial-gabriel-delgado-celebra-la-convivencia-y-dignidad-de-los-migrantes-en-cadiz\\\/\",\"name\":\"El III Memorial Gabriel Delgado celebra la convivencia y dignidad de los migrantes en C\u00e1diz - Fundaci\u00f3n Centro Tierra de Todos\",\"isPartOf\":{\"@id\":\"https:\\\/\\\/centrotierradetodos.es\\\/fctdt\\\/#website\"},\"primaryImageOfPage\":{\"@id\":\"https:\\\/\\\/centrotierradetodos.es\\\/fctdt\\\/2025\\\/07\\\/04\\\/el-iii-memorial-gabriel-delgado-celebra-la-convivencia-y-dignidad-de-los-migrantes-en-cadiz\\\/#primaryimage\"},\"image\":{\"@id\":\"https:\\\/\\\/centrotierradetodos.es\\\/fctdt\\\/2025\\\/07\\\/04\\\/el-iii-memorial-gabriel-delgado-celebra-la-convivencia-y-dignidad-de-los-migrantes-en-cadiz\\\/#primaryimage\"},\"thumbnailUrl\":\"https:\\\/\\\/centrotierradetodos.es\\\/fctdt\\\/wp-content\\\/uploads\\\/2025\\\/06\\\/IIImemorial.jpg\",\"datePublished\":\"2025-07-04T16:31:00+00:00\",\"dateModified\":\"2025-07-08T09:16:43+00:00\",\"breadcrumb\":{\"@id\":\"https:\\\/\\\/centrotierradetodos.es\\\/fctdt\\\/2025\\\/07\\\/04\\\/el-iii-memorial-gabriel-delgado-celebra-la-convivencia-y-dignidad-de-los-migrantes-en-cadiz\\\/#breadcrumb\"},\"inLanguage\":\"es\",\"potentialAction\":[{\"@type\":\"ReadAction\",\"target\":[\"https:\\\/\\\/centrotierradetodos.es\\\/fctdt\\\/2025\\\/07\\\/04\\\/el-iii-memorial-gabriel-delgado-celebra-la-convivencia-y-dignidad-de-los-migrantes-en-cadiz\\\/\"]}]},{\"@type\":\"ImageObject\",\"inLanguage\":\"es\",\"@id\":\"https:\\\/\\\/centrotierradetodos.es\\\/fctdt\\\/2025\\\/07\\\/04\\\/el-iii-memorial-gabriel-delgado-celebra-la-convivencia-y-dignidad-de-los-migrantes-en-cadiz\\\/#primaryimage\",\"url\":\"https:\\\/\\\/centrotierradetodos.es\\\/fctdt\\\/wp-content\\\/uploads\\\/2025\\\/06\\\/IIImemorial.jpg\",\"contentUrl\":\"https:\\\/\\\/centrotierradetodos.es\\\/fctdt\\\/wp-content\\\/uploads\\\/2025\\\/06\\\/IIImemorial.jpg\",\"width\":1600,\"height\":1135},{\"@type\":\"BreadcrumbList\",\"@id\":\"https:\\\/\\\/centrotierradetodos.es\\\/fctdt\\\/2025\\\/07\\\/04\\\/el-iii-memorial-gabriel-delgado-celebra-la-convivencia-y-dignidad-de-los-migrantes-en-cadiz\\\/#breadcrumb\",\"itemListElement\":[{\"@type\":\"ListItem\",\"position\":1,\"name\":\"Portada\",\"item\":\"https:\\\/\\\/centrotierradetodos.es\\\/fctdt\\\/\"},{\"@type\":\"ListItem\",\"position\":2,\"name\":\"El III Memorial Gabriel Delgado celebra la convivencia y dignidad de los migrantes en C\u00e1diz\"}]},{\"@type\":\"WebSite\",\"@id\":\"https:\\\/\\\/centrotierradetodos.es\\\/fctdt\\\/#website\",\"url\":\"https:\\\/\\\/centrotierradetodos.es\\\/fctdt\\\/\",\"name\":\"Fundaci\u00f3n Centro Tierra de Todos\",\"description\":\"La Fundaci\u00f3n Centro Tierra de Todos es una entidad sin \u00e1nimo de lucro, dedicada a la atenci\u00f3n de los j\u00f3venes, de los inmigrantes y de los barrios populares de la ciudad de C\u00e1diz, con el \u00e1nimo de promover un ambicioso proyecto que facilite la igualdad de oportunidades y la promoci\u00f3n y cualificaci\u00f3n de todas estas personas y de todo su entorno social.\",\"publisher\":{\"@id\":\"https:\\\/\\\/centrotierradetodos.es\\\/fctdt\\\/#organization\"},\"potentialAction\":[{\"@type\":\"SearchAction\",\"target\":{\"@type\":\"EntryPoint\",\"urlTemplate\":\"https:\\\/\\\/centrotierradetodos.es\\\/fctdt\\\/?s={search_term_string}\"},\"query-input\":{\"@type\":\"PropertyValueSpecification\",\"valueRequired\":true,\"valueName\":\"search_term_string\"}}],\"inLanguage\":\"es\"},{\"@type\":\"Organization\",\"@id\":\"https:\\\/\\\/centrotierradetodos.es\\\/fctdt\\\/#organization\",\"name\":\"Fundaci\u00f3n Centro Tierra de Todos\",\"url\":\"https:\\\/\\\/centrotierradetodos.es\\\/fctdt\\\/\",\"logo\":{\"@type\":\"ImageObject\",\"inLanguage\":\"es\",\"@id\":\"https:\\\/\\\/centrotierradetodos.es\\\/fctdt\\\/#\\\/schema\\\/logo\\\/image\\\/\",\"url\":\"https:\\\/\\\/centrotierradetodos.es\\\/fctdt\\\/wp-content\\\/uploads\\\/2021\\\/03\\\/cropped-logo_tierra_todos_470x210-1.jpg\",\"contentUrl\":\"https:\\\/\\\/centrotierradetodos.es\\\/fctdt\\\/wp-content\\\/uploads\\\/2021\\\/03\\\/cropped-logo_tierra_todos_470x210-1.jpg\",\"width\":470,\"height\":210,\"caption\":\"Fundaci\u00f3n Centro Tierra de Todos\"},\"image\":{\"@id\":\"https:\\\/\\\/centrotierradetodos.es\\\/fctdt\\\/#\\\/schema\\\/logo\\\/image\\\/\"},\"sameAs\":[\"https:\\\/\\\/www.facebook.com\\\/p\\\/Cardijn-Tierra-de-Todos-Migraciones-100091817239433\\\/\"]},{\"@type\":\"Person\",\"@id\":\"https:\\\/\\\/centrotierradetodos.es\\\/fctdt\\\/#\\\/schema\\\/person\\\/cd853846b72c64b38f6d135b32747e5d\",\"name\":\"Redactor\",\"image\":{\"@type\":\"ImageObject\",\"inLanguage\":\"es\",\"@id\":\"https:\\\/\\\/secure.gravatar.com\\\/avatar\\\/9a6c877da07c0489d3ee9cdb811a7569ce83c5e8d52b1d00aee39093683c6dc2?s=96&d=mm&r=g\",\"url\":\"https:\\\/\\\/secure.gravatar.com\\\/avatar\\\/9a6c877da07c0489d3ee9cdb811a7569ce83c5e8d52b1d00aee39093683c6dc2?s=96&d=mm&r=g\",\"contentUrl\":\"https:\\\/\\\/secure.gravatar.com\\\/avatar\\\/9a6c877da07c0489d3ee9cdb811a7569ce83c5e8d52b1d00aee39093683c6dc2?s=96&d=mm&r=g\",\"caption\":\"Redactor\"},\"sameAs\":[\"http:\\\/\\\/centrotierradetodos.es\\\/fctdt\"]}]}<\/script>\n<!-- \/ Yoast SEO plugin. -->","yoast_head_json":{"title":"El III Memorial Gabriel Delgado celebra la convivencia y dignidad de los migrantes en C\u00e1diz - Fundaci\u00f3n Centro Tierra de Todos","robots":{"index":"index","follow":"follow","max-snippet":"max-snippet:-1","max-image-preview":"max-image-preview:large","max-video-preview":"max-video-preview:-1"},"canonical":"https:\/\/centrotierradetodos.es\/fctdt\/2025\/07\/04\/el-iii-memorial-gabriel-delgado-celebra-la-convivencia-y-dignidad-de-los-migrantes-en-cadiz\/","og_locale":"es_ES","og_type":"article","og_title":"El III Memorial Gabriel Delgado celebra la convivencia y dignidad de los migrantes en C\u00e1diz - Fundaci\u00f3n Centro Tierra de Todos","og_description":"La Ciudad Deportiva Bah\u00eda de C\u00e1diz (Instalaciones El Rosal) ha acogido esta ma\u00f1ana la celebraci\u00f3n del III Memorial Gabriel Delgado, un emotivo homenaje en recuerdo del sacerdote gaditano Gabriel Delgado \u00c1lvarez, fallecido en noviembre de 2021. Este evento, que busca mantener viva la memoria de su labor incansable en favor de los m\u00e1s vulnerables, especialmenteSigue leyendo \"El III Memorial Gabriel Delgado celebra la convivencia y dignidad de los migrantes en C\u00e1diz\"","og_url":"https:\/\/centrotierradetodos.es\/fctdt\/2025\/07\/04\/el-iii-memorial-gabriel-delgado-celebra-la-convivencia-y-dignidad-de-los-migrantes-en-cadiz\/","og_site_name":"Fundaci\u00f3n Centro Tierra de Todos","article_publisher":"https:\/\/www.facebook.com\/p\/Cardijn-Tierra-de-Todos-Migraciones-100091817239433\/","article_published_time":"2025-07-04T16:31:00+00:00","article_modified_time":"2025-07-08T09:16:43+00:00","og_image":[{"width":1600,"height":1135,"url":"https:\/\/centrotierradetodos.es\/fctdt\/wp-content\/uploads\/2025\/06\/IIImemorial.jpg","type":"image\/jpeg"}],"author":"Redactor","twitter_card":"summary_large_image","twitter_misc":{"Escrito por":"Redactor","Tiempo de lectura":"3 minutos"},"schema":{"@context":"https:\/\/schema.org","@graph":[{"@type":"Article","@id":"https:\/\/centrotierradetodos.es\/fctdt\/2025\/07\/04\/el-iii-memorial-gabriel-delgado-celebra-la-convivencia-y-dignidad-de-los-migrantes-en-cadiz\/#article","isPartOf":{"@id":"https:\/\/centrotierradetodos.es\/fctdt\/2025\/07\/04\/el-iii-memorial-gabriel-delgado-celebra-la-convivencia-y-dignidad-de-los-migrantes-en-cadiz\/"},"author":{"name":"Redactor","@id":"https:\/\/centrotierradetodos.es\/fctdt\/#\/schema\/person\/cd853846b72c64b38f6d135b32747e5d"},"headline":"El III Memorial Gabriel Delgado celebra la convivencia y dignidad de los migrantes en C\u00e1diz","datePublished":"2025-07-04T16:31:00+00:00","dateModified":"2025-07-08T09:16:43+00:00","mainEntityOfPage":{"@id":"https:\/\/centrotierradetodos.es\/fctdt\/2025\/07\/04\/el-iii-memorial-gabriel-delgado-celebra-la-convivencia-y-dignidad-de-los-migrantes-en-cadiz\/"},"wordCount":592,"publisher":{"@id":"https:\/\/centrotierradetodos.es\/fctdt\/#organization"},"image":{"@id":"https:\/\/centrotierradetodos.es\/fctdt\/2025\/07\/04\/el-iii-memorial-gabriel-delgado-celebra-la-convivencia-y-dignidad-de-los-migrantes-en-cadiz\/#primaryimage"},"thumbnailUrl":"https:\/\/centrotierradetodos.es\/fctdt\/wp-content\/uploads\/2025\/06\/IIImemorial.jpg","keywords":["Noticias"],"articleSection":["Noticias"],"inLanguage":"es"},{"@type":"WebPage","@id":"https:\/\/centrotierradetodos.es\/fctdt\/2025\/07\/04\/el-iii-memorial-gabriel-delgado-celebra-la-convivencia-y-dignidad-de-los-migrantes-en-cadiz\/","url":"https:\/\/centrotierradetodos.es\/fctdt\/2025\/07\/04\/el-iii-memorial-gabriel-delgado-celebra-la-convivencia-y-dignidad-de-los-migrantes-en-cadiz\/","name":"El III Memorial Gabriel Delgado celebra la convivencia y dignidad de los migrantes en C\u00e1diz - Fundaci\u00f3n Centro Tierra de Todos","isPartOf":{"@id":"https:\/\/centrotierradetodos.es\/fctdt\/#website"},"primaryImageOfPage":{"@id":"https:\/\/centrotierradetodos.es\/fctdt\/2025\/07\/04\/el-iii-memorial-gabriel-delgado-celebra-la-convivencia-y-dignidad-de-los-migrantes-en-cadiz\/#primaryimage"},"image":{"@id":"https:\/\/centrotierradetodos.es\/fctdt\/2025\/07\/04\/el-iii-memorial-gabriel-delgado-celebra-la-convivencia-y-dignidad-de-los-migrantes-en-cadiz\/#primaryimage"},"thumbnailUrl":"https:\/\/centrotierradetodos.es\/fctdt\/wp-content\/uploads\/2025\/06\/IIImemorial.jpg","datePublished":"2025-07-04T16:31:00+00:00","dateModified":"2025-07-08T09:16:43+00:00","breadcrumb":{"@id":"https:\/\/centrotierradetodos.es\/fctdt\/2025\/07\/04\/el-iii-memorial-gabriel-delgado-celebra-la-convivencia-y-dignidad-de-los-migrantes-en-cadiz\/#breadcrumb"},"inLanguage":"es","potentialAction":[{"@type":"ReadAction","target":["https:\/\/centrotierradetodos.es\/fctdt\/2025\/07\/04\/el-iii-memorial-gabriel-delgado-celebra-la-convivencia-y-dignidad-de-los-migrantes-en-cadiz\/"]}]},{"@type":"ImageObject","inLanguage":"es","@id":"https:\/\/centrotierradetodos.es\/fctdt\/2025\/07\/04\/el-iii-memorial-gabriel-delgado-celebra-la-convivencia-y-dignidad-de-los-migrantes-en-cadiz\/#primaryimage","url":"https:\/\/centrotierradetodos.es\/fctdt\/wp-content\/uploads\/2025\/06\/IIImemorial.jpg","contentUrl":"https:\/\/centrotierradetodos.es\/fctdt\/wp-content\/uploads\/2025\/06\/IIImemorial.jpg","width":1600,"height":1135},{"@type":"BreadcrumbList","@id":"https:\/\/centrotierradetodos.es\/fctdt\/2025\/07\/04\/el-iii-memorial-gabriel-delgado-celebra-la-convivencia-y-dignidad-de-los-migrantes-en-cadiz\/#breadcrumb","itemListElement":[{"@type":"ListItem","position":1,"name":"Portada","item":"https:\/\/centrotierradetodos.es\/fctdt\/"},{"@type":"ListItem","position":2,"name":"El III Memorial Gabriel Delgado celebra la convivencia y dignidad de los migrantes en C\u00e1diz"}]},{"@type":"WebSite","@id":"https:\/\/centrotierradetodos.es\/fctdt\/#website","url":"https:\/\/centrotierradetodos.es\/fctdt\/","name":"Fundaci\u00f3n Centro Tierra de Todos","description":"La Fundaci\u00f3n Centro Tierra de Todos es una entidad sin \u00e1nimo de lucro, dedicada a la atenci\u00f3n de los j\u00f3venes, de los inmigrantes y de los barrios populares de la ciudad de C\u00e1diz, con el \u00e1nimo de promover un ambicioso proyecto que facilite la igualdad de oportunidades y la promoci\u00f3n y cualificaci\u00f3n de todas estas personas y de todo su entorno social.","publisher":{"@id":"https:\/\/centrotierradetodos.es\/fctdt\/#organization"},"potentialAction":[{"@type":"SearchAction","target":{"@type":"EntryPoint","urlTemplate":"https:\/\/centrotierradetodos.es\/fctdt\/?s={search_term_string}"},"query-input":{"@type":"PropertyValueSpecification","valueRequired":true,"valueName":"search_term_string"}}],"inLanguage":"es"},{"@type":"Organization","@id":"https:\/\/centrotierradetodos.es\/fctdt\/#organization","name":"Fundaci\u00f3n Centro Tierra de Todos","url":"https:\/\/centrotierradetodos.es\/fctdt\/","logo":{"@type":"ImageObject","inLanguage":"es","@id":"https:\/\/centrotierradetodos.es\/fctdt\/#\/schema\/logo\/image\/","url":"https:\/\/centrotierradetodos.es\/fctdt\/wp-content\/uploads\/2021\/03\/cropped-logo_tierra_todos_470x210-1.jpg","contentUrl":"https:\/\/centrotierradetodos.es\/fctdt\/wp-content\/uploads\/2021\/03\/cropped-logo_tierra_todos_470x210-1.jpg","width":470,"height":210,"caption":"Fundaci\u00f3n Centro Tierra de Todos"},"image":{"@id":"https:\/\/centrotierradetodos.es\/fctdt\/#\/schema\/logo\/image\/"},"sameAs":["https:\/\/www.facebook.com\/p\/Cardijn-Tierra-de-Todos-Migraciones-100091817239433\/"]},{"@type":"Person","@id":"https:\/\/centrotierradetodos.es\/fctdt\/#\/schema\/person\/cd853846b72c64b38f6d135b32747e5d","name":"Redactor","image":{"@type":"ImageObject","inLanguage":"es","@id":"https:\/\/secure.gravatar.com\/avatar\/9a6c877da07c0489d3ee9cdb811a7569ce83c5e8d52b1d00aee39093683c6dc2?s=96&d=mm&r=g","url":"https:\/\/secure.gravatar.com\/avatar\/9a6c877da07c0489d3ee9cdb811a7569ce83c5e8d52b1d00aee39093683c6dc2?s=96&d=mm&r=g","contentUrl":"https:\/\/secure.gravatar.com\/avatar\/9a6c877da07c0489d3ee9cdb811a7569ce83c5e8d52b1d00aee39093683c6dc2?s=96&d=mm&r=g","caption":"Redactor"},"sameAs":["http:\/\/centrotierradetodos.es\/fctdt"]}]}},"jetpack_featured_media_url":"https:\/\/centrotierradetodos.es\/fctdt\/wp-content\/uploads\/2025\/06\/IIImemorial.jpg","jetpack_sharing_enabled":true,"_links":{"self":[{"href":"https:\/\/centrotierradetodos.es\/fctdt\/wp-json\/wp\/v2\/posts\/2011","targetHints":{"allow":["GET"]}}],"collection":[{"href":"https:\/\/centrotierradetodos.es\/fctdt\/wp-json\/wp\/v2\/posts"}],"about":[{"href":"https:\/\/centrotierradetodos.es\/fctdt\/wp-json\/wp\/v2\/types\/post"}],"author":[{"embeddable":true,"href":"https:\/\/centrotierradetodos.es\/fctdt\/wp-json\/wp\/v2\/users\/1"}],"replies":[{"embeddable":true,"href":"https:\/\/centrotierradetodos.es\/fctdt\/wp-json\/wp\/v2\/comments?post=2011"}],"version-history":[{"count":2,"href":"https:\/\/centrotierradetodos.es\/fctdt\/wp-json\/wp\/v2\/posts\/2011\/revisions"}],"predecessor-version":[{"id":2015,"href":"https:\/\/centrotierradetodos.es\/fctdt\/wp-json\/wp\/v2\/posts\/2011\/revisions\/2015"}],"wp:featuredmedia":[{"embeddable":true,"href":"https:\/\/centrotierradetodos.es\/fctdt\/wp-json\/wp\/v2\/media\/1994"}],"wp:attachment":[{"href":"https:\/\/centrotierradetodos.es\/fctdt\/wp-json\/wp\/v2\/media?parent=2011"}],"wp:term":[{"taxonomy":"category","embeddable":true,"href":"https:\/\/centrotierradetodos.es\/fctdt\/wp-json\/wp\/v2\/categories?post=2011"},{"taxonomy":"post_tag","embeddable":true,"href":"https:\/\/centrotierradetodos.es\/fctdt\/wp-json\/wp\/v2\/tags?post=2011"}],"curies":[{"name":"wp","href":"https:\/\/api.w.org\/{rel}","templated":true}]}}