{"id":992,"date":"2023-09-18T10:38:14","date_gmt":"2023-09-18T09:38:14","guid":{"rendered":"http:\/\/centrotierradetodos.es\/smc\/?p=992"},"modified":"2023-09-18T10:42:33","modified_gmt":"2023-09-18T09:42:33","slug":"24-de-septiembre-jornada-mundial-del-migrante-y-del-refugiado","status":"publish","type":"post","link":"http:\/\/centrotierradetodos.es\/smc\/24-de-septiembre-jornada-mundial-del-migrante-y-del-refugiado\/","title":{"rendered":"24 de septiembre. JORNADA MUNDIAL DEL MIGRANTE Y DEL REFUGIADO"},"content":{"rendered":"\n<p class=\"has-text-align-justify\">El pr\u00f3ximo domingo 24 de septiembre celebraremos la JORNADA MUNDIAL DEL MIGRANTE Y DEL REFUGIADO con el lema, \u201cLIBRES DE ELEGIR SI MIGRAR O QUEDARSE\u201d.<\/p>\n\n\n\n<p class=\"has-text-align-justify\"><img loading=\"lazy\" decoding=\"async\" height=\"16\" width=\"16\" src=\"https:\/\/static.xx.fbcdn.net\/images\/emoji.php\/v9\/t3d\/1\/16\/1f54d.png\" alt=\"\ud83d\udd4d\"> La Catedral de C\u00e1diz acoger\u00e1 la celebraci\u00f3n principal a las 12.00h y, posteriormente, tendr\u00e1 lugar el tradicional almuerzo multicultural en el Centro Tartessos (<img loading=\"lazy\" decoding=\"async\" height=\"16\" width=\"16\" src=\"https:\/\/static.xx.fbcdn.net\/images\/emoji.php\/v9\/t2d\/1\/16\/1f4cd.png\" alt=\"\ud83d\udccd\">C\/ Trille, 40)<\/p>\n\n\n\n<p class=\"has-text-align-justify\"><img loading=\"lazy\" decoding=\"async\" height=\"16\" width=\"16\" alt=\"\ud83e\udef6\" src=\"https:\/\/static.xx.fbcdn.net\/images\/emoji.php\/v9\/t49\/1\/16\/1faf6.png\">Ser\u00e1 un encuentro de convivencia con degustaci\u00f3n de arroz con pollo y un delicioso Cous Cous, adem\u00e1s de actuaciones de grupos <a><\/a>folcl\u00f3ricos. La venta o reserva de tickets es anticipada, podr\u00e9is obtenerlos acudiendo presencialmente a Tierra de Todos o Cardijn (Edificio Tartessos), o llamando por tel\u00e9fono al 956 290 714. El coste simb\u00f3lico del ticket ser\u00e1 de 1,50\u20ac por persona. <img loading=\"lazy\" decoding=\"async\" height=\"16\" width=\"16\" alt=\"\u203c\ufe0f\" src=\"https:\/\/static.xx.fbcdn.net\/images\/emoji.php\/v9\/t77\/1\/16\/203c.png\">ACUDE YA, NO TE QUEDES SIN TUS TICKETS<img loading=\"lazy\" decoding=\"async\" height=\"16\" width=\"16\" alt=\"\u203c\ufe0f\" src=\"https:\/\/static.xx.fbcdn.net\/images\/emoji.php\/v9\/t77\/1\/16\/203c.png\"><\/p>\n\n\n\n<p class=\"has-text-align-justify\"><img loading=\"lazy\" decoding=\"async\" height=\"16\" width=\"16\" alt=\"\ud83e\udd29\" src=\"https:\/\/static.xx.fbcdn.net\/images\/emoji.php\/v9\/t58\/1\/16\/1f929.png\">Nos encantar\u00eda compartir este d\u00eda con tod@s vosotr@s. Os esperamos <img loading=\"lazy\" decoding=\"async\" height=\"16\" width=\"16\" alt=\"\ud83d\ude09\" src=\"https:\/\/static.xx.fbcdn.net\/images\/emoji.php\/v9\/t57\/1\/16\/1f609.png\"><\/p>\n\n\n\n<p>Si no puedes acudir, comparte <img loading=\"lazy\" decoding=\"async\" height=\"16\" width=\"16\" alt=\"\ud83d\ude4c\ud83c\udffe\" src=\"https:\/\/static.xx.fbcdn.net\/images\/emoji.php\/v9\/t3b\/1\/16\/1f64c_1f3fe.png\"><\/p>\n","protected":false},"excerpt":{"rendered":"<p>El pr\u00f3ximo domingo 24 de septiembre celebraremos la JORNADA MUNDIAL DEL MIGRANTE Y DEL REFUGIADO con el lema, \u201cLIBRES DE ELEGIR SI MIGRAR O QUEDARSE\u201d. La Catedral de C\u00e1diz acoger\u00e1 la celebraci\u00f3n principal a las 12.00h y, posteriormente, tendr\u00e1 lugar el tradicional almuerzo multicultural en el Centro Tartessos (C\/ Trille, 40) Ser\u00e1 un encuentro de convivencia con degustaci\u00f3n de arroz con pollo y un delicioso &hellip; <a href=\"http:\/\/centrotierradetodos.es\/smc\/24-de-septiembre-jornada-mundial-del-migrante-y-del-refugiado\/\" class=\"more-link\">Contin\u00faa leyendo <span class=\"screen-reader-text\">24 de septiembre. JORNADA MUNDIAL DEL MIGRANTE Y DEL REFUGIADO<\/span><\/a><\/p>\n","protected":false},"author":1,"featured_media":994,"comment_status":"closed","ping_status":"","sticky":false,"template":"","format":"standard","meta":{"_monsterinsights_skip_tracking":false,"_monsterinsights_sitenote_active":false,"_monsterinsights_sitenote_note":"","_monsterinsights_sitenote_category":0,"_uf_show_specific_survey":0,"_uf_disable_surveys":false,"_jetpack_memberships_contains_paid_content":false,"footnotes":""},"categories":[1],"tags":[2],"class_list":["post-992","post","type-post","status-publish","format-standard","has-post-thumbnail","hentry","category-sin-categoria","tag-destacado"],"aioseo_notices":[],"jetpack_featured_media_url":"https:\/\/i0.wp.com\/centrotierradetodos.es\/smc\/wp-content\/uploads\/2023\/09\/WhatsApp-Image-2023-09-12-at-14.26.00-1.jpeg?fit=790%2C710","jetpack_sharing_enabled":true,"_links":{"self":[{"href":"http:\/\/centrotierradetodos.es\/smc\/wp-json\/wp\/v2\/posts\/992","targetHints":{"allow":["GET"]}}],"collection":[{"href":"http:\/\/centrotierradetodos.es\/smc\/wp-json\/wp\/v2\/posts"}],"about":[{"href":"http:\/\/centrotierradetodos.es\/smc\/wp-json\/wp\/v2\/types\/post"}],"author":[{"embeddable":true,"href":"http:\/\/centrotierradetodos.es\/smc\/wp-json\/wp\/v2\/users\/1"}],"replies":[{"embeddable":true,"href":"http:\/\/centrotierradetodos.es\/smc\/wp-json\/wp\/v2\/comments?post=992"}],"version-history":[{"count":3,"href":"http:\/\/centrotierradetodos.es\/smc\/wp-json\/wp\/v2\/posts\/992\/revisions"}],"predecessor-version":[{"id":996,"href":"http:\/\/centrotierradetodos.es\/smc\/wp-json\/wp\/v2\/posts\/992\/revisions\/996"}],"wp:featuredmedia":[{"embeddable":true,"href":"http:\/\/centrotierradetodos.es\/smc\/wp-json\/wp\/v2\/media\/994"}],"wp:attachment":[{"href":"http:\/\/centrotierradetodos.es\/smc\/wp-json\/wp\/v2\/media?parent=992"}],"wp:term":[{"taxonomy":"category","embeddable":true,"href":"http:\/\/centrotierradetodos.es\/smc\/wp-json\/wp\/v2\/categories?post=992"},{"taxonomy":"post_tag","embeddable":true,"href":"http:\/\/centrotierradetodos.es\/smc\/wp-json\/wp\/v2\/tags?post=992"}],"curies":[{"name":"wp","href":"https:\/\/api.w.org\/{rel}","templated":true}]}}