{"id":989,"date":"2023-09-12T18:59:59","date_gmt":"2023-09-12T17:59:59","guid":{"rendered":"https:\/\/centrotierradetodos.es\/smc\/?p=989"},"modified":"2023-09-12T18:59:59","modified_gmt":"2023-09-12T17:59:59","slug":"circulo-de-silencio-cadiz-miercoles-13-de-septiembre","status":"publish","type":"post","link":"http:\/\/centrotierradetodos.es\/smc\/circulo-de-silencio-cadiz-miercoles-13-de-septiembre\/","title":{"rendered":"C\u00edrculo de Silencio C\u00e1diz. Mi\u00e9rcoles 13 de Septiembre"},"content":{"rendered":"\n<figure class=\"wp-block-image size-large\"><img data-recalc-dims=\"1\" loading=\"lazy\" decoding=\"async\" width=\"720\" height=\"959\" data-attachment-id=\"990\" data-permalink=\"http:\/\/centrotierradetodos.es\/smc\/circulo-de-silencio-cadiz-miercoles-13-de-septiembre\/whatsapp-image-2023-09-12-at-14-26-00\/\" data-orig-file=\"https:\/\/i0.wp.com\/centrotierradetodos.es\/smc\/wp-content\/uploads\/2023\/09\/WhatsApp-Image-2023-09-12-at-14.26.00.jpeg?fit=1090%2C1452\" data-orig-size=\"1090,1452\" data-comments-opened=\"0\" data-image-meta=\"{&quot;aperture&quot;:&quot;0&quot;,&quot;credit&quot;:&quot;&quot;,&quot;camera&quot;:&quot;&quot;,&quot;caption&quot;:&quot;&quot;,&quot;created_timestamp&quot;:&quot;0&quot;,&quot;copyright&quot;:&quot;&quot;,&quot;focal_length&quot;:&quot;0&quot;,&quot;iso&quot;:&quot;0&quot;,&quot;shutter_speed&quot;:&quot;0&quot;,&quot;title&quot;:&quot;&quot;,&quot;orientation&quot;:&quot;0&quot;}\" data-image-title=\"WhatsApp-Image-2023-09-12-at-14.26.00\" data-image-description=\"\" data-image-caption=\"\" data-medium-file=\"https:\/\/i0.wp.com\/centrotierradetodos.es\/smc\/wp-content\/uploads\/2023\/09\/WhatsApp-Image-2023-09-12-at-14.26.00.jpeg?fit=225%2C300\" data-large-file=\"https:\/\/i0.wp.com\/centrotierradetodos.es\/smc\/wp-content\/uploads\/2023\/09\/WhatsApp-Image-2023-09-12-at-14.26.00.jpeg?fit=720%2C959\" src=\"https:\/\/i0.wp.com\/centrotierradetodos.es\/smc\/wp-content\/uploads\/2023\/09\/WhatsApp-Image-2023-09-12-at-14.26.00-769x1024.jpeg?resize=720%2C959&#038;ssl=1\" alt=\"\" class=\"wp-image-990\" srcset=\"https:\/\/i0.wp.com\/centrotierradetodos.es\/smc\/wp-content\/uploads\/2023\/09\/WhatsApp-Image-2023-09-12-at-14.26.00.jpeg?resize=769%2C1024 769w, https:\/\/i0.wp.com\/centrotierradetodos.es\/smc\/wp-content\/uploads\/2023\/09\/WhatsApp-Image-2023-09-12-at-14.26.00.jpeg?resize=225%2C300 225w, https:\/\/i0.wp.com\/centrotierradetodos.es\/smc\/wp-content\/uploads\/2023\/09\/WhatsApp-Image-2023-09-12-at-14.26.00.jpeg?resize=768%2C1023 768w, https:\/\/i0.wp.com\/centrotierradetodos.es\/smc\/wp-content\/uploads\/2023\/09\/WhatsApp-Image-2023-09-12-at-14.26.00.jpeg?resize=68%2C90 68w, https:\/\/i0.wp.com\/centrotierradetodos.es\/smc\/wp-content\/uploads\/2023\/09\/WhatsApp-Image-2023-09-12-at-14.26.00.jpeg?w=1090 1090w\" sizes=\"auto, (max-width: 720px) 100vw, 720px\" \/><\/figure>\n","protected":false},"excerpt":{"rendered":"<p> <a href=\"http:\/\/centrotierradetodos.es\/smc\/circulo-de-silencio-cadiz-miercoles-13-de-septiembre\/\" class=\"more-link\">Contin\u00faa leyendo <span class=\"screen-reader-text\">C\u00edrculo de Silencio C\u00e1diz. Mi\u00e9rcoles 13 de Septiembre<\/span><\/a><\/p>\n","protected":false},"author":1,"featured_media":990,"comment_status":"closed","ping_status":"","sticky":false,"template":"","format":"standard","meta":{"_monsterinsights_skip_tracking":false,"_monsterinsights_sitenote_active":false,"_monsterinsights_sitenote_note":"","_monsterinsights_sitenote_category":0,"_uf_show_specific_survey":0,"_uf_disable_surveys":false,"_jetpack_memberships_contains_paid_content":false,"footnotes":""},"categories":[1],"tags":[2],"class_list":["post-989","post","type-post","status-publish","format-standard","has-post-thumbnail","hentry","category-sin-categoria","tag-destacado"],"aioseo_notices":[],"jetpack_featured_media_url":"https:\/\/i0.wp.com\/centrotierradetodos.es\/smc\/wp-content\/uploads\/2023\/09\/WhatsApp-Image-2023-09-12-at-14.26.00.jpeg?fit=1090%2C1452","jetpack_sharing_enabled":true,"_links":{"self":[{"href":"http:\/\/centrotierradetodos.es\/smc\/wp-json\/wp\/v2\/posts\/989","targetHints":{"allow":["GET"]}}],"collection":[{"href":"http:\/\/centrotierradetodos.es\/smc\/wp-json\/wp\/v2\/posts"}],"about":[{"href":"http:\/\/centrotierradetodos.es\/smc\/wp-json\/wp\/v2\/types\/post"}],"author":[{"embeddable":true,"href":"http:\/\/centrotierradetodos.es\/smc\/wp-json\/wp\/v2\/users\/1"}],"replies":[{"embeddable":true,"href":"http:\/\/centrotierradetodos.es\/smc\/wp-json\/wp\/v2\/comments?post=989"}],"version-history":[{"count":1,"href":"http:\/\/centrotierradetodos.es\/smc\/wp-json\/wp\/v2\/posts\/989\/revisions"}],"predecessor-version":[{"id":991,"href":"http:\/\/centrotierradetodos.es\/smc\/wp-json\/wp\/v2\/posts\/989\/revisions\/991"}],"wp:featuredmedia":[{"embeddable":true,"href":"http:\/\/centrotierradetodos.es\/smc\/wp-json\/wp\/v2\/media\/990"}],"wp:attachment":[{"href":"http:\/\/centrotierradetodos.es\/smc\/wp-json\/wp\/v2\/media?parent=989"}],"wp:term":[{"taxonomy":"category","embeddable":true,"href":"http:\/\/centrotierradetodos.es\/smc\/wp-json\/wp\/v2\/categories?post=989"},{"taxonomy":"post_tag","embeddable":true,"href":"http:\/\/centrotierradetodos.es\/smc\/wp-json\/wp\/v2\/tags?post=989"}],"curies":[{"name":"wp","href":"https:\/\/api.w.org\/{rel}","templated":true}]}}