{"id":982,"date":"2023-08-03T22:29:31","date_gmt":"2023-08-03T21:29:31","guid":{"rendered":"http:\/\/centrotierradetodos.es\/smc\/?p=982"},"modified":"2023-08-03T22:30:03","modified_gmt":"2023-08-03T21:30:03","slug":"vi-campo-de-servicio-en-tetuan","status":"publish","type":"post","link":"http:\/\/centrotierradetodos.es\/smc\/vi-campo-de-servicio-en-tetuan\/","title":{"rendered":"VI CAMPO DE SERVICIO EN TETU\u00c1N"},"content":{"rendered":"\n<p>El Secretariado de Migraciones de la Di\u00f3cesis de C\u00e1diz y Ceuta ha puesto en marcha el VI CAMPO DE SERVICIO en TETUAN, para 15 j\u00f3venes de entre 18 y 30 a\u00f1os, que se celebrar\u00e1 en la ciudad de Tetu\u00e1n, en Marruecos, entre los d\u00edas 1 al 12 de Agosto. <br>Por las ma\u00f1anas un grupo realizar\u00e1 actividades en colaboraci\u00f3n con la Delegaci\u00f3n de Migraciones de T\u00e1nger en Tetu\u00e1n para la atenci\u00f3n a personas inmigrantes subsaharianas que acuden a la iglesia de Nuestra Sra. De las Victorias, y otro grupo colaborar\u00e1 con la asociaci\u00f3n Apisf de Tetu\u00e1n en actividades educativas y de ocio y tiempo libre con ni\u00f1os y ni\u00f1as en exclusi\u00f3n.<br>Por las tardes tendr\u00e1n las jornadas formativas, donde personas claves invitadas informar\u00e1n sobre temas de inter\u00e9s relacionados con el fen\u00f3meno migratorio, como por ejemplo el Vicario Gral. de la Archidi\u00f3cesis de T\u00e1nger, D. Manuel C\u00e1novas Garc\u00eda que hablar\u00e1 sobre la labor de la Iglesia en Marruecos. Despu\u00e9s habr\u00e1 momentos para el di\u00e1logo y la reflexi\u00f3n, y m\u00e1s tarde, todos acompa\u00f1ar\u00e1n a los padres franciscanos en la misa y oraci\u00f3n diaria. <br>El objetivo es que descubran a Jes\u00fas en el pr\u00f3jimo, independientemente de su nacionalidad, religi\u00f3n, cultura o status, y que pongan en pr\u00e1ctica los 4 verbos que el papa Francisco nos habla al referirse a los migrantes: ACOGER, PROTEGER, PROMOVER E INTEGRAR. <br>Los j\u00f3venes ir\u00e1n acompa\u00f1ados por los consiliarios P. Luis Olivos, de la congregaci\u00f3n de los Misionarios de San Carlos,&nbsp;Scalabrinianos y de M\u00aa Jos\u00e9 Vallejo, hermanita de la Asunci\u00f3n.<\/p>\n\n\n<div class=\"wp-block-image\">\n<figure class=\"aligncenter size-large\"><img data-recalc-dims=\"1\" loading=\"lazy\" decoding=\"async\" width=\"720\" height=\"960\" data-attachment-id=\"983\" data-permalink=\"http:\/\/centrotierradetodos.es\/smc\/vi-campo-de-servicio-en-tetuan\/whatsapp-image-2023-08-02-at-15-39-38\/\" data-orig-file=\"https:\/\/i0.wp.com\/centrotierradetodos.es\/smc\/wp-content\/uploads\/2023\/08\/WhatsApp-Image-2023-08-02-at-15.39.38.jpeg?fit=1536%2C2048\" data-orig-size=\"1536,2048\" data-comments-opened=\"0\" data-image-meta=\"{&quot;aperture&quot;:&quot;0&quot;,&quot;credit&quot;:&quot;&quot;,&quot;camera&quot;:&quot;&quot;,&quot;caption&quot;:&quot;&quot;,&quot;created_timestamp&quot;:&quot;0&quot;,&quot;copyright&quot;:&quot;&quot;,&quot;focal_length&quot;:&quot;0&quot;,&quot;iso&quot;:&quot;0&quot;,&quot;shutter_speed&quot;:&quot;0&quot;,&quot;title&quot;:&quot;&quot;,&quot;orientation&quot;:&quot;0&quot;}\" data-image-title=\"WhatsApp-Image-2023-08-02-at-15.39.38\" data-image-description=\"\" data-image-caption=\"\" data-medium-file=\"https:\/\/i0.wp.com\/centrotierradetodos.es\/smc\/wp-content\/uploads\/2023\/08\/WhatsApp-Image-2023-08-02-at-15.39.38.jpeg?fit=225%2C300\" data-large-file=\"https:\/\/i0.wp.com\/centrotierradetodos.es\/smc\/wp-content\/uploads\/2023\/08\/WhatsApp-Image-2023-08-02-at-15.39.38.jpeg?fit=720%2C960\" src=\"https:\/\/i0.wp.com\/centrotierradetodos.es\/smc\/wp-content\/uploads\/2023\/08\/WhatsApp-Image-2023-08-02-at-15.39.38.jpeg?resize=720%2C960\" alt=\"\" class=\"wp-image-983\" srcset=\"https:\/\/i0.wp.com\/centrotierradetodos.es\/smc\/wp-content\/uploads\/2023\/08\/WhatsApp-Image-2023-08-02-at-15.39.38.jpeg?resize=768%2C1024 768w, https:\/\/i0.wp.com\/centrotierradetodos.es\/smc\/wp-content\/uploads\/2023\/08\/WhatsApp-Image-2023-08-02-at-15.39.38.jpeg?resize=225%2C300 225w, https:\/\/i0.wp.com\/centrotierradetodos.es\/smc\/wp-content\/uploads\/2023\/08\/WhatsApp-Image-2023-08-02-at-15.39.38.jpeg?resize=1152%2C1536 1152w, https:\/\/i0.wp.com\/centrotierradetodos.es\/smc\/wp-content\/uploads\/2023\/08\/WhatsApp-Image-2023-08-02-at-15.39.38.jpeg?resize=68%2C90 68w, https:\/\/i0.wp.com\/centrotierradetodos.es\/smc\/wp-content\/uploads\/2023\/08\/WhatsApp-Image-2023-08-02-at-15.39.38.jpeg?w=1536 1536w, https:\/\/i0.wp.com\/centrotierradetodos.es\/smc\/wp-content\/uploads\/2023\/08\/WhatsApp-Image-2023-08-02-at-15.39.38.jpeg?w=1440 1440w\" sizes=\"auto, (max-width: 720px) 100vw, 720px\" \/><\/figure>\n<\/div>","protected":false},"excerpt":{"rendered":"<p>El Secretariado de Migraciones de la Di\u00f3cesis de C\u00e1diz y Ceuta ha puesto en marcha el VI CAMPO DE SERVICIO en TETUAN, para 15 j\u00f3venes de entre 18 y 30 a\u00f1os, que se celebrar\u00e1 en la ciudad de Tetu\u00e1n, en Marruecos, entre los d\u00edas 1 al 12 de Agosto. Por las ma\u00f1anas un grupo realizar\u00e1 actividades en colaboraci\u00f3n con la Delegaci\u00f3n de Migraciones de T\u00e1nger &hellip; <a href=\"http:\/\/centrotierradetodos.es\/smc\/vi-campo-de-servicio-en-tetuan\/\" class=\"more-link\">Contin\u00faa leyendo <span class=\"screen-reader-text\">VI CAMPO DE SERVICIO EN TETU\u00c1N<\/span><\/a><\/p>\n","protected":false},"author":1,"featured_media":983,"comment_status":"closed","ping_status":"","sticky":false,"template":"","format":"standard","meta":{"_monsterinsights_skip_tracking":false,"_monsterinsights_sitenote_active":false,"_monsterinsights_sitenote_note":"","_monsterinsights_sitenote_category":0,"_uf_show_specific_survey":0,"_uf_disable_surveys":false,"_jetpack_memberships_contains_paid_content":false,"footnotes":""},"categories":[1],"tags":[2],"class_list":["post-982","post","type-post","status-publish","format-standard","has-post-thumbnail","hentry","category-sin-categoria","tag-destacado"],"aioseo_notices":[],"jetpack_featured_media_url":"https:\/\/i0.wp.com\/centrotierradetodos.es\/smc\/wp-content\/uploads\/2023\/08\/WhatsApp-Image-2023-08-02-at-15.39.38.jpeg?fit=1536%2C2048","jetpack_sharing_enabled":true,"_links":{"self":[{"href":"http:\/\/centrotierradetodos.es\/smc\/wp-json\/wp\/v2\/posts\/982","targetHints":{"allow":["GET"]}}],"collection":[{"href":"http:\/\/centrotierradetodos.es\/smc\/wp-json\/wp\/v2\/posts"}],"about":[{"href":"http:\/\/centrotierradetodos.es\/smc\/wp-json\/wp\/v2\/types\/post"}],"author":[{"embeddable":true,"href":"http:\/\/centrotierradetodos.es\/smc\/wp-json\/wp\/v2\/users\/1"}],"replies":[{"embeddable":true,"href":"http:\/\/centrotierradetodos.es\/smc\/wp-json\/wp\/v2\/comments?post=982"}],"version-history":[{"count":2,"href":"http:\/\/centrotierradetodos.es\/smc\/wp-json\/wp\/v2\/posts\/982\/revisions"}],"predecessor-version":[{"id":985,"href":"http:\/\/centrotierradetodos.es\/smc\/wp-json\/wp\/v2\/posts\/982\/revisions\/985"}],"wp:featuredmedia":[{"embeddable":true,"href":"http:\/\/centrotierradetodos.es\/smc\/wp-json\/wp\/v2\/media\/983"}],"wp:attachment":[{"href":"http:\/\/centrotierradetodos.es\/smc\/wp-json\/wp\/v2\/media?parent=982"}],"wp:term":[{"taxonomy":"category","embeddable":true,"href":"http:\/\/centrotierradetodos.es\/smc\/wp-json\/wp\/v2\/categories?post=982"},{"taxonomy":"post_tag","embeddable":true,"href":"http:\/\/centrotierradetodos.es\/smc\/wp-json\/wp\/v2\/tags?post=982"}],"curies":[{"name":"wp","href":"https:\/\/api.w.org\/{rel}","templated":true}]}}