{"id":975,"date":"2023-07-18T17:20:01","date_gmt":"2023-07-18T16:20:01","guid":{"rendered":"http:\/\/centrotierradetodos.es\/smc\/?p=975"},"modified":"2023-07-18T17:40:28","modified_gmt":"2023-07-18T16:40:28","slug":"curso-para-la-obtencion-de-la-nacionalidad-espanola","status":"publish","type":"post","link":"http:\/\/centrotierradetodos.es\/smc\/curso-para-la-obtencion-de-la-nacionalidad-espanola\/","title":{"rendered":"Curso de preparaci\u00f3n para la obtenci\u00f3n de la nacionalidad espa\u00f1ola"},"content":{"rendered":"<div class=\"wp-block-image\">\n<figure class=\"aligncenter size-large is-resized\"><img data-recalc-dims=\"1\" width=\"720\" decoding=\"async\" data-attachment-id=\"976\" data-permalink=\"http:\/\/centrotierradetodos.es\/smc\/curso-para-la-obtencion-de-la-nacionalidad-espanola\/cnacionalidad\/\" data-orig-file=\"https:\/\/i0.wp.com\/centrotierradetodos.es\/smc\/wp-content\/uploads\/2023\/07\/cnacionalidad.jpg?fit=797%2C1129\" data-orig-size=\"797,1129\" data-comments-opened=\"0\" data-image-meta=\"{&quot;aperture&quot;:&quot;0&quot;,&quot;credit&quot;:&quot;&quot;,&quot;camera&quot;:&quot;&quot;,&quot;caption&quot;:&quot;&quot;,&quot;created_timestamp&quot;:&quot;0&quot;,&quot;copyright&quot;:&quot;&quot;,&quot;focal_length&quot;:&quot;0&quot;,&quot;iso&quot;:&quot;0&quot;,&quot;shutter_speed&quot;:&quot;0&quot;,&quot;title&quot;:&quot;&quot;,&quot;orientation&quot;:&quot;1&quot;}\" data-image-title=\"cnacionalidad\" data-image-description=\"\" data-image-caption=\"\" data-medium-file=\"https:\/\/i0.wp.com\/centrotierradetodos.es\/smc\/wp-content\/uploads\/2023\/07\/cnacionalidad.jpg?fit=212%2C300\" data-large-file=\"https:\/\/i0.wp.com\/centrotierradetodos.es\/smc\/wp-content\/uploads\/2023\/07\/cnacionalidad.jpg?fit=720%2C1020\" src=\"https:\/\/i0.wp.com\/centrotierradetodos.es\/smc\/wp-content\/uploads\/2023\/07\/cnacionalidad.jpg?fit=720%2C568\" alt=\"\" class=\"wp-image-976\" height=\"568\" srcset=\"https:\/\/i0.wp.com\/centrotierradetodos.es\/smc\/wp-content\/uploads\/2023\/07\/cnacionalidad.jpg?resize=723%2C1024 723w, https:\/\/i0.wp.com\/centrotierradetodos.es\/smc\/wp-content\/uploads\/2023\/07\/cnacionalidad.jpg?resize=212%2C300 212w, https:\/\/i0.wp.com\/centrotierradetodos.es\/smc\/wp-content\/uploads\/2023\/07\/cnacionalidad.jpg?resize=768%2C1088 768w, https:\/\/i0.wp.com\/centrotierradetodos.es\/smc\/wp-content\/uploads\/2023\/07\/cnacionalidad.jpg?resize=64%2C90 64w, https:\/\/i0.wp.com\/centrotierradetodos.es\/smc\/wp-content\/uploads\/2023\/07\/cnacionalidad.jpg?w=797 797w\" sizes=\"(max-width: 720px) 100vw, 720px\" \/><\/figure>\n<\/div>\n\n\n<p> <\/p>\n\n\n\n<p class=\"has-text-align-justify\">Se abre nuevo grupo para el CURSO DE PREPARACI\u00d3N PARA OBTENER LA NACIONALIDAD que llevamos a cabo a trav\u00e9s del \u00abPrograma para la Inserci\u00f3n Sociolaboral de las Personas Migrantes\u00bb, gestionado por la Asociaci\u00f3n Cardijn, en colaboraci\u00f3n con la Fundaci\u00f3n Centro Tierra de Todos, y subvencionado por la Consejer\u00eda de Inclusi\u00f3n Social, Juventud, Familias e Igualdad-Junta de Andaluc\u00eda<br>&nbsp;<br>PLAZO DE INSCRICI\u00d3N ABIERTO.<br>&nbsp;<br>PLAZAS LIMITADAS.<br>&nbsp;<br>COMENZAR\u00c1 EN EL MES DE SEPTIEMBRE.<br>&nbsp;<br>Si est\u00e1s interesad@ o quieres m\u00e1s informaci\u00f3n, llama al &nbsp;956 29 07 14 o acude directamente a la Fundaci\u00f3n Centro Tierra de Todos en Plaza Fray F\u00e9lix n\u00b0 5, C\u00e1diz.<br>&nbsp;<br>\u00a1\u00a1DATE PRISA, TE ESTAMOS ESPERANDO!!<\/p>\n","protected":false},"excerpt":{"rendered":"<p>Se abre nuevo grupo para el CURSO DE PREPARACI\u00d3N PARA OBTENER LA NACIONALIDAD que llevamos a cabo a trav\u00e9s del \u00abPrograma para la Inserci\u00f3n Sociolaboral de las Personas Migrantes\u00bb, gestionado por la Asociaci\u00f3n Cardijn, en colaboraci\u00f3n con la Fundaci\u00f3n Centro Tierra de Todos, y subvencionado por la Consejer\u00eda de Inclusi\u00f3n Social, Juventud, Familias e Igualdad-Junta de Andaluc\u00eda&nbsp;PLAZO DE INSCRICI\u00d3N ABIERTO.&nbsp;PLAZAS LIMITADAS.&nbsp;COMENZAR\u00c1 EN EL MES DE &hellip; <a href=\"http:\/\/centrotierradetodos.es\/smc\/curso-para-la-obtencion-de-la-nacionalidad-espanola\/\" class=\"more-link\">Contin\u00faa leyendo <span class=\"screen-reader-text\">Curso de preparaci\u00f3n para la obtenci\u00f3n de la nacionalidad espa\u00f1ola<\/span><\/a><\/p>\n","protected":false},"author":1,"featured_media":976,"comment_status":"closed","ping_status":"","sticky":false,"template":"","format":"standard","meta":{"_monsterinsights_skip_tracking":false,"_monsterinsights_sitenote_active":false,"_monsterinsights_sitenote_note":"","_monsterinsights_sitenote_category":0,"_uf_show_specific_survey":0,"_uf_disable_surveys":false,"_jetpack_memberships_contains_paid_content":false,"footnotes":""},"categories":[1],"tags":[2],"class_list":["post-975","post","type-post","status-publish","format-standard","has-post-thumbnail","hentry","category-sin-categoria","tag-destacado"],"aioseo_notices":[],"jetpack_featured_media_url":"https:\/\/i0.wp.com\/centrotierradetodos.es\/smc\/wp-content\/uploads\/2023\/07\/cnacionalidad.jpg?fit=797%2C1129","jetpack_sharing_enabled":true,"_links":{"self":[{"href":"http:\/\/centrotierradetodos.es\/smc\/wp-json\/wp\/v2\/posts\/975","targetHints":{"allow":["GET"]}}],"collection":[{"href":"http:\/\/centrotierradetodos.es\/smc\/wp-json\/wp\/v2\/posts"}],"about":[{"href":"http:\/\/centrotierradetodos.es\/smc\/wp-json\/wp\/v2\/types\/post"}],"author":[{"embeddable":true,"href":"http:\/\/centrotierradetodos.es\/smc\/wp-json\/wp\/v2\/users\/1"}],"replies":[{"embeddable":true,"href":"http:\/\/centrotierradetodos.es\/smc\/wp-json\/wp\/v2\/comments?post=975"}],"version-history":[{"count":4,"href":"http:\/\/centrotierradetodos.es\/smc\/wp-json\/wp\/v2\/posts\/975\/revisions"}],"predecessor-version":[{"id":980,"href":"http:\/\/centrotierradetodos.es\/smc\/wp-json\/wp\/v2\/posts\/975\/revisions\/980"}],"wp:featuredmedia":[{"embeddable":true,"href":"http:\/\/centrotierradetodos.es\/smc\/wp-json\/wp\/v2\/media\/976"}],"wp:attachment":[{"href":"http:\/\/centrotierradetodos.es\/smc\/wp-json\/wp\/v2\/media?parent=975"}],"wp:term":[{"taxonomy":"category","embeddable":true,"href":"http:\/\/centrotierradetodos.es\/smc\/wp-json\/wp\/v2\/categories?post=975"},{"taxonomy":"post_tag","embeddable":true,"href":"http:\/\/centrotierradetodos.es\/smc\/wp-json\/wp\/v2\/tags?post=975"}],"curies":[{"name":"wp","href":"https:\/\/api.w.org\/{rel}","templated":true}]}}