{"id":833,"date":"2021-12-17T13:21:05","date_gmt":"2021-12-17T12:21:05","guid":{"rendered":"http:\/\/centrotierradetodos.es\/smc\/?p=833"},"modified":"2021-12-17T13:24:02","modified_gmt":"2021-12-17T12:24:02","slug":"monsenor-rafael-zornoza-recoge-el-galardon-en-honor-a-gabriel-delgado","status":"publish","type":"post","link":"http:\/\/centrotierradetodos.es\/smc\/monsenor-rafael-zornoza-recoge-el-galardon-en-honor-a-gabriel-delgado\/","title":{"rendered":"Monse\u00f1or Rafael Zornoza recoge el galard\u00f3n en honor a Gabriel Delgado"},"content":{"rendered":"\n<p>El pasado jueves, 16 de diciembre, el Delegado del Gobierno de Espa\u00f1a en Andaluc\u00eda, Pedro Fern\u00e1ndez, presidi\u00f3 el acto de entrega de los XVII Premios Plaza de Espa\u00f1a. Unos galardones que suponen un reconocimiento a organizaciones, instituciones y personas de la comunidad andaluza que han destacado en distintos \u00e1mbitos sociales, culturales, deportivos o cient\u00edficos por el cumplimiento, la defensa y la difusi\u00f3n de los valores democr\u00e1ticos recogidos en la Constituci\u00f3n Espa\u00f1ola, que este a\u00f1o ha conmemorado su XLIII aniversario.<\/p>\n\n\n\n<p>Fern\u00e1ndez destac\u00f3, del Padre Gabriel Delgado, al que se ha concedido el premio a t\u00edtulo p\u00f3stumo, su \u201clucha contra las injusticias desde la acogida, la integraci\u00f3n y la protecci\u00f3n de los migrantes\u201d. <\/p>\n\n\n\n<p>As\u00ed, el obispo diocesano, Mons. Zornoza, recogi\u00f3 el galard\u00f3n, que se conservar\u00e1 como recuerdo en la Fundaci\u00f3n Centro Tierra de Todos, junto a colaboradores cercanos del Padre Gabriel en el Secretariado de Migraciones y familiares del sacerdote.<\/p>\n\n\n\n<p>El Padre Gabriel Delgado, delegado del Secretariado de Migraciones de la Di\u00f3cesis de C\u00e1diz y Ceuta,\u00a0Medalla de Andaluc\u00eda en 2001, falleci\u00f3 el pasado mes de noviembre a los 75 a\u00f1os de edad y tras un ampl\u00edsimo trabajo de lucha por los derechos de los migrantes.\u00a0Cre\u00f3 la Fundaci\u00f3n Centro Tierra de Todos donde acogi\u00f3 a migrantes, a quienes form\u00f3 y ayud\u00f3 en su integraci\u00f3n en la sociedad gaditana. A trav\u00e9s del Secretariado Diocesano de Migraciones y la Fundaci\u00f3n Centro Tierra de Todos promovi\u00f3 la formaci\u00f3n integral de los j\u00f3venes y su acceso al empleo, la integraci\u00f3n y la reagrupaci\u00f3n familiar de los migrantes, asistencia jur\u00eddica, aprendizaje de la lengua y el acceso a alojamientos dignos, defendiendo siempre\u00a0la dignidad de las personas migrantes.<\/p>\n","protected":false},"excerpt":{"rendered":"<p>El pasado jueves, 16 de diciembre, el Delegado del Gobierno de Espa\u00f1a en Andaluc\u00eda, Pedro Fern\u00e1ndez, presidi\u00f3 el acto de entrega de los XVII Premios Plaza de Espa\u00f1a. Unos galardones que suponen un reconocimiento a organizaciones, instituciones y personas de la comunidad andaluza que han destacado en distintos \u00e1mbitos sociales, culturales, deportivos o cient\u00edficos por el cumplimiento, la defensa y la difusi\u00f3n de los valores &hellip; <a href=\"http:\/\/centrotierradetodos.es\/smc\/monsenor-rafael-zornoza-recoge-el-galardon-en-honor-a-gabriel-delgado\/\" class=\"more-link\">Contin\u00faa leyendo <span class=\"screen-reader-text\">Monse\u00f1or Rafael Zornoza recoge el galard\u00f3n en honor a Gabriel Delgado<\/span><\/a><\/p>\n","protected":false},"author":1,"featured_media":834,"comment_status":"closed","ping_status":"","sticky":false,"template":"","format":"standard","meta":{"_monsterinsights_skip_tracking":false,"_monsterinsights_sitenote_active":false,"_monsterinsights_sitenote_note":"","_monsterinsights_sitenote_category":0,"_uf_show_specific_survey":0,"_uf_disable_surveys":false,"_jetpack_memberships_contains_paid_content":false,"footnotes":""},"categories":[1],"tags":[2],"class_list":["post-833","post","type-post","status-publish","format-standard","has-post-thumbnail","hentry","category-sin-categoria","tag-destacado"],"aioseo_notices":[],"jetpack_featured_media_url":"https:\/\/i0.wp.com\/centrotierradetodos.es\/smc\/wp-content\/uploads\/2021\/12\/20211216_premio_plaza_espana_.jpg?fit=1024%2C683","jetpack_sharing_enabled":true,"_links":{"self":[{"href":"http:\/\/centrotierradetodos.es\/smc\/wp-json\/wp\/v2\/posts\/833","targetHints":{"allow":["GET"]}}],"collection":[{"href":"http:\/\/centrotierradetodos.es\/smc\/wp-json\/wp\/v2\/posts"}],"about":[{"href":"http:\/\/centrotierradetodos.es\/smc\/wp-json\/wp\/v2\/types\/post"}],"author":[{"embeddable":true,"href":"http:\/\/centrotierradetodos.es\/smc\/wp-json\/wp\/v2\/users\/1"}],"replies":[{"embeddable":true,"href":"http:\/\/centrotierradetodos.es\/smc\/wp-json\/wp\/v2\/comments?post=833"}],"version-history":[{"count":3,"href":"http:\/\/centrotierradetodos.es\/smc\/wp-json\/wp\/v2\/posts\/833\/revisions"}],"predecessor-version":[{"id":837,"href":"http:\/\/centrotierradetodos.es\/smc\/wp-json\/wp\/v2\/posts\/833\/revisions\/837"}],"wp:featuredmedia":[{"embeddable":true,"href":"http:\/\/centrotierradetodos.es\/smc\/wp-json\/wp\/v2\/media\/834"}],"wp:attachment":[{"href":"http:\/\/centrotierradetodos.es\/smc\/wp-json\/wp\/v2\/media?parent=833"}],"wp:term":[{"taxonomy":"category","embeddable":true,"href":"http:\/\/centrotierradetodos.es\/smc\/wp-json\/wp\/v2\/categories?post=833"},{"taxonomy":"post_tag","embeddable":true,"href":"http:\/\/centrotierradetodos.es\/smc\/wp-json\/wp\/v2\/tags?post=833"}],"curies":[{"name":"wp","href":"https:\/\/api.w.org\/{rel}","templated":true}]}}