{"id":826,"date":"2021-12-16T09:06:23","date_gmt":"2021-12-16T08:06:23","guid":{"rendered":"http:\/\/centrotierradetodos.es\/smc\/?p=826"},"modified":"2021-12-16T09:06:23","modified_gmt":"2021-12-16T08:06:23","slug":"el-circulo-de-silencio-tuvo-presente-al-padre-gabriel-y-a-las-2-000-personas-fallecidas-este-ano-en-el-mediterraneo","status":"publish","type":"post","link":"http:\/\/centrotierradetodos.es\/smc\/el-circulo-de-silencio-tuvo-presente-al-padre-gabriel-y-a-las-2-000-personas-fallecidas-este-ano-en-el-mediterraneo\/","title":{"rendered":"El C\u00edrculo de Silencio tuvo presente al Padre Gabriel y a las 2.000 personas fallecidas este a\u00f1o en el Mediterr\u00e1neo"},"content":{"rendered":"\n<p>El C\u00edrculo de Silencio, que organiza la Mesa Diocesana de Atenci\u00f3n y Acogida de Migrantes y Refugiados de C\u00e1diz y Ceuta, vivi\u00f3 en su convocatoria del mes de diciembre un momento cargado de fuertes sentimientos y muchas connotaciones especiales.<\/p>\n\n\n\n<p>En primer lugar, porque se tuvo presente, como muestra de reconocimiento y cari\u00f1o, al Padre Gabriel Delgado, que nos dejaba el pasado 12 de noviembre. Gabriel fue desde el a\u00f1o 1994 director del Secretariado Diocesano de Migraciones de nuestra di\u00f3cesis, cargo que desempe\u00f1\u00f3 con entrega, volcado en defender los derechos de los migrantes, trabajando sin descanso por su integraci\u00f3n en nuestra sociedad.<\/p>\n\n\n\n<p>Por otro lado, con motivo de la celebraci\u00f3n, el pr\u00f3ximo 18 de diciembre, del D\u00eda Internacional del Migrante, proclamado por la ONU en el a\u00f1o 2001, se record\u00f3 que el derecho a migrar es uno de los contemplados en la Declaraci\u00f3n de los Derechos Humanos. \u201cEsta Declaraci\u00f3n Universal no habla de impedir las migraciones, sino de posibilitar las condiciones para que nadie se vea forzado u obligado a salir de su tierra\u201d.<\/p>\n\n\n\n<p>A trav\u00e9s de la lectura de un manifiesto, aseguraron que la actual situaci\u00f3n econ\u00f3mica, europea y mundial, y las condiciones de guerra y ausencia de derechos de tantas zonas de nuestro planeta, reclaman y hacen urgente la necesidad de la cooperaci\u00f3n internacional para hacer frente de manera integral a los desaf\u00edos de la migraci\u00f3n con pleno respeto a los derechos humanos. \u201cEstamos viendo c\u00f3mo en los \u00faltimos a\u00f1os la vulnerabilidad de las personas migrantes lejos de reducirse ha ido creciendo y multiplic\u00e1ndose\u201d.<\/p>\n\n\n\n<p>Asimismo, afirmaron que desde hace a\u00f1os el Mediterr\u00e1neo est\u00e1 siendo escenario de tragedias por las tentativas para llegar a Europa de personas provenientes de \u00c1frica, Oriente Medio y Asia. Seg\u00fan datos de la Organizaci\u00f3n Internacional para las Migraciones (OIM), unas 1.917 personas habr\u00edan perdido la vida en este a\u00f1o 2021 en el Mediterr\u00e1neo. Personas que s\u00f3lo aspiraban a mejorar sus condiciones de vida o que, directamente, hu\u00edan de la muerte.<\/p>\n\n\n\n<p>De esta manera, exigieron la adopci\u00f3n de medidas que eviten las muertes y las causas que originan las migraciones forzosas. \u201cEs cada vez m\u00e1s necesaria la ejecuci\u00f3n de pol\u00edticas racionales de gesti\u00f3n de fronteras y el rechazo al trato de las personas migrantes como delincuentes; a la concentraci\u00f3n de los refugiados en campos en los que escasean condiciones m\u00ednimas de respeto a sus derechos; a la proliferaci\u00f3n de vallas, alambradas, concertinas; y a las \u2018devoluciones en caliente\u2019. Es vergonzoso tener que recordar a los Estados que deben respetar el ordenamiento jur\u00eddico y el derecho internacional. Ya es hora de que los dirigentes de todos los pa\u00edses reconozcan la movilidad humana como uno de los mayores retos de nuestro tiempo y est\u00e9n dispuestos a sumar sinergias para ofrecer respuestas positivas tanto para los migrantes como para los pa\u00edses de origen, de transito y de destino\u201d.<\/p>\n\n\n\n<p>As\u00ed, se puso como ejemplo a los miles de hombres, mujeres y ni\u00f1os que se encuentran atrapados en la frontera entre Bielorrusia y Polonia, que est\u00e1n sufriendo hambre, fr\u00edo y muerte.<\/p>\n\n\n\n<p>Con todo ello, se dio paso al tiempo de silencio para denunciar todo lo que est\u00e1 ocurriendo y simbolizar el grito de los inmigrantes y refugiados que sufren en el mar, en los campos de refugiados, en los desiertos y en las fronteras. \u201cAprovechando la cercana celebraci\u00f3n del D\u00eda Internacional del Migrante y del Nacimiento de Jes\u00fas, queremos reclamar desde nuestro C\u00edrculo de Silencio el derecho de los migrantes y refugiados a ser acogidos y a vivir en un lugar digno y no en \u2018pesebres\u2019. Ahora que se aproximan las fiestas navide\u00f1as, d\u00edas en que estaremos ocupados con preparativos, comidas, regalos, etc., sirva tambi\u00e9n este acto simb\u00f3lico para recordarnos que en estos d\u00edas miles de personas seguir\u00e1n huyendo de conflictos, torturas y penurias. Que cientos de personas se jugar\u00e1n la vida en las fronteras creadas por el hombre en busca de una oportunidad que le fue negada injustamente. Que las luces y la alegr\u00eda de estas fiestas no apaguen la voz de los que sufren. Que el amor y la justicia que pronto se har\u00e1 hombre, sea repartido a todos los hombre y mujeres del mundo\u201d.<\/p>\n\n\n\n<div class=\"wp-block-jetpack-tiled-gallery aligncenter is-style-rectangular\"><div class=\"tiled-gallery__gallery\"><div class=\"tiled-gallery__row\"><div class=\"tiled-gallery__col\" style=\"flex-basis:67.30167%\"><figure class=\"tiled-gallery__item\"><img decoding=\"async\" data-attachment-id=\"827\" data-permalink=\"http:\/\/centrotierradetodos.es\/smc\/el-circulo-de-silencio-tuvo-presente-al-padre-gabriel-y-a-las-2-000-personas-fallecidas-este-ano-en-el-mediterraneo\/20211215_circulo_silencio_web_594\/\" data-orig-file=\"https:\/\/i0.wp.com\/centrotierradetodos.es\/smc\/wp-content\/uploads\/2021\/12\/20211215_circulo_silencio_web_594.jpg?fit=1600%2C1042\" data-orig-size=\"1600,1042\" data-comments-opened=\"0\" data-image-meta=\"{&quot;aperture&quot;:&quot;0&quot;,&quot;credit&quot;:&quot;&quot;,&quot;camera&quot;:&quot;&quot;,&quot;caption&quot;:&quot;&quot;,&quot;created_timestamp&quot;:&quot;0&quot;,&quot;copyright&quot;:&quot;&quot;,&quot;focal_length&quot;:&quot;0&quot;,&quot;iso&quot;:&quot;0&quot;,&quot;shutter_speed&quot;:&quot;0&quot;,&quot;title&quot;:&quot;&quot;,&quot;orientation&quot;:&quot;0&quot;}\" data-image-title=\"20211215_circulo_silencio_web_594\" data-image-description=\"\" data-image-caption=\"\" data-medium-file=\"https:\/\/i0.wp.com\/centrotierradetodos.es\/smc\/wp-content\/uploads\/2021\/12\/20211215_circulo_silencio_web_594.jpg?fit=300%2C195\" data-large-file=\"https:\/\/i0.wp.com\/centrotierradetodos.es\/smc\/wp-content\/uploads\/2021\/12\/20211215_circulo_silencio_web_594.jpg?fit=720%2C469\" data-attachment-id=\"827\" data-permalink=\"http:\/\/centrotierradetodos.es\/smc\/el-circulo-de-silencio-tuvo-presente-al-padre-gabriel-y-a-las-2-000-personas-fallecidas-este-ano-en-el-mediterraneo\/20211215_circulo_silencio_web_594\/\" data-orig-file=\"https:\/\/i0.wp.com\/centrotierradetodos.es\/smc\/wp-content\/uploads\/2021\/12\/20211215_circulo_silencio_web_594.jpg?fit=1600%2C1042\" data-orig-size=\"1600,1042\" data-comments-opened=\"0\" data-image-meta=\"{&quot;aperture&quot;:&quot;0&quot;,&quot;credit&quot;:&quot;&quot;,&quot;camera&quot;:&quot;&quot;,&quot;caption&quot;:&quot;&quot;,&quot;created_timestamp&quot;:&quot;0&quot;,&quot;copyright&quot;:&quot;&quot;,&quot;focal_length&quot;:&quot;0&quot;,&quot;iso&quot;:&quot;0&quot;,&quot;shutter_speed&quot;:&quot;0&quot;,&quot;title&quot;:&quot;&quot;,&quot;orientation&quot;:&quot;0&quot;}\" data-image-title=\"20211215_circulo_silencio_web_594\" data-image-description=\"\" data-image-caption=\"\" data-medium-file=\"https:\/\/i0.wp.com\/centrotierradetodos.es\/smc\/wp-content\/uploads\/2021\/12\/20211215_circulo_silencio_web_594.jpg?fit=300%2C195\" data-large-file=\"https:\/\/i0.wp.com\/centrotierradetodos.es\/smc\/wp-content\/uploads\/2021\/12\/20211215_circulo_silencio_web_594.jpg?fit=720%2C469\" role=\"button\" tabindex=\"0\" aria-label=\"Abrir la imagen 1 de 4 en pantalla completa\"srcset=\"https:\/\/i2.wp.com\/centrotierradetodos.es\/smc\/wp-content\/uploads\/2021\/12\/20211215_circulo_silencio_web_594-1024x667.jpg?strip=info&#038;w=600 600w,https:\/\/i2.wp.com\/centrotierradetodos.es\/smc\/wp-content\/uploads\/2021\/12\/20211215_circulo_silencio_web_594-1024x667.jpg?strip=info&#038;w=900 900w,https:\/\/i2.wp.com\/centrotierradetodos.es\/smc\/wp-content\/uploads\/2021\/12\/20211215_circulo_silencio_web_594-1024x667.jpg?strip=info&#038;w=1200 1200w,https:\/\/i2.wp.com\/centrotierradetodos.es\/smc\/wp-content\/uploads\/2021\/12\/20211215_circulo_silencio_web_594-1024x667.jpg?strip=info&#038;w=1500 1500w,https:\/\/i2.wp.com\/centrotierradetodos.es\/smc\/wp-content\/uploads\/2021\/12\/20211215_circulo_silencio_web_594-1024x667.jpg?strip=info&#038;w=1600 1600w\" alt=\"\" data-height=\"1042\" data-id=\"827\" data-link=\"http:\/\/centrotierradetodos.es\/smc\/?attachment_id=827\" data-url=\"http:\/\/centrotierradetodos.es\/smc\/wp-content\/uploads\/2021\/12\/20211215_circulo_silencio_web_594-1024x667.jpg\" data-width=\"1600\" src=\"https:\/\/i2.wp.com\/centrotierradetodos.es\/smc\/wp-content\/uploads\/2021\/12\/20211215_circulo_silencio_web_594-1024x667.jpg\" data-amp-layout=\"responsive\"\/><\/figure><\/div><div class=\"tiled-gallery__col\" style=\"flex-basis:32.69833%\"><figure class=\"tiled-gallery__item\"><img decoding=\"async\" data-attachment-id=\"828\" data-permalink=\"http:\/\/centrotierradetodos.es\/smc\/el-circulo-de-silencio-tuvo-presente-al-padre-gabriel-y-a-las-2-000-personas-fallecidas-este-ano-en-el-mediterraneo\/20211215_circulo_silencio_web_596\/\" data-orig-file=\"https:\/\/i0.wp.com\/centrotierradetodos.es\/smc\/wp-content\/uploads\/2021\/12\/20211215_circulo_silencio_web_596.jpg?fit=1600%2C1067\" data-orig-size=\"1600,1067\" data-comments-opened=\"0\" data-image-meta=\"{&quot;aperture&quot;:&quot;0&quot;,&quot;credit&quot;:&quot;&quot;,&quot;camera&quot;:&quot;&quot;,&quot;caption&quot;:&quot;&quot;,&quot;created_timestamp&quot;:&quot;0&quot;,&quot;copyright&quot;:&quot;&quot;,&quot;focal_length&quot;:&quot;0&quot;,&quot;iso&quot;:&quot;0&quot;,&quot;shutter_speed&quot;:&quot;0&quot;,&quot;title&quot;:&quot;&quot;,&quot;orientation&quot;:&quot;0&quot;}\" data-image-title=\"20211215_circulo_silencio_web_596\" data-image-description=\"\" data-image-caption=\"\" data-medium-file=\"https:\/\/i0.wp.com\/centrotierradetodos.es\/smc\/wp-content\/uploads\/2021\/12\/20211215_circulo_silencio_web_596.jpg?fit=300%2C200\" data-large-file=\"https:\/\/i0.wp.com\/centrotierradetodos.es\/smc\/wp-content\/uploads\/2021\/12\/20211215_circulo_silencio_web_596.jpg?fit=720%2C480\" data-attachment-id=\"828\" data-permalink=\"http:\/\/centrotierradetodos.es\/smc\/el-circulo-de-silencio-tuvo-presente-al-padre-gabriel-y-a-las-2-000-personas-fallecidas-este-ano-en-el-mediterraneo\/20211215_circulo_silencio_web_596\/\" data-orig-file=\"https:\/\/i0.wp.com\/centrotierradetodos.es\/smc\/wp-content\/uploads\/2021\/12\/20211215_circulo_silencio_web_596.jpg?fit=1600%2C1067\" data-orig-size=\"1600,1067\" data-comments-opened=\"0\" data-image-meta=\"{&quot;aperture&quot;:&quot;0&quot;,&quot;credit&quot;:&quot;&quot;,&quot;camera&quot;:&quot;&quot;,&quot;caption&quot;:&quot;&quot;,&quot;created_timestamp&quot;:&quot;0&quot;,&quot;copyright&quot;:&quot;&quot;,&quot;focal_length&quot;:&quot;0&quot;,&quot;iso&quot;:&quot;0&quot;,&quot;shutter_speed&quot;:&quot;0&quot;,&quot;title&quot;:&quot;&quot;,&quot;orientation&quot;:&quot;0&quot;}\" data-image-title=\"20211215_circulo_silencio_web_596\" data-image-description=\"\" data-image-caption=\"\" data-medium-file=\"https:\/\/i0.wp.com\/centrotierradetodos.es\/smc\/wp-content\/uploads\/2021\/12\/20211215_circulo_silencio_web_596.jpg?fit=300%2C200\" data-large-file=\"https:\/\/i0.wp.com\/centrotierradetodos.es\/smc\/wp-content\/uploads\/2021\/12\/20211215_circulo_silencio_web_596.jpg?fit=720%2C480\" role=\"button\" tabindex=\"0\" aria-label=\"Abrir la imagen 2 de 4 en pantalla completa\"srcset=\"https:\/\/i0.wp.com\/centrotierradetodos.es\/smc\/wp-content\/uploads\/2021\/12\/20211215_circulo_silencio_web_596-1024x683.jpg?strip=info&#038;w=600 600w,https:\/\/i0.wp.com\/centrotierradetodos.es\/smc\/wp-content\/uploads\/2021\/12\/20211215_circulo_silencio_web_596-1024x683.jpg?strip=info&#038;w=900 900w,https:\/\/i0.wp.com\/centrotierradetodos.es\/smc\/wp-content\/uploads\/2021\/12\/20211215_circulo_silencio_web_596-1024x683.jpg?strip=info&#038;w=1200 1200w,https:\/\/i0.wp.com\/centrotierradetodos.es\/smc\/wp-content\/uploads\/2021\/12\/20211215_circulo_silencio_web_596-1024x683.jpg?strip=info&#038;w=1500 1500w,https:\/\/i0.wp.com\/centrotierradetodos.es\/smc\/wp-content\/uploads\/2021\/12\/20211215_circulo_silencio_web_596-1024x683.jpg?strip=info&#038;w=1600 1600w\" alt=\"\" data-height=\"1067\" data-id=\"828\" data-link=\"http:\/\/centrotierradetodos.es\/smc\/?attachment_id=828\" data-url=\"http:\/\/centrotierradetodos.es\/smc\/wp-content\/uploads\/2021\/12\/20211215_circulo_silencio_web_596-1024x683.jpg\" data-width=\"1600\" src=\"https:\/\/i0.wp.com\/centrotierradetodos.es\/smc\/wp-content\/uploads\/2021\/12\/20211215_circulo_silencio_web_596-1024x683.jpg\" data-amp-layout=\"responsive\"\/><\/figure><figure class=\"tiled-gallery__item\"><img decoding=\"async\" data-attachment-id=\"829\" data-permalink=\"http:\/\/centrotierradetodos.es\/smc\/el-circulo-de-silencio-tuvo-presente-al-padre-gabriel-y-a-las-2-000-personas-fallecidas-este-ano-en-el-mediterraneo\/20211215_circulo_silencio_web_597\/\" data-orig-file=\"https:\/\/i0.wp.com\/centrotierradetodos.es\/smc\/wp-content\/uploads\/2021\/12\/20211215_circulo_silencio_web_597.jpg?fit=1600%2C1067\" data-orig-size=\"1600,1067\" data-comments-opened=\"0\" data-image-meta=\"{&quot;aperture&quot;:&quot;0&quot;,&quot;credit&quot;:&quot;&quot;,&quot;camera&quot;:&quot;&quot;,&quot;caption&quot;:&quot;&quot;,&quot;created_timestamp&quot;:&quot;0&quot;,&quot;copyright&quot;:&quot;&quot;,&quot;focal_length&quot;:&quot;0&quot;,&quot;iso&quot;:&quot;0&quot;,&quot;shutter_speed&quot;:&quot;0&quot;,&quot;title&quot;:&quot;&quot;,&quot;orientation&quot;:&quot;0&quot;}\" data-image-title=\"20211215_circulo_silencio_web_597\" data-image-description=\"\" data-image-caption=\"\" data-medium-file=\"https:\/\/i0.wp.com\/centrotierradetodos.es\/smc\/wp-content\/uploads\/2021\/12\/20211215_circulo_silencio_web_597.jpg?fit=300%2C200\" data-large-file=\"https:\/\/i0.wp.com\/centrotierradetodos.es\/smc\/wp-content\/uploads\/2021\/12\/20211215_circulo_silencio_web_597.jpg?fit=720%2C480\" data-attachment-id=\"829\" data-permalink=\"http:\/\/centrotierradetodos.es\/smc\/el-circulo-de-silencio-tuvo-presente-al-padre-gabriel-y-a-las-2-000-personas-fallecidas-este-ano-en-el-mediterraneo\/20211215_circulo_silencio_web_597\/\" data-orig-file=\"https:\/\/i0.wp.com\/centrotierradetodos.es\/smc\/wp-content\/uploads\/2021\/12\/20211215_circulo_silencio_web_597.jpg?fit=1600%2C1067\" data-orig-size=\"1600,1067\" data-comments-opened=\"0\" data-image-meta=\"{&quot;aperture&quot;:&quot;0&quot;,&quot;credit&quot;:&quot;&quot;,&quot;camera&quot;:&quot;&quot;,&quot;caption&quot;:&quot;&quot;,&quot;created_timestamp&quot;:&quot;0&quot;,&quot;copyright&quot;:&quot;&quot;,&quot;focal_length&quot;:&quot;0&quot;,&quot;iso&quot;:&quot;0&quot;,&quot;shutter_speed&quot;:&quot;0&quot;,&quot;title&quot;:&quot;&quot;,&quot;orientation&quot;:&quot;0&quot;}\" data-image-title=\"20211215_circulo_silencio_web_597\" data-image-description=\"\" data-image-caption=\"\" data-medium-file=\"https:\/\/i0.wp.com\/centrotierradetodos.es\/smc\/wp-content\/uploads\/2021\/12\/20211215_circulo_silencio_web_597.jpg?fit=300%2C200\" data-large-file=\"https:\/\/i0.wp.com\/centrotierradetodos.es\/smc\/wp-content\/uploads\/2021\/12\/20211215_circulo_silencio_web_597.jpg?fit=720%2C480\" role=\"button\" tabindex=\"0\" aria-label=\"Abrir la imagen 3 de 4 en pantalla completa\"srcset=\"https:\/\/i2.wp.com\/centrotierradetodos.es\/smc\/wp-content\/uploads\/2021\/12\/20211215_circulo_silencio_web_597-1024x683.jpg?strip=info&#038;w=600 600w,https:\/\/i2.wp.com\/centrotierradetodos.es\/smc\/wp-content\/uploads\/2021\/12\/20211215_circulo_silencio_web_597-1024x683.jpg?strip=info&#038;w=900 900w,https:\/\/i2.wp.com\/centrotierradetodos.es\/smc\/wp-content\/uploads\/2021\/12\/20211215_circulo_silencio_web_597-1024x683.jpg?strip=info&#038;w=1200 1200w,https:\/\/i2.wp.com\/centrotierradetodos.es\/smc\/wp-content\/uploads\/2021\/12\/20211215_circulo_silencio_web_597-1024x683.jpg?strip=info&#038;w=1500 1500w,https:\/\/i2.wp.com\/centrotierradetodos.es\/smc\/wp-content\/uploads\/2021\/12\/20211215_circulo_silencio_web_597-1024x683.jpg?strip=info&#038;w=1600 1600w\" alt=\"\" data-height=\"1067\" data-id=\"829\" data-link=\"http:\/\/centrotierradetodos.es\/smc\/?attachment_id=829\" data-url=\"http:\/\/centrotierradetodos.es\/smc\/wp-content\/uploads\/2021\/12\/20211215_circulo_silencio_web_597-1024x683.jpg\" data-width=\"1600\" src=\"https:\/\/i2.wp.com\/centrotierradetodos.es\/smc\/wp-content\/uploads\/2021\/12\/20211215_circulo_silencio_web_597-1024x683.jpg\" data-amp-layout=\"responsive\"\/><\/figure><\/div><\/div><div class=\"tiled-gallery__row\"><div class=\"tiled-gallery__col\" style=\"flex-basis:100.00000%\"><figure class=\"tiled-gallery__item\"><img decoding=\"async\" data-attachment-id=\"830\" data-permalink=\"http:\/\/centrotierradetodos.es\/smc\/el-circulo-de-silencio-tuvo-presente-al-padre-gabriel-y-a-las-2-000-personas-fallecidas-este-ano-en-el-mediterraneo\/20211215_circulo_silencio_web_598\/\" data-orig-file=\"https:\/\/i0.wp.com\/centrotierradetodos.es\/smc\/wp-content\/uploads\/2021\/12\/20211215_circulo_silencio_web_598.jpg?fit=1600%2C1067\" data-orig-size=\"1600,1067\" data-comments-opened=\"0\" data-image-meta=\"{&quot;aperture&quot;:&quot;0&quot;,&quot;credit&quot;:&quot;&quot;,&quot;camera&quot;:&quot;&quot;,&quot;caption&quot;:&quot;&quot;,&quot;created_timestamp&quot;:&quot;0&quot;,&quot;copyright&quot;:&quot;&quot;,&quot;focal_length&quot;:&quot;0&quot;,&quot;iso&quot;:&quot;0&quot;,&quot;shutter_speed&quot;:&quot;0&quot;,&quot;title&quot;:&quot;&quot;,&quot;orientation&quot;:&quot;0&quot;}\" data-image-title=\"20211215_circulo_silencio_web_598\" data-image-description=\"\" data-image-caption=\"\" data-medium-file=\"https:\/\/i0.wp.com\/centrotierradetodos.es\/smc\/wp-content\/uploads\/2021\/12\/20211215_circulo_silencio_web_598.jpg?fit=300%2C200\" data-large-file=\"https:\/\/i0.wp.com\/centrotierradetodos.es\/smc\/wp-content\/uploads\/2021\/12\/20211215_circulo_silencio_web_598.jpg?fit=720%2C480\" data-attachment-id=\"830\" data-permalink=\"http:\/\/centrotierradetodos.es\/smc\/el-circulo-de-silencio-tuvo-presente-al-padre-gabriel-y-a-las-2-000-personas-fallecidas-este-ano-en-el-mediterraneo\/20211215_circulo_silencio_web_598\/\" data-orig-file=\"https:\/\/i0.wp.com\/centrotierradetodos.es\/smc\/wp-content\/uploads\/2021\/12\/20211215_circulo_silencio_web_598.jpg?fit=1600%2C1067\" data-orig-size=\"1600,1067\" data-comments-opened=\"0\" data-image-meta=\"{&quot;aperture&quot;:&quot;0&quot;,&quot;credit&quot;:&quot;&quot;,&quot;camera&quot;:&quot;&quot;,&quot;caption&quot;:&quot;&quot;,&quot;created_timestamp&quot;:&quot;0&quot;,&quot;copyright&quot;:&quot;&quot;,&quot;focal_length&quot;:&quot;0&quot;,&quot;iso&quot;:&quot;0&quot;,&quot;shutter_speed&quot;:&quot;0&quot;,&quot;title&quot;:&quot;&quot;,&quot;orientation&quot;:&quot;0&quot;}\" data-image-title=\"20211215_circulo_silencio_web_598\" data-image-description=\"\" data-image-caption=\"\" data-medium-file=\"https:\/\/i0.wp.com\/centrotierradetodos.es\/smc\/wp-content\/uploads\/2021\/12\/20211215_circulo_silencio_web_598.jpg?fit=300%2C200\" data-large-file=\"https:\/\/i0.wp.com\/centrotierradetodos.es\/smc\/wp-content\/uploads\/2021\/12\/20211215_circulo_silencio_web_598.jpg?fit=720%2C480\" role=\"button\" tabindex=\"0\" aria-label=\"Abrir la imagen 4 de 4 en pantalla completa\"srcset=\"https:\/\/i2.wp.com\/centrotierradetodos.es\/smc\/wp-content\/uploads\/2021\/12\/20211215_circulo_silencio_web_598-1024x683.jpg?strip=info&#038;w=600 600w,https:\/\/i2.wp.com\/centrotierradetodos.es\/smc\/wp-content\/uploads\/2021\/12\/20211215_circulo_silencio_web_598-1024x683.jpg?strip=info&#038;w=900 900w,https:\/\/i2.wp.com\/centrotierradetodos.es\/smc\/wp-content\/uploads\/2021\/12\/20211215_circulo_silencio_web_598-1024x683.jpg?strip=info&#038;w=1200 1200w,https:\/\/i2.wp.com\/centrotierradetodos.es\/smc\/wp-content\/uploads\/2021\/12\/20211215_circulo_silencio_web_598-1024x683.jpg?strip=info&#038;w=1500 1500w,https:\/\/i2.wp.com\/centrotierradetodos.es\/smc\/wp-content\/uploads\/2021\/12\/20211215_circulo_silencio_web_598-1024x683.jpg?strip=info&#038;w=1600 1600w\" alt=\"\" data-height=\"1067\" data-id=\"830\" data-link=\"http:\/\/centrotierradetodos.es\/smc\/?attachment_id=830\" data-url=\"http:\/\/centrotierradetodos.es\/smc\/wp-content\/uploads\/2021\/12\/20211215_circulo_silencio_web_598-1024x683.jpg\" data-width=\"1600\" src=\"https:\/\/i2.wp.com\/centrotierradetodos.es\/smc\/wp-content\/uploads\/2021\/12\/20211215_circulo_silencio_web_598-1024x683.jpg\" data-amp-layout=\"responsive\"\/><\/figure><\/div><\/div><\/div><\/div>\n","protected":false},"excerpt":{"rendered":"<p>El C\u00edrculo de Silencio, que organiza la Mesa Diocesana de Atenci\u00f3n y Acogida de Migrantes y Refugiados de C\u00e1diz y Ceuta, vivi\u00f3 en su convocatoria del mes de diciembre un momento cargado de fuertes sentimientos y muchas connotaciones especiales. En primer lugar, porque se tuvo presente, como muestra de reconocimiento y cari\u00f1o, al Padre Gabriel Delgado, que nos dejaba el pasado 12 de noviembre. Gabriel &hellip; <a href=\"http:\/\/centrotierradetodos.es\/smc\/el-circulo-de-silencio-tuvo-presente-al-padre-gabriel-y-a-las-2-000-personas-fallecidas-este-ano-en-el-mediterraneo\/\" class=\"more-link\">Contin\u00faa leyendo <span class=\"screen-reader-text\">El C\u00edrculo de Silencio tuvo presente al Padre Gabriel y a las 2.000 personas fallecidas este a\u00f1o en el Mediterr\u00e1neo<\/span><\/a><\/p>\n","protected":false},"author":1,"featured_media":831,"comment_status":"closed","ping_status":"","sticky":false,"template":"","format":"standard","meta":{"_monsterinsights_skip_tracking":false,"_monsterinsights_sitenote_active":false,"_monsterinsights_sitenote_note":"","_monsterinsights_sitenote_category":0,"_uf_show_specific_survey":0,"_uf_disable_surveys":false,"_jetpack_memberships_contains_paid_content":false,"footnotes":""},"categories":[1],"tags":[2],"class_list":["post-826","post","type-post","status-publish","format-standard","has-post-thumbnail","hentry","category-sin-categoria","tag-destacado"],"aioseo_notices":[],"jetpack_featured_media_url":"https:\/\/i0.wp.com\/centrotierradetodos.es\/smc\/wp-content\/uploads\/2021\/12\/20211215_circulo_silencio_web_595.jpg?fit=1600%2C1067","jetpack_sharing_enabled":true,"_links":{"self":[{"href":"http:\/\/centrotierradetodos.es\/smc\/wp-json\/wp\/v2\/posts\/826","targetHints":{"allow":["GET"]}}],"collection":[{"href":"http:\/\/centrotierradetodos.es\/smc\/wp-json\/wp\/v2\/posts"}],"about":[{"href":"http:\/\/centrotierradetodos.es\/smc\/wp-json\/wp\/v2\/types\/post"}],"author":[{"embeddable":true,"href":"http:\/\/centrotierradetodos.es\/smc\/wp-json\/wp\/v2\/users\/1"}],"replies":[{"embeddable":true,"href":"http:\/\/centrotierradetodos.es\/smc\/wp-json\/wp\/v2\/comments?post=826"}],"version-history":[{"count":1,"href":"http:\/\/centrotierradetodos.es\/smc\/wp-json\/wp\/v2\/posts\/826\/revisions"}],"predecessor-version":[{"id":832,"href":"http:\/\/centrotierradetodos.es\/smc\/wp-json\/wp\/v2\/posts\/826\/revisions\/832"}],"wp:featuredmedia":[{"embeddable":true,"href":"http:\/\/centrotierradetodos.es\/smc\/wp-json\/wp\/v2\/media\/831"}],"wp:attachment":[{"href":"http:\/\/centrotierradetodos.es\/smc\/wp-json\/wp\/v2\/media?parent=826"}],"wp:term":[{"taxonomy":"category","embeddable":true,"href":"http:\/\/centrotierradetodos.es\/smc\/wp-json\/wp\/v2\/categories?post=826"},{"taxonomy":"post_tag","embeddable":true,"href":"http:\/\/centrotierradetodos.es\/smc\/wp-json\/wp\/v2\/tags?post=826"}],"curies":[{"name":"wp","href":"https:\/\/api.w.org\/{rel}","templated":true}]}}