{"id":816,"date":"2021-12-13T12:52:00","date_gmt":"2021-12-13T11:52:00","guid":{"rendered":"http:\/\/centrotierradetodos.es\/smc\/?p=816"},"modified":"2021-12-13T12:52:00","modified_gmt":"2021-12-13T11:52:00","slug":"el-secretariado-de-migraciones-sigue-trabajando-por-la-integracion-socio-laboral-de-los-migrantes","status":"publish","type":"post","link":"http:\/\/centrotierradetodos.es\/smc\/el-secretariado-de-migraciones-sigue-trabajando-por-la-integracion-socio-laboral-de-los-migrantes\/","title":{"rendered":"El Secretariado de Migraciones sigue trabajando por la integraci\u00f3n socio laboral de los migrantes"},"content":{"rendered":"\n<div class=\"wp-block-image\"><figure class=\"alignleft size-large is-resized\"><img data-recalc-dims=\"1\" decoding=\"async\" data-attachment-id=\"817\" data-permalink=\"http:\/\/centrotierradetodos.es\/smc\/el-secretariado-de-migraciones-sigue-trabajando-por-la-integracion-socio-laboral-de-los-migrantes\/cartel-a3-tr\/\" data-orig-file=\"https:\/\/i0.wp.com\/centrotierradetodos.es\/smc\/wp-content\/uploads\/2021\/12\/20211213_cartel_programa_sociolaboral.jpg?fit=1123%2C1588\" data-orig-size=\"1123,1588\" data-comments-opened=\"0\" data-image-meta=\"{&quot;aperture&quot;:&quot;0&quot;,&quot;credit&quot;:&quot;&quot;,&quot;camera&quot;:&quot;&quot;,&quot;caption&quot;:&quot;&quot;,&quot;created_timestamp&quot;:&quot;0&quot;,&quot;copyright&quot;:&quot;&quot;,&quot;focal_length&quot;:&quot;0&quot;,&quot;iso&quot;:&quot;0&quot;,&quot;shutter_speed&quot;:&quot;0&quot;,&quot;title&quot;:&quot;CARTEL A3 - tr&quot;,&quot;orientation&quot;:&quot;1&quot;}\" data-image-title=\"CARTEL A3 &amp;#8211; tr\" data-image-description=\"\" data-image-caption=\"\" data-medium-file=\"https:\/\/i0.wp.com\/centrotierradetodos.es\/smc\/wp-content\/uploads\/2021\/12\/20211213_cartel_programa_sociolaboral.jpg?fit=212%2C300\" data-large-file=\"https:\/\/i0.wp.com\/centrotierradetodos.es\/smc\/wp-content\/uploads\/2021\/12\/20211213_cartel_programa_sociolaboral.jpg?fit=720%2C1018\" src=\"https:\/\/i0.wp.com\/centrotierradetodos.es\/smc\/wp-content\/uploads\/2021\/12\/20211213_cartel_programa_sociolaboral.jpg?w=300\" alt=\"\" class=\"wp-image-817\"  srcset=\"https:\/\/i0.wp.com\/centrotierradetodos.es\/smc\/wp-content\/uploads\/2021\/12\/20211213_cartel_programa_sociolaboral.jpg?resize=724%2C1024 724w, https:\/\/i0.wp.com\/centrotierradetodos.es\/smc\/wp-content\/uploads\/2021\/12\/20211213_cartel_programa_sociolaboral.jpg?resize=212%2C300 212w, https:\/\/i0.wp.com\/centrotierradetodos.es\/smc\/wp-content\/uploads\/2021\/12\/20211213_cartel_programa_sociolaboral.jpg?resize=768%2C1086 768w, https:\/\/i0.wp.com\/centrotierradetodos.es\/smc\/wp-content\/uploads\/2021\/12\/20211213_cartel_programa_sociolaboral.jpg?resize=1086%2C1536 1086w, https:\/\/i0.wp.com\/centrotierradetodos.es\/smc\/wp-content\/uploads\/2021\/12\/20211213_cartel_programa_sociolaboral.jpg?resize=64%2C90 64w, https:\/\/i0.wp.com\/centrotierradetodos.es\/smc\/wp-content\/uploads\/2021\/12\/20211213_cartel_programa_sociolaboral.jpg?w=1123 1123w\" sizes=\"(max-width: 720px) 100vw, 720px\" \/><\/figure><\/div>\n\n\n\n<p>El Secretariado Diocesano de Migraciones de la Di\u00f3cesis de C\u00e1diz y Ceuta, a trav\u00e9s de la Asociaci\u00f3n Cardijn, contin\u00faa desarrollando un a\u00f1o m\u00e1s el Programa denominado <em>\u201cAcompa\u00f1amiento para la Inserci\u00f3n Socio Laboral de Personas Inmigrantes en C\u00e1diz, Ceuta y Alicante\u201d<\/em>,&nbsp; subvencionado por el Ministerio de Inclusi\u00f3n, Seguridad Social y Migraciones y cofinanciado por el Fondo Social Europeo.<\/p>\n\n\n\n<p>Su principal finalidad es contribuir a mejorar la empleabilidad de las personas migrantes al tiempo que acompa\u00f1arles y facilitarles sus procesos de inserci\u00f3n social y laboral. Va dirigido especialmente a aquellas personas que se encuentran desempleadas o en situaci\u00f3n de precariedad laboral, con especial atenci\u00f3n a mujeres, j\u00f3venes y personas en situaci\u00f3n de vulnerabilidad.<\/p>\n\n\n\n<p>Ofrecemos tanto en la provincia de C\u00e1diz, como en la ciudad aut\u00f3noma de Ceuta, un servicio de orientaci\u00f3n laboral basado en el dise\u00f1o participativo de itinerarios personalizados de inserci\u00f3n y realizamos acciones de intermediaci\u00f3n laboral con empresas que necesitan contratar distintos perfiles de trabajadores\/as.<\/p>\n\n\n\n<p>Una de las acciones en las que se pone m\u00e1s \u00e9nfasis es en concienciar sobre la importancia de homologar los t\u00edtulos extranjeros as\u00ed como de realizar cursos de formaci\u00f3n o cualificaci\u00f3n profesional que les sit\u00faen en una mejor posici\u00f3n dentro del mercado laboral. Para ello, se cuenta con la posibilidad de sufragarles los costes de dichos cursos o las tasas p\u00fablicas establecidas para tramitar las homologaciones de t\u00edtulos y los canjes de permisos de conducci\u00f3n. Todo ello acompa\u00f1ado de informaci\u00f3n y asesoramiento sobre estrategias de b\u00fasqueda de empleo, recursos del entorno, legislaci\u00f3n laboral, clases de espa\u00f1ol, habilidades personales y sociales, etc.<\/p>\n\n\n\n<p>Del lado de la intermediaci\u00f3n, se trata de captar ofertas de empleo, contactar con empresas, preseleccionar candidatos\/as que se ajusten a los perfiles demandados, sensibilizar hacia la diversidad cultural y acompa\u00f1ar, en definitiva, a ambas partes para lograr un alto grado de satisfacci\u00f3n, contribuyendo as\u00ed a facilitar procesos reales de inclusi\u00f3n.<\/p>\n","protected":false},"excerpt":{"rendered":"<p>El Secretariado Diocesano de Migraciones de la Di\u00f3cesis de C\u00e1diz y Ceuta, a trav\u00e9s de la Asociaci\u00f3n Cardijn, contin\u00faa desarrollando un a\u00f1o m\u00e1s el Programa denominado \u201cAcompa\u00f1amiento para la Inserci\u00f3n Socio Laboral de Personas Inmigrantes en C\u00e1diz, Ceuta y Alicante\u201d,&nbsp; subvencionado por el Ministerio de Inclusi\u00f3n, Seguridad Social y Migraciones y cofinanciado por el Fondo Social Europeo. Su principal finalidad es contribuir a mejorar la &hellip; <a href=\"http:\/\/centrotierradetodos.es\/smc\/el-secretariado-de-migraciones-sigue-trabajando-por-la-integracion-socio-laboral-de-los-migrantes\/\" class=\"more-link\">Contin\u00faa leyendo <span class=\"screen-reader-text\">El Secretariado de Migraciones sigue trabajando por la integraci\u00f3n socio laboral de los migrantes<\/span><\/a><\/p>\n","protected":false},"author":1,"featured_media":818,"comment_status":"closed","ping_status":"","sticky":false,"template":"","format":"standard","meta":{"_monsterinsights_skip_tracking":false,"_monsterinsights_sitenote_active":false,"_monsterinsights_sitenote_note":"","_monsterinsights_sitenote_category":0,"_uf_show_specific_survey":0,"_uf_disable_surveys":false,"_jetpack_memberships_contains_paid_content":false,"footnotes":""},"categories":[1],"tags":[2],"class_list":["post-816","post","type-post","status-publish","format-standard","has-post-thumbnail","hentry","category-sin-categoria","tag-destacado"],"aioseo_notices":[],"jetpack_featured_media_url":"https:\/\/i0.wp.com\/centrotierradetodos.es\/smc\/wp-content\/uploads\/2021\/12\/20211213_cartel_programa_sociolaboral_portada.jpg?fit=980%2C500","jetpack_sharing_enabled":true,"_links":{"self":[{"href":"http:\/\/centrotierradetodos.es\/smc\/wp-json\/wp\/v2\/posts\/816","targetHints":{"allow":["GET"]}}],"collection":[{"href":"http:\/\/centrotierradetodos.es\/smc\/wp-json\/wp\/v2\/posts"}],"about":[{"href":"http:\/\/centrotierradetodos.es\/smc\/wp-json\/wp\/v2\/types\/post"}],"author":[{"embeddable":true,"href":"http:\/\/centrotierradetodos.es\/smc\/wp-json\/wp\/v2\/users\/1"}],"replies":[{"embeddable":true,"href":"http:\/\/centrotierradetodos.es\/smc\/wp-json\/wp\/v2\/comments?post=816"}],"version-history":[{"count":1,"href":"http:\/\/centrotierradetodos.es\/smc\/wp-json\/wp\/v2\/posts\/816\/revisions"}],"predecessor-version":[{"id":819,"href":"http:\/\/centrotierradetodos.es\/smc\/wp-json\/wp\/v2\/posts\/816\/revisions\/819"}],"wp:featuredmedia":[{"embeddable":true,"href":"http:\/\/centrotierradetodos.es\/smc\/wp-json\/wp\/v2\/media\/818"}],"wp:attachment":[{"href":"http:\/\/centrotierradetodos.es\/smc\/wp-json\/wp\/v2\/media?parent=816"}],"wp:term":[{"taxonomy":"category","embeddable":true,"href":"http:\/\/centrotierradetodos.es\/smc\/wp-json\/wp\/v2\/categories?post=816"},{"taxonomy":"post_tag","embeddable":true,"href":"http:\/\/centrotierradetodos.es\/smc\/wp-json\/wp\/v2\/tags?post=816"}],"curies":[{"name":"wp","href":"https:\/\/api.w.org\/{rel}","templated":true}]}}