{"id":811,"date":"2021-12-03T12:25:36","date_gmt":"2021-12-03T11:25:36","guid":{"rendered":"http:\/\/centrotierradetodos.es\/smc\/?p=811"},"modified":"2021-12-03T12:25:36","modified_gmt":"2021-12-03T11:25:36","slug":"el-clero-del-arciprestazgo-de-cadiz-interior-recuerda-al-padre-gabriel-delgado","status":"publish","type":"post","link":"http:\/\/centrotierradetodos.es\/smc\/el-clero-del-arciprestazgo-de-cadiz-interior-recuerda-al-padre-gabriel-delgado\/","title":{"rendered":"El clero del arciprestazgo de C\u00e1diz Interior recuerda al Padre Gabriel Delgado"},"content":{"rendered":"\n<div class=\"wp-block-image\"><figure class=\"alignleft size-large is-resized\"><img data-recalc-dims=\"1\" loading=\"lazy\" decoding=\"async\" data-attachment-id=\"812\" data-permalink=\"http:\/\/centrotierradetodos.es\/smc\/el-clero-del-arciprestazgo-de-cadiz-interior-recuerda-al-padre-gabriel-delgado\/20211202_oracion_sacerdotes_gabriel_2\/\" data-orig-file=\"https:\/\/i0.wp.com\/centrotierradetodos.es\/smc\/wp-content\/uploads\/2021\/12\/20211202_oracion_sacerdotes_gabriel_2.jpg?fit=2048%2C1152\" data-orig-size=\"2048,1152\" data-comments-opened=\"0\" data-image-meta=\"{&quot;aperture&quot;:&quot;0&quot;,&quot;credit&quot;:&quot;&quot;,&quot;camera&quot;:&quot;&quot;,&quot;caption&quot;:&quot;&quot;,&quot;created_timestamp&quot;:&quot;0&quot;,&quot;copyright&quot;:&quot;&quot;,&quot;focal_length&quot;:&quot;0&quot;,&quot;iso&quot;:&quot;0&quot;,&quot;shutter_speed&quot;:&quot;0&quot;,&quot;title&quot;:&quot;&quot;,&quot;orientation&quot;:&quot;0&quot;}\" data-image-title=\"20211202_oracion_sacerdotes_gabriel_2\" data-image-description=\"\" data-image-caption=\"\" data-medium-file=\"https:\/\/i0.wp.com\/centrotierradetodos.es\/smc\/wp-content\/uploads\/2021\/12\/20211202_oracion_sacerdotes_gabriel_2.jpg?fit=300%2C169\" data-large-file=\"https:\/\/i0.wp.com\/centrotierradetodos.es\/smc\/wp-content\/uploads\/2021\/12\/20211202_oracion_sacerdotes_gabriel_2.jpg?fit=720%2C405\" src=\"https:\/\/i0.wp.com\/centrotierradetodos.es\/smc\/wp-content\/uploads\/2021\/12\/20211202_oracion_sacerdotes_gabriel_2.jpg?resize=512%2C288\" alt=\"\" class=\"wp-image-812\" width=\"512\" height=\"288\" srcset=\"https:\/\/i0.wp.com\/centrotierradetodos.es\/smc\/wp-content\/uploads\/2021\/12\/20211202_oracion_sacerdotes_gabriel_2.jpg?resize=1024%2C576 1024w, https:\/\/i0.wp.com\/centrotierradetodos.es\/smc\/wp-content\/uploads\/2021\/12\/20211202_oracion_sacerdotes_gabriel_2.jpg?resize=300%2C169 300w, https:\/\/i0.wp.com\/centrotierradetodos.es\/smc\/wp-content\/uploads\/2021\/12\/20211202_oracion_sacerdotes_gabriel_2.jpg?resize=768%2C432 768w, https:\/\/i0.wp.com\/centrotierradetodos.es\/smc\/wp-content\/uploads\/2021\/12\/20211202_oracion_sacerdotes_gabriel_2.jpg?resize=1536%2C864 1536w, https:\/\/i0.wp.com\/centrotierradetodos.es\/smc\/wp-content\/uploads\/2021\/12\/20211202_oracion_sacerdotes_gabriel_2.jpg?resize=160%2C90 160w, https:\/\/i0.wp.com\/centrotierradetodos.es\/smc\/wp-content\/uploads\/2021\/12\/20211202_oracion_sacerdotes_gabriel_2.jpg?w=2048 2048w, https:\/\/i0.wp.com\/centrotierradetodos.es\/smc\/wp-content\/uploads\/2021\/12\/20211202_oracion_sacerdotes_gabriel_2.jpg?w=1440 1440w\" sizes=\"auto, (max-width: 512px) 100vw, 512px\" \/><\/figure><\/div>\n\n\n\n<p>Los sacerdotes del arciprestazgo de C\u00e1diz Interior se han reunido en la ma\u00f1ana de hoy, en la capilla de la Fundaci\u00f3n Centro Tierra de Todos, para orar por la memoria del padre Gabriel Delgado, fallecido el pasado 12 de noviembre.<\/p>\n\n\n\n<p>Junto a una representaci\u00f3n de las Hermanas Reparadoras y colaboradores cercanos del padre Gabriel en el Secretariado de Migraciones, han querido recordar la figura de este compa\u00f1ero sacerdote, director del Secretariado Diocesano de Migraciones, que tanto bien hizo en nuestra di\u00f3cesis por los migrantes, los j\u00f3venes de los barrios populares de C\u00e1diz y el sector obrero. As\u00ed, en un ambiente emotivo, de silencio y oraci\u00f3n, han querido homenajearle y tener este \u00faltimo recuerdo y rezar por su alma.<\/p>\n","protected":false},"excerpt":{"rendered":"<p>Los sacerdotes del arciprestazgo de C\u00e1diz Interior se han reunido en la ma\u00f1ana de hoy, en la capilla de la Fundaci\u00f3n Centro Tierra de Todos, para orar por la memoria del padre Gabriel Delgado, fallecido el pasado 12 de noviembre. Junto a una representaci\u00f3n de las Hermanas Reparadoras y colaboradores cercanos del padre Gabriel en el Secretariado de Migraciones, han querido recordar la figura de &hellip; <a href=\"http:\/\/centrotierradetodos.es\/smc\/el-clero-del-arciprestazgo-de-cadiz-interior-recuerda-al-padre-gabriel-delgado\/\" class=\"more-link\">Contin\u00faa leyendo <span class=\"screen-reader-text\">El clero del arciprestazgo de C\u00e1diz Interior recuerda al Padre Gabriel Delgado<\/span><\/a><\/p>\n","protected":false},"author":1,"featured_media":813,"comment_status":"closed","ping_status":"","sticky":false,"template":"","format":"standard","meta":{"_monsterinsights_skip_tracking":false,"_monsterinsights_sitenote_active":false,"_monsterinsights_sitenote_note":"","_monsterinsights_sitenote_category":0,"_uf_show_specific_survey":0,"_uf_disable_surveys":false,"_jetpack_memberships_contains_paid_content":false,"footnotes":""},"categories":[1],"tags":[2],"class_list":["post-811","post","type-post","status-publish","format-standard","has-post-thumbnail","hentry","category-sin-categoria","tag-destacado"],"aioseo_notices":[],"jetpack_featured_media_url":"https:\/\/i0.wp.com\/centrotierradetodos.es\/smc\/wp-content\/uploads\/2021\/12\/20211202_oracion_sacerdotes_gabriel_1.jpg?fit=1600%2C1200","jetpack_sharing_enabled":true,"_links":{"self":[{"href":"http:\/\/centrotierradetodos.es\/smc\/wp-json\/wp\/v2\/posts\/811","targetHints":{"allow":["GET"]}}],"collection":[{"href":"http:\/\/centrotierradetodos.es\/smc\/wp-json\/wp\/v2\/posts"}],"about":[{"href":"http:\/\/centrotierradetodos.es\/smc\/wp-json\/wp\/v2\/types\/post"}],"author":[{"embeddable":true,"href":"http:\/\/centrotierradetodos.es\/smc\/wp-json\/wp\/v2\/users\/1"}],"replies":[{"embeddable":true,"href":"http:\/\/centrotierradetodos.es\/smc\/wp-json\/wp\/v2\/comments?post=811"}],"version-history":[{"count":1,"href":"http:\/\/centrotierradetodos.es\/smc\/wp-json\/wp\/v2\/posts\/811\/revisions"}],"predecessor-version":[{"id":814,"href":"http:\/\/centrotierradetodos.es\/smc\/wp-json\/wp\/v2\/posts\/811\/revisions\/814"}],"wp:featuredmedia":[{"embeddable":true,"href":"http:\/\/centrotierradetodos.es\/smc\/wp-json\/wp\/v2\/media\/813"}],"wp:attachment":[{"href":"http:\/\/centrotierradetodos.es\/smc\/wp-json\/wp\/v2\/media?parent=811"}],"wp:term":[{"taxonomy":"category","embeddable":true,"href":"http:\/\/centrotierradetodos.es\/smc\/wp-json\/wp\/v2\/categories?post=811"},{"taxonomy":"post_tag","embeddable":true,"href":"http:\/\/centrotierradetodos.es\/smc\/wp-json\/wp\/v2\/tags?post=811"}],"curies":[{"name":"wp","href":"https:\/\/api.w.org\/{rel}","templated":true}]}}