{"id":1181,"date":"2026-04-15T18:52:51","date_gmt":"2026-04-15T17:52:51","guid":{"rendered":"https:\/\/centrotierradetodos.es\/smc\/?p=1181"},"modified":"2026-04-15T18:52:53","modified_gmt":"2026-04-15T17:52:53","slug":"sesiones-informativas-de-regularizacion-extraordinaria","status":"publish","type":"post","link":"http:\/\/centrotierradetodos.es\/smc\/sesiones-informativas-de-regularizacion-extraordinaria\/","title":{"rendered":"SESIONES INFORMATIVAS de REGULARIZACI\u00d3N EXTRAORDINARIA\u00a0"},"content":{"rendered":"\n<p><strong>C\u00c1DIZ<\/strong><\/p>\n\n\n\n<p><a href=\"https:\/\/centrotierradetodos.es\/smc\/wp-admin\/edit.php?post_type=post\"><\/a><\/p>\n\n\n\n<p><img loading=\"lazy\" decoding=\"async\" height=\"16\" width=\"16\" alt=\"\ud83d\udc49\" src=\"https:\/\/ci3.googleusercontent.com\/meips\/ADKq_NZVPkFmsl4jB8Bo71NQyFq87u5-M6Dlh7M6M2RLseekLyCw2c9SQUp4007Ms-C84gD3OnwU4oRwKaR4VRri118H198wHS5_CWHTtA4Ij7R8Fb_ePAcuPBQ=s0-d-e1-ft#https:\/\/static.xx.fbcdn.net\/images\/emoji.php\/v9\/t51\/1\/16\/1f449.png\">SESI\u00d3N 1: LUNES 20\/04\/2026 A LAS 12:00h en la ASOCIACI\u00d3N CARDIJN-Edificio Tartessos- C\/Trille n\u00ba 40-C\u00e1diz.<\/p>\n\n\n\n<p><img loading=\"lazy\" decoding=\"async\" height=\"16\" width=\"16\" alt=\"\ud83d\udc49\" src=\"https:\/\/ci3.googleusercontent.com\/meips\/ADKq_NZVPkFmsl4jB8Bo71NQyFq87u5-M6Dlh7M6M2RLseekLyCw2c9SQUp4007Ms-C84gD3OnwU4oRwKaR4VRri118H198wHS5_CWHTtA4Ij7R8Fb_ePAcuPBQ=s0-d-e1-ft#https:\/\/static.xx.fbcdn.net\/images\/emoji.php\/v9\/t51\/1\/16\/1f449.png\">SESI\u00d3N 2: LUNES 20\/04\/2026 A LAS 17:00H en la FUNDACI\u00d3N CENTRO TIERRA DE TODOS-Pza Fray F\u00e9lix n\u00ba5-C\u00e1diz.<\/p>\n\n\n\n<p><strong>ALGECIRAS<\/strong><\/p>\n\n\n\n<p><img loading=\"lazy\" decoding=\"async\" height=\"16\" width=\"16\" alt=\"\ud83d\udc49\" src=\"https:\/\/ci3.googleusercontent.com\/meips\/ADKq_NZVPkFmsl4jB8Bo71NQyFq87u5-M6Dlh7M6M2RLseekLyCw2c9SQUp4007Ms-C84gD3OnwU4oRwKaR4VRri118H198wHS5_CWHTtA4Ij7R8Fb_ePAcuPBQ=s0-d-e1-ft#https:\/\/static.xx.fbcdn.net\/images\/emoji.php\/v9\/t51\/1\/16\/1f449.png\">SESI\u00d3N 3: MARTES 21\/04\/2026 A LAS 10:30 en la PARROQUIA NTRA SE\u00d1ORA DEL CARMEN-C\/Dr Patriarca P\u00e9rez Rodr\u00edguez 44-Algeciras<\/p>\n\n\n\n<p><strong>CEUTA<\/strong><\/p>\n\n\n\n<p><img loading=\"lazy\" decoding=\"async\" height=\"16\" width=\"16\" alt=\"\ud83d\udc49\" src=\"https:\/\/ci3.googleusercontent.com\/meips\/ADKq_NZVPkFmsl4jB8Bo71NQyFq87u5-M6Dlh7M6M2RLseekLyCw2c9SQUp4007Ms-C84gD3OnwU4oRwKaR4VRri118H198wHS5_CWHTtA4Ij7R8Fb_ePAcuPBQ=s0-d-e1-ft#https:\/\/static.xx.fbcdn.net\/images\/emoji.php\/v9\/t51\/1\/16\/1f449.png\">SESI\u00d3N 4:&nbsp;VIERNES&nbsp;&nbsp;24 de Abril de 2026 a las 12.00h en el&nbsp;Centro de Atenci\u00f3n Personas Migrantes San Antonio-Carretera Red Permanente N\u00ba 60-64-Ceuta.<\/p>\n\n\n\n<p class=\"has-text-align-center\"><div class=\"rl-gallery-container rl-loading\" id=\"rl-gallery-container-1\" data-gallery_id=\"1186\"> <div class=\"rl-gallery rl-basicgrid-gallery \" id=\"rl-gallery-1\" data-gallery_no=\"1\"> <div class=\"rl-gallery-item\"><a href=\"https:\/\/i0.wp.com\/centrotierradetodos.es\/smc\/wp-content\/uploads\/2026\/04\/charlaregularizacionabrilalgeciras.png?fit=1587%2C2245\" title=\"\" data-rl_title=\"\" class=\"rl-gallery-link\" data-rl_caption=\"\" data-rel=\"lightbox-gallery-1\"><img loading=\"lazy\" decoding=\"async\" src=\"https:\/\/i0.wp.com\/centrotierradetodos.es\/smc\/wp-content\/uploads\/2026\/04\/charlaregularizacionabrilalgeciras.png?fit=212%2C300\" width=\"212\" height=\"300\" alt=\"\" \/><\/a><\/div><div class=\"rl-gallery-item\"><a href=\"https:\/\/i0.wp.com\/centrotierradetodos.es\/smc\/wp-content\/uploads\/2026\/04\/charlaregularizacionabril-tdt.png?fit=1587%2C2245\" title=\"\" data-rl_title=\"\" class=\"rl-gallery-link\" data-rl_caption=\"\" data-rel=\"lightbox-gallery-1\"><img loading=\"lazy\" decoding=\"async\" src=\"https:\/\/i0.wp.com\/centrotierradetodos.es\/smc\/wp-content\/uploads\/2026\/04\/charlaregularizacionabril-tdt.png?fit=212%2C300\" width=\"212\" height=\"300\" alt=\"\" \/><\/a><\/div><div class=\"rl-gallery-item\"><a href=\"https:\/\/i0.wp.com\/centrotierradetodos.es\/smc\/wp-content\/uploads\/2026\/04\/CEUTA-CHARLA-INFORMATIVA-REGULARIZACION-EXTRAORDINARIA.png?fit=1587%2C2245\" title=\"\" data-rl_title=\"\" class=\"rl-gallery-link\" data-rl_caption=\"\" data-rel=\"lightbox-gallery-1\"><img loading=\"lazy\" decoding=\"async\" src=\"https:\/\/i0.wp.com\/centrotierradetodos.es\/smc\/wp-content\/uploads\/2026\/04\/CEUTA-CHARLA-INFORMATIVA-REGULARIZACION-EXTRAORDINARIA.png?fit=212%2C300\" width=\"212\" height=\"300\" alt=\"\" \/><\/a><\/div><div class=\"rl-gallery-item\"><a href=\"https:\/\/i0.wp.com\/centrotierradetodos.es\/smc\/wp-content\/uploads\/2026\/04\/charlaregularizacionabriltartesos.png?fit=1587%2C2245\" title=\"\" data-rl_title=\"\" class=\"rl-gallery-link\" data-rl_caption=\"\" data-rel=\"lightbox-gallery-1\"><img loading=\"lazy\" decoding=\"async\" src=\"https:\/\/i0.wp.com\/centrotierradetodos.es\/smc\/wp-content\/uploads\/2026\/04\/charlaregularizacionabriltartesos.png?fit=212%2C300\" width=\"212\" height=\"300\" alt=\"\" \/><\/a><\/div> <\/div> <\/div><\/p>\n\n\n\n<p><\/p>\n","protected":false},"excerpt":{"rendered":"<p>C\u00c1DIZ SESI\u00d3N 1: LUNES 20\/04\/2026 A LAS 12:00h en la ASOCIACI\u00d3N CARDIJN-Edificio Tartessos- C\/Trille n\u00ba 40-C\u00e1diz. SESI\u00d3N 2: LUNES 20\/04\/2026 A LAS 17:00H en la FUNDACI\u00d3N CENTRO TIERRA DE TODOS-Pza Fray F\u00e9lix n\u00ba5-C\u00e1diz. ALGECIRAS SESI\u00d3N 3: MARTES 21\/04\/2026 A LAS 10:30 en la PARROQUIA NTRA SE\u00d1ORA DEL CARMEN-C\/Dr Patriarca P\u00e9rez Rodr\u00edguez 44-Algeciras CEUTA SESI\u00d3N 4:&nbsp;VIERNES&nbsp;&nbsp;24 de Abril de 2026 a las 12.00h en el&nbsp;Centro de &hellip; <a href=\"http:\/\/centrotierradetodos.es\/smc\/sesiones-informativas-de-regularizacion-extraordinaria\/\" class=\"more-link\">Contin\u00faa leyendo <span class=\"screen-reader-text\">SESIONES INFORMATIVAS de REGULARIZACI\u00d3N EXTRAORDINARIA\u00a0<\/span><\/a><\/p>\n","protected":false},"author":1,"featured_media":1182,"comment_status":"closed","ping_status":"closed","sticky":false,"template":"","format":"standard","meta":{"_monsterinsights_skip_tracking":false,"_monsterinsights_sitenote_active":false,"_monsterinsights_sitenote_note":"","_monsterinsights_sitenote_category":0,"_uf_show_specific_survey":0,"_uf_disable_surveys":false,"_jetpack_memberships_contains_paid_content":false,"footnotes":""},"categories":[7],"tags":[2],"class_list":["post-1181","post","type-post","status-publish","format-standard","has-post-thumbnail","hentry","category-destacados","tag-destacado"],"aioseo_notices":[],"jetpack_featured_media_url":"https:\/\/i0.wp.com\/centrotierradetodos.es\/smc\/wp-content\/uploads\/2026\/04\/charlaregularizacionabriltartesos.png?fit=1587%2C2245","jetpack_sharing_enabled":true,"_links":{"self":[{"href":"http:\/\/centrotierradetodos.es\/smc\/wp-json\/wp\/v2\/posts\/1181","targetHints":{"allow":["GET"]}}],"collection":[{"href":"http:\/\/centrotierradetodos.es\/smc\/wp-json\/wp\/v2\/posts"}],"about":[{"href":"http:\/\/centrotierradetodos.es\/smc\/wp-json\/wp\/v2\/types\/post"}],"author":[{"embeddable":true,"href":"http:\/\/centrotierradetodos.es\/smc\/wp-json\/wp\/v2\/users\/1"}],"replies":[{"embeddable":true,"href":"http:\/\/centrotierradetodos.es\/smc\/wp-json\/wp\/v2\/comments?post=1181"}],"version-history":[{"count":1,"href":"http:\/\/centrotierradetodos.es\/smc\/wp-json\/wp\/v2\/posts\/1181\/revisions"}],"predecessor-version":[{"id":1188,"href":"http:\/\/centrotierradetodos.es\/smc\/wp-json\/wp\/v2\/posts\/1181\/revisions\/1188"}],"wp:featuredmedia":[{"embeddable":true,"href":"http:\/\/centrotierradetodos.es\/smc\/wp-json\/wp\/v2\/media\/1182"}],"wp:attachment":[{"href":"http:\/\/centrotierradetodos.es\/smc\/wp-json\/wp\/v2\/media?parent=1181"}],"wp:term":[{"taxonomy":"category","embeddable":true,"href":"http:\/\/centrotierradetodos.es\/smc\/wp-json\/wp\/v2\/categories?post=1181"},{"taxonomy":"post_tag","embeddable":true,"href":"http:\/\/centrotierradetodos.es\/smc\/wp-json\/wp\/v2\/tags?post=1181"}],"curies":[{"name":"wp","href":"https:\/\/api.w.org\/{rel}","templated":true}]}}