{"id":1177,"date":"2026-04-07T11:30:31","date_gmt":"2026-04-07T10:30:31","guid":{"rendered":"https:\/\/centrotierradetodos.es\/smc\/?p=1177"},"modified":"2026-04-07T11:30:33","modified_gmt":"2026-04-07T10:30:33","slug":"vigilia-de-oracion-interreligiosa-10-de-abril","status":"publish","type":"post","link":"http:\/\/centrotierradetodos.es\/smc\/vigilia-de-oracion-interreligiosa-10-de-abril\/","title":{"rendered":"Vigilia de Oraci\u00f3n Interreligiosa. 10 de Abril."},"content":{"rendered":"\n<p>El Secretariado de Migraciones, junto con la Fundaci\u00f3n Centro Tierra De Todos, la Asociaci\u00f3n Cardijn y ASCS, organiza, como cada a\u00f1o, la Celebraci\u00f3n de la Vigilia de Oraci\u00f3n Interreligiosa en recuerdo a las personas migrantes fallecidas en El Estrecho y sus familias.<br>\ud83d\udccdTendr\u00e1 lugar el viernes 10 de abril a las 20:00h en la Playa de Los Lances (Tarifa).<br>\ud83d\ude8c Pondremos autobuses desde C\u00c1DIZ para el desplazamiento, cuyo coste simb\u00f3lico ser\u00e1 de 2\u20ac por persona (gratuito para ni\u00f1os y ni\u00f1as menores de 15 a\u00f1os).<br>\u203c\ufe0f Es necesario confirmaci\u00f3n previa llamando o acudiendo a Tierra De Todos para hacer la reserva del autob\u00fas e incluiros en la lista de asistencia.<br>Os esperamos!!!! \ud83d\ude4f\ud83c\udffe<\/p>\n\n\n<div class=\"wp-block-image\">\n<figure class=\"aligncenter size-large\"><img data-recalc-dims=\"1\" loading=\"lazy\" decoding=\"async\" width=\"720\" height=\"1018\" data-attachment-id=\"1178\" data-permalink=\"http:\/\/centrotierradetodos.es\/smc\/vigilia-de-oracion-interreligiosa-10-de-abril\/whatsapp-image-2026-03-26-at-12-10-49\/\" data-orig-file=\"https:\/\/i0.wp.com\/centrotierradetodos.es\/smc\/wp-content\/uploads\/2026\/04\/WhatsApp-Image-2026-03-26-at-12.10.49.jpeg?fit=1131%2C1600\" data-orig-size=\"1131,1600\" data-comments-opened=\"0\" data-image-meta=\"{&quot;aperture&quot;:&quot;0&quot;,&quot;credit&quot;:&quot;&quot;,&quot;camera&quot;:&quot;&quot;,&quot;caption&quot;:&quot;&quot;,&quot;created_timestamp&quot;:&quot;0&quot;,&quot;copyright&quot;:&quot;&quot;,&quot;focal_length&quot;:&quot;0&quot;,&quot;iso&quot;:&quot;0&quot;,&quot;shutter_speed&quot;:&quot;0&quot;,&quot;title&quot;:&quot;&quot;,&quot;orientation&quot;:&quot;0&quot;}\" data-image-title=\"WhatsApp Image 2026-03-26 at 12.10.49\" data-image-description=\"\" data-image-caption=\"\" data-medium-file=\"https:\/\/i0.wp.com\/centrotierradetodos.es\/smc\/wp-content\/uploads\/2026\/04\/WhatsApp-Image-2026-03-26-at-12.10.49.jpeg?fit=212%2C300\" data-large-file=\"https:\/\/i0.wp.com\/centrotierradetodos.es\/smc\/wp-content\/uploads\/2026\/04\/WhatsApp-Image-2026-03-26-at-12.10.49.jpeg?fit=720%2C1018\" src=\"https:\/\/i0.wp.com\/centrotierradetodos.es\/smc\/wp-content\/uploads\/2026\/04\/WhatsApp-Image-2026-03-26-at-12.10.49-724x1024.jpeg?resize=720%2C1018&#038;ssl=1\" alt=\"\" class=\"wp-image-1178\" srcset=\"https:\/\/i0.wp.com\/centrotierradetodos.es\/smc\/wp-content\/uploads\/2026\/04\/WhatsApp-Image-2026-03-26-at-12.10.49.jpeg?resize=724%2C1024 724w, https:\/\/i0.wp.com\/centrotierradetodos.es\/smc\/wp-content\/uploads\/2026\/04\/WhatsApp-Image-2026-03-26-at-12.10.49.jpeg?resize=212%2C300 212w, https:\/\/i0.wp.com\/centrotierradetodos.es\/smc\/wp-content\/uploads\/2026\/04\/WhatsApp-Image-2026-03-26-at-12.10.49.jpeg?resize=768%2C1086 768w, https:\/\/i0.wp.com\/centrotierradetodos.es\/smc\/wp-content\/uploads\/2026\/04\/WhatsApp-Image-2026-03-26-at-12.10.49.jpeg?resize=1086%2C1536 1086w, https:\/\/i0.wp.com\/centrotierradetodos.es\/smc\/wp-content\/uploads\/2026\/04\/WhatsApp-Image-2026-03-26-at-12.10.49.jpeg?resize=64%2C90 64w, https:\/\/i0.wp.com\/centrotierradetodos.es\/smc\/wp-content\/uploads\/2026\/04\/WhatsApp-Image-2026-03-26-at-12.10.49.jpeg?w=1131 1131w\" sizes=\"auto, (max-width: 720px) 100vw, 720px\" \/><\/figure>\n<\/div>","protected":false},"excerpt":{"rendered":"<p>El Secretariado de Migraciones, junto con la Fundaci\u00f3n Centro Tierra De Todos, la Asociaci\u00f3n Cardijn y ASCS, organiza, como cada a\u00f1o, la Celebraci\u00f3n de la Vigilia de Oraci\u00f3n Interreligiosa en recuerdo a las personas migrantes fallecidas en El Estrecho y sus familias.\ud83d\udccdTendr\u00e1 lugar el viernes 10 de abril a las 20:00h en la Playa de Los Lances (Tarifa).\ud83d\ude8c Pondremos autobuses desde C\u00c1DIZ para el desplazamiento, &hellip; <a href=\"http:\/\/centrotierradetodos.es\/smc\/vigilia-de-oracion-interreligiosa-10-de-abril\/\" class=\"more-link\">Contin\u00faa leyendo <span class=\"screen-reader-text\">Vigilia de Oraci\u00f3n Interreligiosa. 10 de Abril.<\/span><\/a><\/p>\n","protected":false},"author":1,"featured_media":1178,"comment_status":"closed","ping_status":"closed","sticky":false,"template":"","format":"standard","meta":{"_monsterinsights_skip_tracking":false,"_monsterinsights_sitenote_active":false,"_monsterinsights_sitenote_note":"","_monsterinsights_sitenote_category":0,"_uf_show_specific_survey":0,"_uf_disable_surveys":false,"_jetpack_memberships_contains_paid_content":false,"footnotes":""},"categories":[7],"tags":[2],"class_list":["post-1177","post","type-post","status-publish","format-standard","has-post-thumbnail","hentry","category-destacados","tag-destacado"],"aioseo_notices":[],"jetpack_featured_media_url":"https:\/\/i0.wp.com\/centrotierradetodos.es\/smc\/wp-content\/uploads\/2026\/04\/WhatsApp-Image-2026-03-26-at-12.10.49.jpeg?fit=1131%2C1600","jetpack_sharing_enabled":true,"_links":{"self":[{"href":"http:\/\/centrotierradetodos.es\/smc\/wp-json\/wp\/v2\/posts\/1177","targetHints":{"allow":["GET"]}}],"collection":[{"href":"http:\/\/centrotierradetodos.es\/smc\/wp-json\/wp\/v2\/posts"}],"about":[{"href":"http:\/\/centrotierradetodos.es\/smc\/wp-json\/wp\/v2\/types\/post"}],"author":[{"embeddable":true,"href":"http:\/\/centrotierradetodos.es\/smc\/wp-json\/wp\/v2\/users\/1"}],"replies":[{"embeddable":true,"href":"http:\/\/centrotierradetodos.es\/smc\/wp-json\/wp\/v2\/comments?post=1177"}],"version-history":[{"count":1,"href":"http:\/\/centrotierradetodos.es\/smc\/wp-json\/wp\/v2\/posts\/1177\/revisions"}],"predecessor-version":[{"id":1179,"href":"http:\/\/centrotierradetodos.es\/smc\/wp-json\/wp\/v2\/posts\/1177\/revisions\/1179"}],"wp:featuredmedia":[{"embeddable":true,"href":"http:\/\/centrotierradetodos.es\/smc\/wp-json\/wp\/v2\/media\/1178"}],"wp:attachment":[{"href":"http:\/\/centrotierradetodos.es\/smc\/wp-json\/wp\/v2\/media?parent=1177"}],"wp:term":[{"taxonomy":"category","embeddable":true,"href":"http:\/\/centrotierradetodos.es\/smc\/wp-json\/wp\/v2\/categories?post=1177"},{"taxonomy":"post_tag","embeddable":true,"href":"http:\/\/centrotierradetodos.es\/smc\/wp-json\/wp\/v2\/tags?post=1177"}],"curies":[{"name":"wp","href":"https:\/\/api.w.org\/{rel}","templated":true}]}}