{"id":1094,"date":"2024-12-12T12:32:20","date_gmt":"2024-12-12T11:32:20","guid":{"rendered":"https:\/\/centrotierradetodos.es\/smc\/?p=1094"},"modified":"2024-12-12T12:32:22","modified_gmt":"2024-12-12T11:32:22","slug":"16-diciembre-1200-fundacion-centro-tierra-de-todos-charla-informativa-aprobacion-nuevo-reglamento-extranjeria","status":"publish","type":"post","link":"http:\/\/centrotierradetodos.es\/smc\/16-diciembre-1200-fundacion-centro-tierra-de-todos-charla-informativa-aprobacion-nuevo-reglamento-extranjeria\/","title":{"rendered":"16 Diciembre. 12:00. Fundaci\u00f3n Centro Tierra de Todos. Charla informativa: APROBACI\u00d3N NUEVO REGLAMENTO EXTRANJER\u00cdA"},"content":{"rendered":"<div class=\"wp-block-image\">\n<figure class=\"aligncenter size-large\"><img data-recalc-dims=\"1\" loading=\"lazy\" decoding=\"async\" width=\"720\" height=\"1018\" data-attachment-id=\"1096\" data-permalink=\"http:\/\/centrotierradetodos.es\/smc\/16-diciembre-1200-fundacion-centro-tierra-de-todos-charla-informativa-aprobacion-nuevo-reglamento-extranjeria\/cartel-3\/\" data-orig-file=\"https:\/\/i0.wp.com\/centrotierradetodos.es\/smc\/wp-content\/uploads\/2024\/12\/cartel-1.png?fit=4959%2C7015\" data-orig-size=\"4959,7015\" data-comments-opened=\"0\" data-image-meta=\"{&quot;aperture&quot;:&quot;0&quot;,&quot;credit&quot;:&quot;&quot;,&quot;camera&quot;:&quot;&quot;,&quot;caption&quot;:&quot;&quot;,&quot;created_timestamp&quot;:&quot;0&quot;,&quot;copyright&quot;:&quot;&quot;,&quot;focal_length&quot;:&quot;0&quot;,&quot;iso&quot;:&quot;0&quot;,&quot;shutter_speed&quot;:&quot;0&quot;,&quot;title&quot;:&quot;&quot;,&quot;orientation&quot;:&quot;0&quot;}\" data-image-title=\"cartel\" data-image-description=\"\" data-image-caption=\"\" data-medium-file=\"https:\/\/i0.wp.com\/centrotierradetodos.es\/smc\/wp-content\/uploads\/2024\/12\/cartel-1.png?fit=212%2C300\" data-large-file=\"https:\/\/i0.wp.com\/centrotierradetodos.es\/smc\/wp-content\/uploads\/2024\/12\/cartel-1.png?fit=720%2C1018\" src=\"https:\/\/i0.wp.com\/centrotierradetodos.es\/smc\/wp-content\/uploads\/2024\/12\/cartel-1-724x1024.png?resize=720%2C1018&#038;ssl=1\" alt=\"\" class=\"wp-image-1096\" srcset=\"https:\/\/i0.wp.com\/centrotierradetodos.es\/smc\/wp-content\/uploads\/2024\/12\/cartel-1.png?resize=724%2C1024 724w, https:\/\/i0.wp.com\/centrotierradetodos.es\/smc\/wp-content\/uploads\/2024\/12\/cartel-1.png?resize=212%2C300 212w, https:\/\/i0.wp.com\/centrotierradetodos.es\/smc\/wp-content\/uploads\/2024\/12\/cartel-1.png?resize=768%2C1086 768w, https:\/\/i0.wp.com\/centrotierradetodos.es\/smc\/wp-content\/uploads\/2024\/12\/cartel-1.png?resize=1086%2C1536 1086w, https:\/\/i0.wp.com\/centrotierradetodos.es\/smc\/wp-content\/uploads\/2024\/12\/cartel-1.png?resize=1448%2C2048 1448w, https:\/\/i0.wp.com\/centrotierradetodos.es\/smc\/wp-content\/uploads\/2024\/12\/cartel-1.png?resize=64%2C90 64w, https:\/\/i0.wp.com\/centrotierradetodos.es\/smc\/wp-content\/uploads\/2024\/12\/cartel-1.png?w=2160 2160w\" sizes=\"auto, (max-width: 720px) 100vw, 720px\" \/><\/figure>\n<\/div>","protected":false},"excerpt":{"rendered":"<p> <a href=\"http:\/\/centrotierradetodos.es\/smc\/16-diciembre-1200-fundacion-centro-tierra-de-todos-charla-informativa-aprobacion-nuevo-reglamento-extranjeria\/\" class=\"more-link\">Contin\u00faa leyendo <span class=\"screen-reader-text\">16 Diciembre. 12:00. Fundaci\u00f3n Centro Tierra de Todos. Charla informativa: APROBACI\u00d3N NUEVO REGLAMENTO EXTRANJER\u00cdA<\/span><\/a><\/p>\n","protected":false},"author":1,"featured_media":1096,"comment_status":"closed","ping_status":"closed","sticky":false,"template":"","format":"standard","meta":{"_monsterinsights_skip_tracking":false,"_monsterinsights_sitenote_active":false,"_monsterinsights_sitenote_note":"","_monsterinsights_sitenote_category":0,"_uf_show_specific_survey":0,"_uf_disable_surveys":false,"_jetpack_memberships_contains_paid_content":false,"footnotes":""},"categories":[7],"tags":[2],"class_list":["post-1094","post","type-post","status-publish","format-standard","has-post-thumbnail","hentry","category-destacados","tag-destacado"],"aioseo_notices":[],"jetpack_featured_media_url":"https:\/\/i0.wp.com\/centrotierradetodos.es\/smc\/wp-content\/uploads\/2024\/12\/cartel-1.png?fit=4959%2C7015","jetpack_sharing_enabled":true,"_links":{"self":[{"href":"http:\/\/centrotierradetodos.es\/smc\/wp-json\/wp\/v2\/posts\/1094","targetHints":{"allow":["GET"]}}],"collection":[{"href":"http:\/\/centrotierradetodos.es\/smc\/wp-json\/wp\/v2\/posts"}],"about":[{"href":"http:\/\/centrotierradetodos.es\/smc\/wp-json\/wp\/v2\/types\/post"}],"author":[{"embeddable":true,"href":"http:\/\/centrotierradetodos.es\/smc\/wp-json\/wp\/v2\/users\/1"}],"replies":[{"embeddable":true,"href":"http:\/\/centrotierradetodos.es\/smc\/wp-json\/wp\/v2\/comments?post=1094"}],"version-history":[{"count":1,"href":"http:\/\/centrotierradetodos.es\/smc\/wp-json\/wp\/v2\/posts\/1094\/revisions"}],"predecessor-version":[{"id":1097,"href":"http:\/\/centrotierradetodos.es\/smc\/wp-json\/wp\/v2\/posts\/1094\/revisions\/1097"}],"wp:featuredmedia":[{"embeddable":true,"href":"http:\/\/centrotierradetodos.es\/smc\/wp-json\/wp\/v2\/media\/1096"}],"wp:attachment":[{"href":"http:\/\/centrotierradetodos.es\/smc\/wp-json\/wp\/v2\/media?parent=1094"}],"wp:term":[{"taxonomy":"category","embeddable":true,"href":"http:\/\/centrotierradetodos.es\/smc\/wp-json\/wp\/v2\/categories?post=1094"},{"taxonomy":"post_tag","embeddable":true,"href":"http:\/\/centrotierradetodos.es\/smc\/wp-json\/wp\/v2\/tags?post=1094"}],"curies":[{"name":"wp","href":"https:\/\/api.w.org\/{rel}","templated":true}]}}