{"id":1080,"date":"2024-09-13T09:13:32","date_gmt":"2024-09-13T08:13:32","guid":{"rendered":"https:\/\/centrotierradetodos.es\/smc\/?p=1080"},"modified":"2024-09-13T09:14:43","modified_gmt":"2024-09-13T08:14:43","slug":"el-proximo-domingo-29-de-septiembre-se-celebra-la-jornada-mundial-del-migrante-y-del-refugiado-con-el-lema-dios-camina-con-su-pueblo","status":"publish","type":"post","link":"http:\/\/centrotierradetodos.es\/smc\/el-proximo-domingo-29-de-septiembre-se-celebra-la-jornada-mundial-del-migrante-y-del-refugiado-con-el-lema-dios-camina-con-su-pueblo\/","title":{"rendered":"El pr\u00f3ximo domingo 29 de septiembre se celebra la JORNADA MUNDIAL DEL MIGRANTE Y DEL REFUGIADO con el lema, \u201cDIOS CAMINA CON SU PUEBLO\u201d."},"content":{"rendered":"\n<p class=\"has-text-align-justify\">El pr\u00f3ximo domingo 29 de septiembre se celebra la JORNADA MUNDIAL DEL MIGRANTE Y DEL REFUGIADO con el lema, \u201cDIOS CAMINA CON SU PUEBLO\u201d.<\/p>\n\n\n\n<p class=\"has-text-align-justify\">La Red de Atenci\u00f3n a Personas Migrantes del Secretariado Diocesano de Migraciones, Asociaci\u00f3n Cardijn, Fundaci\u00f3n Tierra de Todos y ASCS invitamos a participar y colaborar en la celebraci\u00f3n de la Jornada.<\/p>\n\n\n\n<p class=\"has-text-align-justify\">\ud83d\udd4d La Catedral de C\u00e1diz acoger\u00e1 la celebraci\u00f3n principal a las 12.00h y, posteriormente, tendr\u00e1 lugar el tradicional almuerzo multicultural en el Centro Tartessos (\ud83d\udccdC\/ Trille, 40).<\/p>\n\n\n\n<p class=\"has-text-align-justify\">\ud83e\udef6Ser\u00e1 un encuentro de convivencia con degustaci\u00f3n, adem\u00e1s de actuaciones de grupos folcl\u00f3ricos. La venta o reserva de tickets es anticipada, podr\u00e9is obtenerlos acudiendo presencialmente a Tierra de Todos, o llamando por tel\u00e9fono al 956290714. El coste simb\u00f3lico del ticket ser\u00e1 de 1,50\u20ac por persona. <\/p>\n\n\n\n<p class=\"has-text-align-center\"><strong>\u203c\ufe0fACUDE YA, NO TE QUEDES SIN TUS TICKETS\u203c\ufe0f<\/strong><\/p>\n\n\n\n<p class=\"has-text-align-justify\"><strong><br><\/strong>\ud83e\udd29Nos encantar\u00eda compartir este d\u00eda con tod@s vosotr@s.<br>Esperamos que puedas acudir, comparte \ud83d\ude4c\ud83c\udffe+<\/p>\n\n\n<div class=\"wp-block-image\">\n<figure class=\"aligncenter size-large\"><img data-recalc-dims=\"1\" loading=\"lazy\" decoding=\"async\" width=\"720\" height=\"1018\" data-attachment-id=\"1081\" data-permalink=\"http:\/\/centrotierradetodos.es\/smc\/el-proximo-domingo-29-de-septiembre-se-celebra-la-jornada-mundial-del-migrante-y-del-refugiado-con-el-lema-dios-camina-con-su-pueblo\/jornada24\/\" data-orig-file=\"https:\/\/i0.wp.com\/centrotierradetodos.es\/smc\/wp-content\/uploads\/2024\/09\/jornada24.jpeg?fit=1131%2C1600\" data-orig-size=\"1131,1600\" data-comments-opened=\"0\" data-image-meta=\"{&quot;aperture&quot;:&quot;0&quot;,&quot;credit&quot;:&quot;&quot;,&quot;camera&quot;:&quot;&quot;,&quot;caption&quot;:&quot;&quot;,&quot;created_timestamp&quot;:&quot;0&quot;,&quot;copyright&quot;:&quot;&quot;,&quot;focal_length&quot;:&quot;0&quot;,&quot;iso&quot;:&quot;0&quot;,&quot;shutter_speed&quot;:&quot;0&quot;,&quot;title&quot;:&quot;&quot;,&quot;orientation&quot;:&quot;0&quot;}\" data-image-title=\"jornada24\" data-image-description=\"\" data-image-caption=\"\" data-medium-file=\"https:\/\/i0.wp.com\/centrotierradetodos.es\/smc\/wp-content\/uploads\/2024\/09\/jornada24.jpeg?fit=212%2C300\" data-large-file=\"https:\/\/i0.wp.com\/centrotierradetodos.es\/smc\/wp-content\/uploads\/2024\/09\/jornada24.jpeg?fit=720%2C1018\" src=\"https:\/\/i0.wp.com\/centrotierradetodos.es\/smc\/wp-content\/uploads\/2024\/09\/jornada24.jpeg?resize=720%2C1018\" alt=\"\" class=\"wp-image-1081\" srcset=\"https:\/\/i0.wp.com\/centrotierradetodos.es\/smc\/wp-content\/uploads\/2024\/09\/jornada24.jpeg?resize=724%2C1024 724w, https:\/\/i0.wp.com\/centrotierradetodos.es\/smc\/wp-content\/uploads\/2024\/09\/jornada24.jpeg?resize=212%2C300 212w, https:\/\/i0.wp.com\/centrotierradetodos.es\/smc\/wp-content\/uploads\/2024\/09\/jornada24.jpeg?resize=768%2C1086 768w, https:\/\/i0.wp.com\/centrotierradetodos.es\/smc\/wp-content\/uploads\/2024\/09\/jornada24.jpeg?resize=1086%2C1536 1086w, https:\/\/i0.wp.com\/centrotierradetodos.es\/smc\/wp-content\/uploads\/2024\/09\/jornada24.jpeg?resize=64%2C90 64w, https:\/\/i0.wp.com\/centrotierradetodos.es\/smc\/wp-content\/uploads\/2024\/09\/jornada24.jpeg?w=1131 1131w\" sizes=\"auto, (max-width: 720px) 100vw, 720px\" \/><\/figure>\n<\/div>\n\n\n<p><\/p>\n","protected":false},"excerpt":{"rendered":"<p>El pr\u00f3ximo domingo 29 de septiembre se celebra la JORNADA MUNDIAL DEL MIGRANTE Y DEL REFUGIADO con el lema, \u201cDIOS CAMINA CON SU PUEBLO\u201d. La Red de Atenci\u00f3n a Personas Migrantes del Secretariado Diocesano de Migraciones, Asociaci\u00f3n Cardijn, Fundaci\u00f3n Tierra de Todos y ASCS invitamos a participar y colaborar en la celebraci\u00f3n de la Jornada. \ud83d\udd4d La Catedral de C\u00e1diz acoger\u00e1 la celebraci\u00f3n principal a &hellip; <a href=\"http:\/\/centrotierradetodos.es\/smc\/el-proximo-domingo-29-de-septiembre-se-celebra-la-jornada-mundial-del-migrante-y-del-refugiado-con-el-lema-dios-camina-con-su-pueblo\/\" class=\"more-link\">Contin\u00faa leyendo <span class=\"screen-reader-text\">El pr\u00f3ximo domingo 29 de septiembre se celebra la JORNADA MUNDIAL DEL MIGRANTE Y DEL REFUGIADO con el lema, \u201cDIOS CAMINA CON SU PUEBLO\u201d.<\/span><\/a><\/p>\n","protected":false},"author":1,"featured_media":1081,"comment_status":"closed","ping_status":"","sticky":false,"template":"","format":"standard","meta":{"_monsterinsights_skip_tracking":false,"_monsterinsights_sitenote_active":false,"_monsterinsights_sitenote_note":"","_monsterinsights_sitenote_category":0,"_uf_show_specific_survey":0,"_uf_disable_surveys":false,"_jetpack_memberships_contains_paid_content":false,"footnotes":""},"categories":[1],"tags":[2],"class_list":["post-1080","post","type-post","status-publish","format-standard","has-post-thumbnail","hentry","category-sin-categoria","tag-destacado"],"aioseo_notices":[],"jetpack_featured_media_url":"https:\/\/i0.wp.com\/centrotierradetodos.es\/smc\/wp-content\/uploads\/2024\/09\/jornada24.jpeg?fit=1131%2C1600","jetpack_sharing_enabled":true,"_links":{"self":[{"href":"http:\/\/centrotierradetodos.es\/smc\/wp-json\/wp\/v2\/posts\/1080","targetHints":{"allow":["GET"]}}],"collection":[{"href":"http:\/\/centrotierradetodos.es\/smc\/wp-json\/wp\/v2\/posts"}],"about":[{"href":"http:\/\/centrotierradetodos.es\/smc\/wp-json\/wp\/v2\/types\/post"}],"author":[{"embeddable":true,"href":"http:\/\/centrotierradetodos.es\/smc\/wp-json\/wp\/v2\/users\/1"}],"replies":[{"embeddable":true,"href":"http:\/\/centrotierradetodos.es\/smc\/wp-json\/wp\/v2\/comments?post=1080"}],"version-history":[{"count":1,"href":"http:\/\/centrotierradetodos.es\/smc\/wp-json\/wp\/v2\/posts\/1080\/revisions"}],"predecessor-version":[{"id":1082,"href":"http:\/\/centrotierradetodos.es\/smc\/wp-json\/wp\/v2\/posts\/1080\/revisions\/1082"}],"wp:featuredmedia":[{"embeddable":true,"href":"http:\/\/centrotierradetodos.es\/smc\/wp-json\/wp\/v2\/media\/1081"}],"wp:attachment":[{"href":"http:\/\/centrotierradetodos.es\/smc\/wp-json\/wp\/v2\/media?parent=1080"}],"wp:term":[{"taxonomy":"category","embeddable":true,"href":"http:\/\/centrotierradetodos.es\/smc\/wp-json\/wp\/v2\/categories?post=1080"},{"taxonomy":"post_tag","embeddable":true,"href":"http:\/\/centrotierradetodos.es\/smc\/wp-json\/wp\/v2\/tags?post=1080"}],"curies":[{"name":"wp","href":"https:\/\/api.w.org\/{rel}","templated":true}]}}