{"id":1051,"date":"2024-06-06T11:38:00","date_gmt":"2024-06-06T10:38:00","guid":{"rendered":"https:\/\/centrotierradetodos.es\/smc\/?p=1051"},"modified":"2024-06-11T10:08:32","modified_gmt":"2024-06-11T09:08:32","slug":"la-directora-del-departamento-de-trata-de-personas-de-la-conferencia-episcopal-visita-la-diocesis-de-cadiz-y-ceuta","status":"publish","type":"post","link":"http:\/\/centrotierradetodos.es\/smc\/la-directora-del-departamento-de-trata-de-personas-de-la-conferencia-episcopal-visita-la-diocesis-de-cadiz-y-ceuta\/","title":{"rendered":"La directora del Departamento de Trata de Personas de la Conferencia Episcopal visita la Di\u00f3cesis de C\u00e1diz y Ceuta"},"content":{"rendered":"\n<p class=\"has-text-align-justify\">Marifran S\u00e1nchez, directora del Departamento de Trata de Personas de la Conferencia Episcopal vino a visitar nuestra Di\u00f3cesis de C\u00e1diz y Ceuta, tuvo un encuentro con Sante Zanetti, Director del Secretariado de Migraciones y un grupo en personas del Secretariado y pudo conocer el trabajo que desempe\u00f1amos en la Asociaci\u00f3n Cardijn y en la Fundaci\u00f3n Tierra de Todos.<\/p>\n\n\n\n<p class=\"has-text-align-justify\">Momentos para intercambiar ideas que buscan visibilizar y seguir tejiendo una red de apoyo cuya finalidad es, entre otras, detectar, proteger y facilitar a las personas v\u00edctimas de trata las herramientas que les permitan actuar ante esta lacra que afecta a todas las esferas de nuestra sociedad.<\/p>\n\n\n\n<figure class=\"wp-block-gallery has-nested-images columns-4 is-cropped wp-block-gallery-1 is-layout-flex wp-block-gallery-is-layout-flex\">\n<figure class=\"wp-block-image size-large\"><img data-recalc-dims=\"1\" loading=\"lazy\" decoding=\"async\" width=\"720\" height=\"540\" data-attachment-id=\"1057\" data-permalink=\"http:\/\/centrotierradetodos.es\/smc\/la-directora-del-departamento-de-trata-de-personas-de-la-conferencia-episcopal-visita-la-diocesis-de-cadiz-y-ceuta\/20240604_181357\/\" data-orig-file=\"https:\/\/i0.wp.com\/centrotierradetodos.es\/smc\/wp-content\/uploads\/2024\/06\/20240604_181357-scaled.jpg?fit=2560%2C1920\" data-orig-size=\"2560,1920\" data-comments-opened=\"0\" data-image-meta=\"{&quot;aperture&quot;:&quot;1.7&quot;,&quot;credit&quot;:&quot;&quot;,&quot;camera&quot;:&quot;SM-A705FN&quot;,&quot;caption&quot;:&quot;&quot;,&quot;created_timestamp&quot;:&quot;1717524835&quot;,&quot;copyright&quot;:&quot;&quot;,&quot;focal_length&quot;:&quot;3.92&quot;,&quot;iso&quot;:&quot;64&quot;,&quot;shutter_speed&quot;:&quot;0.00061996280223187&quot;,&quot;title&quot;:&quot;&quot;,&quot;orientation&quot;:&quot;1&quot;}\" data-image-title=\"20240604_181357\" data-image-description=\"\" data-image-caption=\"\" data-medium-file=\"https:\/\/i0.wp.com\/centrotierradetodos.es\/smc\/wp-content\/uploads\/2024\/06\/20240604_181357-scaled.jpg?fit=300%2C225\" data-large-file=\"https:\/\/i0.wp.com\/centrotierradetodos.es\/smc\/wp-content\/uploads\/2024\/06\/20240604_181357-scaled.jpg?fit=720%2C540\" data-id=\"1057\" src=\"https:\/\/i0.wp.com\/centrotierradetodos.es\/smc\/wp-content\/uploads\/2024\/06\/20240604_181357-1024x768.jpg?resize=720%2C540&#038;ssl=1\" alt=\"\" class=\"wp-image-1057\" srcset=\"https:\/\/i0.wp.com\/centrotierradetodos.es\/smc\/wp-content\/uploads\/2024\/06\/20240604_181357-scaled.jpg?resize=1024%2C768 1024w, https:\/\/i0.wp.com\/centrotierradetodos.es\/smc\/wp-content\/uploads\/2024\/06\/20240604_181357-scaled.jpg?resize=300%2C225 300w, https:\/\/i0.wp.com\/centrotierradetodos.es\/smc\/wp-content\/uploads\/2024\/06\/20240604_181357-scaled.jpg?resize=768%2C576 768w, https:\/\/i0.wp.com\/centrotierradetodos.es\/smc\/wp-content\/uploads\/2024\/06\/20240604_181357-scaled.jpg?resize=1536%2C1152 1536w, https:\/\/i0.wp.com\/centrotierradetodos.es\/smc\/wp-content\/uploads\/2024\/06\/20240604_181357-scaled.jpg?resize=2048%2C1536 2048w, https:\/\/i0.wp.com\/centrotierradetodos.es\/smc\/wp-content\/uploads\/2024\/06\/20240604_181357-scaled.jpg?resize=120%2C90 120w, https:\/\/i0.wp.com\/centrotierradetodos.es\/smc\/wp-content\/uploads\/2024\/06\/20240604_181357-scaled.jpg?w=1440 1440w, https:\/\/i0.wp.com\/centrotierradetodos.es\/smc\/wp-content\/uploads\/2024\/06\/20240604_181357-scaled.jpg?w=2160 2160w\" sizes=\"auto, (max-width: 720px) 100vw, 720px\" \/><\/figure>\n\n\n\n<figure class=\"wp-block-image size-large\"><img data-recalc-dims=\"1\" loading=\"lazy\" decoding=\"async\" width=\"720\" height=\"540\" data-attachment-id=\"1056\" data-permalink=\"http:\/\/centrotierradetodos.es\/smc\/la-directora-del-departamento-de-trata-de-personas-de-la-conferencia-episcopal-visita-la-diocesis-de-cadiz-y-ceuta\/20240604_181928\/\" data-orig-file=\"https:\/\/i0.wp.com\/centrotierradetodos.es\/smc\/wp-content\/uploads\/2024\/06\/20240604_181928-scaled.jpg?fit=2560%2C1920\" data-orig-size=\"2560,1920\" data-comments-opened=\"0\" data-image-meta=\"{&quot;aperture&quot;:&quot;1.7&quot;,&quot;credit&quot;:&quot;&quot;,&quot;camera&quot;:&quot;SM-A705FN&quot;,&quot;caption&quot;:&quot;&quot;,&quot;created_timestamp&quot;:&quot;1717525166&quot;,&quot;copyright&quot;:&quot;&quot;,&quot;focal_length&quot;:&quot;3.92&quot;,&quot;iso&quot;:&quot;320&quot;,&quot;shutter_speed&quot;:&quot;0.02&quot;,&quot;title&quot;:&quot;&quot;,&quot;orientation&quot;:&quot;1&quot;}\" data-image-title=\"20240604_181928\" data-image-description=\"\" data-image-caption=\"\" data-medium-file=\"https:\/\/i0.wp.com\/centrotierradetodos.es\/smc\/wp-content\/uploads\/2024\/06\/20240604_181928-scaled.jpg?fit=300%2C225\" data-large-file=\"https:\/\/i0.wp.com\/centrotierradetodos.es\/smc\/wp-content\/uploads\/2024\/06\/20240604_181928-scaled.jpg?fit=720%2C540\" data-id=\"1056\" src=\"https:\/\/i0.wp.com\/centrotierradetodos.es\/smc\/wp-content\/uploads\/2024\/06\/20240604_181928-1024x768.jpg?resize=720%2C540&#038;ssl=1\" alt=\"\" class=\"wp-image-1056\" srcset=\"https:\/\/i0.wp.com\/centrotierradetodos.es\/smc\/wp-content\/uploads\/2024\/06\/20240604_181928-scaled.jpg?resize=1024%2C768 1024w, https:\/\/i0.wp.com\/centrotierradetodos.es\/smc\/wp-content\/uploads\/2024\/06\/20240604_181928-scaled.jpg?resize=300%2C225 300w, https:\/\/i0.wp.com\/centrotierradetodos.es\/smc\/wp-content\/uploads\/2024\/06\/20240604_181928-scaled.jpg?resize=768%2C576 768w, https:\/\/i0.wp.com\/centrotierradetodos.es\/smc\/wp-content\/uploads\/2024\/06\/20240604_181928-scaled.jpg?resize=1536%2C1152 1536w, https:\/\/i0.wp.com\/centrotierradetodos.es\/smc\/wp-content\/uploads\/2024\/06\/20240604_181928-scaled.jpg?resize=2048%2C1536 2048w, https:\/\/i0.wp.com\/centrotierradetodos.es\/smc\/wp-content\/uploads\/2024\/06\/20240604_181928-scaled.jpg?resize=120%2C90 120w, https:\/\/i0.wp.com\/centrotierradetodos.es\/smc\/wp-content\/uploads\/2024\/06\/20240604_181928-scaled.jpg?w=1440 1440w, https:\/\/i0.wp.com\/centrotierradetodos.es\/smc\/wp-content\/uploads\/2024\/06\/20240604_181928-scaled.jpg?w=2160 2160w\" sizes=\"auto, (max-width: 720px) 100vw, 720px\" \/><\/figure>\n\n\n\n<figure class=\"wp-block-image size-large\"><img data-recalc-dims=\"1\" loading=\"lazy\" decoding=\"async\" width=\"720\" height=\"540\" data-attachment-id=\"1052\" data-permalink=\"http:\/\/centrotierradetodos.es\/smc\/la-directora-del-departamento-de-trata-de-personas-de-la-conferencia-episcopal-visita-la-diocesis-de-cadiz-y-ceuta\/whatsapp-image-2024-06-10-at-15-26-25-1\/\" data-orig-file=\"https:\/\/i0.wp.com\/centrotierradetodos.es\/smc\/wp-content\/uploads\/2024\/06\/WhatsApp-Image-2024-06-10-at-15.26.25-1.jpeg?fit=2040%2C1530\" data-orig-size=\"2040,1530\" data-comments-opened=\"0\" data-image-meta=\"{&quot;aperture&quot;:&quot;0&quot;,&quot;credit&quot;:&quot;&quot;,&quot;camera&quot;:&quot;&quot;,&quot;caption&quot;:&quot;&quot;,&quot;created_timestamp&quot;:&quot;0&quot;,&quot;copyright&quot;:&quot;&quot;,&quot;focal_length&quot;:&quot;0&quot;,&quot;iso&quot;:&quot;0&quot;,&quot;shutter_speed&quot;:&quot;0&quot;,&quot;title&quot;:&quot;&quot;,&quot;orientation&quot;:&quot;0&quot;}\" data-image-title=\"WhatsApp-Image-2024-06-10-at-15.26.25-1\" data-image-description=\"\" data-image-caption=\"\" data-medium-file=\"https:\/\/i0.wp.com\/centrotierradetodos.es\/smc\/wp-content\/uploads\/2024\/06\/WhatsApp-Image-2024-06-10-at-15.26.25-1.jpeg?fit=300%2C225\" data-large-file=\"https:\/\/i0.wp.com\/centrotierradetodos.es\/smc\/wp-content\/uploads\/2024\/06\/WhatsApp-Image-2024-06-10-at-15.26.25-1.jpeg?fit=720%2C540\" data-id=\"1052\" src=\"https:\/\/i0.wp.com\/centrotierradetodos.es\/smc\/wp-content\/uploads\/2024\/06\/WhatsApp-Image-2024-06-10-at-15.26.25-1-1024x768.jpeg?resize=720%2C540&#038;ssl=1\" alt=\"\" class=\"wp-image-1052\" srcset=\"https:\/\/i0.wp.com\/centrotierradetodos.es\/smc\/wp-content\/uploads\/2024\/06\/WhatsApp-Image-2024-06-10-at-15.26.25-1.jpeg?resize=1024%2C768 1024w, https:\/\/i0.wp.com\/centrotierradetodos.es\/smc\/wp-content\/uploads\/2024\/06\/WhatsApp-Image-2024-06-10-at-15.26.25-1.jpeg?resize=300%2C225 300w, https:\/\/i0.wp.com\/centrotierradetodos.es\/smc\/wp-content\/uploads\/2024\/06\/WhatsApp-Image-2024-06-10-at-15.26.25-1.jpeg?resize=768%2C576 768w, https:\/\/i0.wp.com\/centrotierradetodos.es\/smc\/wp-content\/uploads\/2024\/06\/WhatsApp-Image-2024-06-10-at-15.26.25-1.jpeg?resize=1536%2C1152 1536w, https:\/\/i0.wp.com\/centrotierradetodos.es\/smc\/wp-content\/uploads\/2024\/06\/WhatsApp-Image-2024-06-10-at-15.26.25-1.jpeg?resize=120%2C90 120w, https:\/\/i0.wp.com\/centrotierradetodos.es\/smc\/wp-content\/uploads\/2024\/06\/WhatsApp-Image-2024-06-10-at-15.26.25-1.jpeg?w=2040 2040w, https:\/\/i0.wp.com\/centrotierradetodos.es\/smc\/wp-content\/uploads\/2024\/06\/WhatsApp-Image-2024-06-10-at-15.26.25-1.jpeg?w=1440 1440w\" sizes=\"auto, (max-width: 720px) 100vw, 720px\" \/><\/figure>\n\n\n\n<figure class=\"wp-block-image size-large\"><img data-recalc-dims=\"1\" loading=\"lazy\" decoding=\"async\" width=\"720\" height=\"540\" data-attachment-id=\"1058\" data-permalink=\"http:\/\/centrotierradetodos.es\/smc\/la-directora-del-departamento-de-trata-de-personas-de-la-conferencia-episcopal-visita-la-diocesis-de-cadiz-y-ceuta\/whatsapp-image-2024-06-10-at-15-26-25-2\/\" data-orig-file=\"https:\/\/i0.wp.com\/centrotierradetodos.es\/smc\/wp-content\/uploads\/2024\/06\/WhatsApp-Image-2024-06-10-at-15.26.25-2.jpeg?fit=2040%2C1530\" data-orig-size=\"2040,1530\" data-comments-opened=\"0\" data-image-meta=\"{&quot;aperture&quot;:&quot;0&quot;,&quot;credit&quot;:&quot;&quot;,&quot;camera&quot;:&quot;&quot;,&quot;caption&quot;:&quot;&quot;,&quot;created_timestamp&quot;:&quot;0&quot;,&quot;copyright&quot;:&quot;&quot;,&quot;focal_length&quot;:&quot;0&quot;,&quot;iso&quot;:&quot;0&quot;,&quot;shutter_speed&quot;:&quot;0&quot;,&quot;title&quot;:&quot;&quot;,&quot;orientation&quot;:&quot;0&quot;}\" data-image-title=\"WhatsApp-Image-2024-06-10-at-15.26.25-2\" data-image-description=\"\" data-image-caption=\"\" data-medium-file=\"https:\/\/i0.wp.com\/centrotierradetodos.es\/smc\/wp-content\/uploads\/2024\/06\/WhatsApp-Image-2024-06-10-at-15.26.25-2.jpeg?fit=300%2C225\" data-large-file=\"https:\/\/i0.wp.com\/centrotierradetodos.es\/smc\/wp-content\/uploads\/2024\/06\/WhatsApp-Image-2024-06-10-at-15.26.25-2.jpeg?fit=720%2C540\" data-id=\"1058\" src=\"https:\/\/i0.wp.com\/centrotierradetodos.es\/smc\/wp-content\/uploads\/2024\/06\/WhatsApp-Image-2024-06-10-at-15.26.25-2-1024x768.jpeg?resize=720%2C540&#038;ssl=1\" alt=\"\" class=\"wp-image-1058\" srcset=\"https:\/\/i0.wp.com\/centrotierradetodos.es\/smc\/wp-content\/uploads\/2024\/06\/WhatsApp-Image-2024-06-10-at-15.26.25-2.jpeg?resize=1024%2C768 1024w, https:\/\/i0.wp.com\/centrotierradetodos.es\/smc\/wp-content\/uploads\/2024\/06\/WhatsApp-Image-2024-06-10-at-15.26.25-2.jpeg?resize=300%2C225 300w, https:\/\/i0.wp.com\/centrotierradetodos.es\/smc\/wp-content\/uploads\/2024\/06\/WhatsApp-Image-2024-06-10-at-15.26.25-2.jpeg?resize=768%2C576 768w, https:\/\/i0.wp.com\/centrotierradetodos.es\/smc\/wp-content\/uploads\/2024\/06\/WhatsApp-Image-2024-06-10-at-15.26.25-2.jpeg?resize=1536%2C1152 1536w, https:\/\/i0.wp.com\/centrotierradetodos.es\/smc\/wp-content\/uploads\/2024\/06\/WhatsApp-Image-2024-06-10-at-15.26.25-2.jpeg?resize=120%2C90 120w, https:\/\/i0.wp.com\/centrotierradetodos.es\/smc\/wp-content\/uploads\/2024\/06\/WhatsApp-Image-2024-06-10-at-15.26.25-2.jpeg?w=2040 2040w, https:\/\/i0.wp.com\/centrotierradetodos.es\/smc\/wp-content\/uploads\/2024\/06\/WhatsApp-Image-2024-06-10-at-15.26.25-2.jpeg?w=1440 1440w\" sizes=\"auto, (max-width: 720px) 100vw, 720px\" \/><\/figure>\n\n\n\n<figure class=\"wp-block-image size-large\"><img data-recalc-dims=\"1\" loading=\"lazy\" decoding=\"async\" width=\"720\" height=\"540\" data-attachment-id=\"1055\" data-permalink=\"http:\/\/centrotierradetodos.es\/smc\/la-directora-del-departamento-de-trata-de-personas-de-la-conferencia-episcopal-visita-la-diocesis-de-cadiz-y-ceuta\/whatsapp-image-2024-06-10-at-15-26-25-3\/\" data-orig-file=\"https:\/\/i0.wp.com\/centrotierradetodos.es\/smc\/wp-content\/uploads\/2024\/06\/WhatsApp-Image-2024-06-10-at-15.26.25-3.jpeg?fit=2040%2C1530\" data-orig-size=\"2040,1530\" data-comments-opened=\"0\" data-image-meta=\"{&quot;aperture&quot;:&quot;0&quot;,&quot;credit&quot;:&quot;&quot;,&quot;camera&quot;:&quot;&quot;,&quot;caption&quot;:&quot;&quot;,&quot;created_timestamp&quot;:&quot;0&quot;,&quot;copyright&quot;:&quot;&quot;,&quot;focal_length&quot;:&quot;0&quot;,&quot;iso&quot;:&quot;0&quot;,&quot;shutter_speed&quot;:&quot;0&quot;,&quot;title&quot;:&quot;&quot;,&quot;orientation&quot;:&quot;0&quot;}\" data-image-title=\"WhatsApp-Image-2024-06-10-at-15.26.25-3\" data-image-description=\"\" data-image-caption=\"\" data-medium-file=\"https:\/\/i0.wp.com\/centrotierradetodos.es\/smc\/wp-content\/uploads\/2024\/06\/WhatsApp-Image-2024-06-10-at-15.26.25-3.jpeg?fit=300%2C225\" data-large-file=\"https:\/\/i0.wp.com\/centrotierradetodos.es\/smc\/wp-content\/uploads\/2024\/06\/WhatsApp-Image-2024-06-10-at-15.26.25-3.jpeg?fit=720%2C540\" data-id=\"1055\" src=\"https:\/\/i0.wp.com\/centrotierradetodos.es\/smc\/wp-content\/uploads\/2024\/06\/WhatsApp-Image-2024-06-10-at-15.26.25-3-1024x768.jpeg?resize=720%2C540&#038;ssl=1\" alt=\"\" class=\"wp-image-1055\" srcset=\"https:\/\/i0.wp.com\/centrotierradetodos.es\/smc\/wp-content\/uploads\/2024\/06\/WhatsApp-Image-2024-06-10-at-15.26.25-3.jpeg?resize=1024%2C768 1024w, https:\/\/i0.wp.com\/centrotierradetodos.es\/smc\/wp-content\/uploads\/2024\/06\/WhatsApp-Image-2024-06-10-at-15.26.25-3.jpeg?resize=300%2C225 300w, https:\/\/i0.wp.com\/centrotierradetodos.es\/smc\/wp-content\/uploads\/2024\/06\/WhatsApp-Image-2024-06-10-at-15.26.25-3.jpeg?resize=768%2C576 768w, https:\/\/i0.wp.com\/centrotierradetodos.es\/smc\/wp-content\/uploads\/2024\/06\/WhatsApp-Image-2024-06-10-at-15.26.25-3.jpeg?resize=1536%2C1152 1536w, https:\/\/i0.wp.com\/centrotierradetodos.es\/smc\/wp-content\/uploads\/2024\/06\/WhatsApp-Image-2024-06-10-at-15.26.25-3.jpeg?resize=120%2C90 120w, https:\/\/i0.wp.com\/centrotierradetodos.es\/smc\/wp-content\/uploads\/2024\/06\/WhatsApp-Image-2024-06-10-at-15.26.25-3.jpeg?w=2040 2040w, https:\/\/i0.wp.com\/centrotierradetodos.es\/smc\/wp-content\/uploads\/2024\/06\/WhatsApp-Image-2024-06-10-at-15.26.25-3.jpeg?w=1440 1440w\" sizes=\"auto, (max-width: 720px) 100vw, 720px\" \/><\/figure>\n\n\n\n<figure class=\"wp-block-image size-large\"><img data-recalc-dims=\"1\" loading=\"lazy\" decoding=\"async\" width=\"720\" height=\"540\" data-attachment-id=\"1059\" data-permalink=\"http:\/\/centrotierradetodos.es\/smc\/la-directora-del-departamento-de-trata-de-personas-de-la-conferencia-episcopal-visita-la-diocesis-de-cadiz-y-ceuta\/whatsapp-image-2024-06-10-at-15-26-25-4\/\" data-orig-file=\"https:\/\/i0.wp.com\/centrotierradetodos.es\/smc\/wp-content\/uploads\/2024\/06\/WhatsApp-Image-2024-06-10-at-15.26.25-4.jpeg?fit=2040%2C1530\" data-orig-size=\"2040,1530\" data-comments-opened=\"0\" data-image-meta=\"{&quot;aperture&quot;:&quot;0&quot;,&quot;credit&quot;:&quot;&quot;,&quot;camera&quot;:&quot;&quot;,&quot;caption&quot;:&quot;&quot;,&quot;created_timestamp&quot;:&quot;0&quot;,&quot;copyright&quot;:&quot;&quot;,&quot;focal_length&quot;:&quot;0&quot;,&quot;iso&quot;:&quot;0&quot;,&quot;shutter_speed&quot;:&quot;0&quot;,&quot;title&quot;:&quot;&quot;,&quot;orientation&quot;:&quot;0&quot;}\" data-image-title=\"WhatsApp-Image-2024-06-10-at-15.26.25-4\" data-image-description=\"\" data-image-caption=\"\" data-medium-file=\"https:\/\/i0.wp.com\/centrotierradetodos.es\/smc\/wp-content\/uploads\/2024\/06\/WhatsApp-Image-2024-06-10-at-15.26.25-4.jpeg?fit=300%2C225\" data-large-file=\"https:\/\/i0.wp.com\/centrotierradetodos.es\/smc\/wp-content\/uploads\/2024\/06\/WhatsApp-Image-2024-06-10-at-15.26.25-4.jpeg?fit=720%2C540\" data-id=\"1059\" src=\"https:\/\/i0.wp.com\/centrotierradetodos.es\/smc\/wp-content\/uploads\/2024\/06\/WhatsApp-Image-2024-06-10-at-15.26.25-4-1024x768.jpeg?resize=720%2C540&#038;ssl=1\" alt=\"\" class=\"wp-image-1059\" srcset=\"https:\/\/i0.wp.com\/centrotierradetodos.es\/smc\/wp-content\/uploads\/2024\/06\/WhatsApp-Image-2024-06-10-at-15.26.25-4.jpeg?resize=1024%2C768 1024w, https:\/\/i0.wp.com\/centrotierradetodos.es\/smc\/wp-content\/uploads\/2024\/06\/WhatsApp-Image-2024-06-10-at-15.26.25-4.jpeg?resize=300%2C225 300w, https:\/\/i0.wp.com\/centrotierradetodos.es\/smc\/wp-content\/uploads\/2024\/06\/WhatsApp-Image-2024-06-10-at-15.26.25-4.jpeg?resize=768%2C576 768w, https:\/\/i0.wp.com\/centrotierradetodos.es\/smc\/wp-content\/uploads\/2024\/06\/WhatsApp-Image-2024-06-10-at-15.26.25-4.jpeg?resize=1536%2C1152 1536w, https:\/\/i0.wp.com\/centrotierradetodos.es\/smc\/wp-content\/uploads\/2024\/06\/WhatsApp-Image-2024-06-10-at-15.26.25-4.jpeg?resize=120%2C90 120w, https:\/\/i0.wp.com\/centrotierradetodos.es\/smc\/wp-content\/uploads\/2024\/06\/WhatsApp-Image-2024-06-10-at-15.26.25-4.jpeg?w=2040 2040w, https:\/\/i0.wp.com\/centrotierradetodos.es\/smc\/wp-content\/uploads\/2024\/06\/WhatsApp-Image-2024-06-10-at-15.26.25-4.jpeg?w=1440 1440w\" sizes=\"auto, (max-width: 720px) 100vw, 720px\" \/><\/figure>\n\n\n\n<figure class=\"wp-block-image size-large\"><img data-recalc-dims=\"1\" loading=\"lazy\" decoding=\"async\" width=\"720\" height=\"540\" data-attachment-id=\"1053\" data-permalink=\"http:\/\/centrotierradetodos.es\/smc\/la-directora-del-departamento-de-trata-de-personas-de-la-conferencia-episcopal-visita-la-diocesis-de-cadiz-y-ceuta\/whatsapp-image-2024-06-10-at-15-26-25\/\" data-orig-file=\"https:\/\/i0.wp.com\/centrotierradetodos.es\/smc\/wp-content\/uploads\/2024\/06\/WhatsApp-Image-2024-06-10-at-15.26.25.jpeg?fit=2040%2C1530\" data-orig-size=\"2040,1530\" data-comments-opened=\"0\" data-image-meta=\"{&quot;aperture&quot;:&quot;0&quot;,&quot;credit&quot;:&quot;&quot;,&quot;camera&quot;:&quot;&quot;,&quot;caption&quot;:&quot;&quot;,&quot;created_timestamp&quot;:&quot;0&quot;,&quot;copyright&quot;:&quot;&quot;,&quot;focal_length&quot;:&quot;0&quot;,&quot;iso&quot;:&quot;0&quot;,&quot;shutter_speed&quot;:&quot;0&quot;,&quot;title&quot;:&quot;&quot;,&quot;orientation&quot;:&quot;0&quot;}\" data-image-title=\"WhatsApp-Image-2024-06-10-at-15.26.25\" data-image-description=\"\" data-image-caption=\"\" data-medium-file=\"https:\/\/i0.wp.com\/centrotierradetodos.es\/smc\/wp-content\/uploads\/2024\/06\/WhatsApp-Image-2024-06-10-at-15.26.25.jpeg?fit=300%2C225\" data-large-file=\"https:\/\/i0.wp.com\/centrotierradetodos.es\/smc\/wp-content\/uploads\/2024\/06\/WhatsApp-Image-2024-06-10-at-15.26.25.jpeg?fit=720%2C540\" data-id=\"1053\" src=\"https:\/\/i0.wp.com\/centrotierradetodos.es\/smc\/wp-content\/uploads\/2024\/06\/WhatsApp-Image-2024-06-10-at-15.26.25-1024x768.jpeg?resize=720%2C540&#038;ssl=1\" alt=\"\" class=\"wp-image-1053\" srcset=\"https:\/\/i0.wp.com\/centrotierradetodos.es\/smc\/wp-content\/uploads\/2024\/06\/WhatsApp-Image-2024-06-10-at-15.26.25.jpeg?resize=1024%2C768 1024w, https:\/\/i0.wp.com\/centrotierradetodos.es\/smc\/wp-content\/uploads\/2024\/06\/WhatsApp-Image-2024-06-10-at-15.26.25.jpeg?resize=300%2C225 300w, https:\/\/i0.wp.com\/centrotierradetodos.es\/smc\/wp-content\/uploads\/2024\/06\/WhatsApp-Image-2024-06-10-at-15.26.25.jpeg?resize=768%2C576 768w, https:\/\/i0.wp.com\/centrotierradetodos.es\/smc\/wp-content\/uploads\/2024\/06\/WhatsApp-Image-2024-06-10-at-15.26.25.jpeg?resize=1536%2C1152 1536w, https:\/\/i0.wp.com\/centrotierradetodos.es\/smc\/wp-content\/uploads\/2024\/06\/WhatsApp-Image-2024-06-10-at-15.26.25.jpeg?resize=120%2C90 120w, https:\/\/i0.wp.com\/centrotierradetodos.es\/smc\/wp-content\/uploads\/2024\/06\/WhatsApp-Image-2024-06-10-at-15.26.25.jpeg?w=2040 2040w, https:\/\/i0.wp.com\/centrotierradetodos.es\/smc\/wp-content\/uploads\/2024\/06\/WhatsApp-Image-2024-06-10-at-15.26.25.jpeg?w=1440 1440w\" sizes=\"auto, (max-width: 720px) 100vw, 720px\" \/><\/figure>\n\n\n\n<figure class=\"wp-block-image size-large\"><img data-recalc-dims=\"1\" loading=\"lazy\" decoding=\"async\" width=\"720\" height=\"540\" data-attachment-id=\"1054\" data-permalink=\"http:\/\/centrotierradetodos.es\/smc\/la-directora-del-departamento-de-trata-de-personas-de-la-conferencia-episcopal-visita-la-diocesis-de-cadiz-y-ceuta\/whatsapp-image-2024-06-10-at-15-26-26\/\" data-orig-file=\"https:\/\/i0.wp.com\/centrotierradetodos.es\/smc\/wp-content\/uploads\/2024\/06\/WhatsApp-Image-2024-06-10-at-15.26.26.jpeg?fit=2040%2C1530\" data-orig-size=\"2040,1530\" data-comments-opened=\"0\" data-image-meta=\"{&quot;aperture&quot;:&quot;0&quot;,&quot;credit&quot;:&quot;&quot;,&quot;camera&quot;:&quot;&quot;,&quot;caption&quot;:&quot;&quot;,&quot;created_timestamp&quot;:&quot;0&quot;,&quot;copyright&quot;:&quot;&quot;,&quot;focal_length&quot;:&quot;0&quot;,&quot;iso&quot;:&quot;0&quot;,&quot;shutter_speed&quot;:&quot;0&quot;,&quot;title&quot;:&quot;&quot;,&quot;orientation&quot;:&quot;0&quot;}\" data-image-title=\"WhatsApp-Image-2024-06-10-at-15.26.26\" data-image-description=\"\" data-image-caption=\"\" data-medium-file=\"https:\/\/i0.wp.com\/centrotierradetodos.es\/smc\/wp-content\/uploads\/2024\/06\/WhatsApp-Image-2024-06-10-at-15.26.26.jpeg?fit=300%2C225\" data-large-file=\"https:\/\/i0.wp.com\/centrotierradetodos.es\/smc\/wp-content\/uploads\/2024\/06\/WhatsApp-Image-2024-06-10-at-15.26.26.jpeg?fit=720%2C540\" data-id=\"1054\" src=\"https:\/\/i0.wp.com\/centrotierradetodos.es\/smc\/wp-content\/uploads\/2024\/06\/WhatsApp-Image-2024-06-10-at-15.26.26-1024x768.jpeg?resize=720%2C540&#038;ssl=1\" alt=\"\" class=\"wp-image-1054\" srcset=\"https:\/\/i0.wp.com\/centrotierradetodos.es\/smc\/wp-content\/uploads\/2024\/06\/WhatsApp-Image-2024-06-10-at-15.26.26.jpeg?resize=1024%2C768 1024w, https:\/\/i0.wp.com\/centrotierradetodos.es\/smc\/wp-content\/uploads\/2024\/06\/WhatsApp-Image-2024-06-10-at-15.26.26.jpeg?resize=300%2C225 300w, https:\/\/i0.wp.com\/centrotierradetodos.es\/smc\/wp-content\/uploads\/2024\/06\/WhatsApp-Image-2024-06-10-at-15.26.26.jpeg?resize=768%2C576 768w, https:\/\/i0.wp.com\/centrotierradetodos.es\/smc\/wp-content\/uploads\/2024\/06\/WhatsApp-Image-2024-06-10-at-15.26.26.jpeg?resize=1536%2C1152 1536w, https:\/\/i0.wp.com\/centrotierradetodos.es\/smc\/wp-content\/uploads\/2024\/06\/WhatsApp-Image-2024-06-10-at-15.26.26.jpeg?resize=120%2C90 120w, https:\/\/i0.wp.com\/centrotierradetodos.es\/smc\/wp-content\/uploads\/2024\/06\/WhatsApp-Image-2024-06-10-at-15.26.26.jpeg?w=2040 2040w, https:\/\/i0.wp.com\/centrotierradetodos.es\/smc\/wp-content\/uploads\/2024\/06\/WhatsApp-Image-2024-06-10-at-15.26.26.jpeg?w=1440 1440w\" sizes=\"auto, (max-width: 720px) 100vw, 720px\" \/><\/figure>\n<\/figure>\n","protected":false},"excerpt":{"rendered":"<p>Marifran S\u00e1nchez, directora del Departamento de Trata de Personas de la Conferencia Episcopal vino a visitar nuestra Di\u00f3cesis de C\u00e1diz y Ceuta, tuvo un encuentro con Sante Zanetti, Director del Secretariado de Migraciones y un grupo en personas del Secretariado y pudo conocer el trabajo que desempe\u00f1amos en la Asociaci\u00f3n Cardijn y en la Fundaci\u00f3n Tierra de Todos. Momentos para intercambiar ideas que buscan visibilizar &hellip; <a href=\"http:\/\/centrotierradetodos.es\/smc\/la-directora-del-departamento-de-trata-de-personas-de-la-conferencia-episcopal-visita-la-diocesis-de-cadiz-y-ceuta\/\" class=\"more-link\">Contin\u00faa leyendo <span class=\"screen-reader-text\">La directora del Departamento de Trata de Personas de la Conferencia Episcopal visita la Di\u00f3cesis de C\u00e1diz y Ceuta<\/span><\/a><\/p>\n","protected":false},"author":1,"featured_media":1056,"comment_status":"closed","ping_status":"","sticky":false,"template":"","format":"gallery","meta":{"_monsterinsights_skip_tracking":false,"_monsterinsights_sitenote_active":false,"_monsterinsights_sitenote_note":"","_monsterinsights_sitenote_category":0,"_uf_show_specific_survey":0,"_uf_disable_surveys":false,"_jetpack_memberships_contains_paid_content":false,"footnotes":""},"categories":[1],"tags":[2],"class_list":["post-1051","post","type-post","status-publish","format-gallery","has-post-thumbnail","hentry","category-sin-categoria","tag-destacado","post_format-post-format-gallery"],"aioseo_notices":[],"jetpack_featured_media_url":"https:\/\/i0.wp.com\/centrotierradetodos.es\/smc\/wp-content\/uploads\/2024\/06\/20240604_181928-scaled.jpg?fit=2560%2C1920","jetpack_sharing_enabled":true,"_links":{"self":[{"href":"http:\/\/centrotierradetodos.es\/smc\/wp-json\/wp\/v2\/posts\/1051","targetHints":{"allow":["GET"]}}],"collection":[{"href":"http:\/\/centrotierradetodos.es\/smc\/wp-json\/wp\/v2\/posts"}],"about":[{"href":"http:\/\/centrotierradetodos.es\/smc\/wp-json\/wp\/v2\/types\/post"}],"author":[{"embeddable":true,"href":"http:\/\/centrotierradetodos.es\/smc\/wp-json\/wp\/v2\/users\/1"}],"replies":[{"embeddable":true,"href":"http:\/\/centrotierradetodos.es\/smc\/wp-json\/wp\/v2\/comments?post=1051"}],"version-history":[{"count":3,"href":"http:\/\/centrotierradetodos.es\/smc\/wp-json\/wp\/v2\/posts\/1051\/revisions"}],"predecessor-version":[{"id":1062,"href":"http:\/\/centrotierradetodos.es\/smc\/wp-json\/wp\/v2\/posts\/1051\/revisions\/1062"}],"wp:featuredmedia":[{"embeddable":true,"href":"http:\/\/centrotierradetodos.es\/smc\/wp-json\/wp\/v2\/media\/1056"}],"wp:attachment":[{"href":"http:\/\/centrotierradetodos.es\/smc\/wp-json\/wp\/v2\/media?parent=1051"}],"wp:term":[{"taxonomy":"category","embeddable":true,"href":"http:\/\/centrotierradetodos.es\/smc\/wp-json\/wp\/v2\/categories?post=1051"},{"taxonomy":"post_tag","embeddable":true,"href":"http:\/\/centrotierradetodos.es\/smc\/wp-json\/wp\/v2\/tags?post=1051"}],"curies":[{"name":"wp","href":"https:\/\/api.w.org\/{rel}","templated":true}]}}