{"id":1040,"date":"2024-03-01T10:02:45","date_gmt":"2024-03-01T09:02:45","guid":{"rendered":"https:\/\/centrotierradetodos.es\/smc\/?p=1040"},"modified":"2024-03-01T10:03:44","modified_gmt":"2024-03-01T09:03:44","slug":"iv-edicion-punto-de-encuentro","status":"publish","type":"post","link":"http:\/\/centrotierradetodos.es\/smc\/iv-edicion-punto-de-encuentro\/","title":{"rendered":"IV Edici\u00f3n Punto de Encuentro"},"content":{"rendered":"\n<p class=\"has-text-align-justify\">El 29 de Febrero se celebr\u00f3 la IV Edici\u00f3n Punto de Encuentro en el que la Fundaci\u00f3n C\u00e1diz C.F. entregaron un reconocimiento a asociaciones, entidades y empresas con las que tiene convenio de colaboraci\u00f3n. En representaci\u00f3n de la Fundaci\u00f3n Tierra de Todos recogi\u00f3 el reconocimiento Jer\u00f3nimo Vicente y por la Asociaci\u00f3n Cardijn Juan Carlos Carvajal.<\/p>\n\n\n\n<figure class=\"wp-block-gallery has-nested-images columns-default is-cropped wp-block-gallery-1 is-layout-flex wp-block-gallery-is-layout-flex\">\n<figure class=\"wp-block-image size-large\"><img data-recalc-dims=\"1\" loading=\"lazy\" decoding=\"async\" width=\"720\" height=\"540\" data-attachment-id=\"1043\" data-permalink=\"http:\/\/centrotierradetodos.es\/smc\/iv-edicion-punto-de-encuentro\/whatsapp-image-2024-03-01-at-07-39-56\/\" data-orig-file=\"https:\/\/i0.wp.com\/centrotierradetodos.es\/smc\/wp-content\/uploads\/2024\/03\/WhatsApp-Image-2024-03-01-at-07.39.56.jpeg?fit=1600%2C1200\" data-orig-size=\"1600,1200\" data-comments-opened=\"0\" data-image-meta=\"{&quot;aperture&quot;:&quot;0&quot;,&quot;credit&quot;:&quot;&quot;,&quot;camera&quot;:&quot;&quot;,&quot;caption&quot;:&quot;&quot;,&quot;created_timestamp&quot;:&quot;0&quot;,&quot;copyright&quot;:&quot;&quot;,&quot;focal_length&quot;:&quot;0&quot;,&quot;iso&quot;:&quot;0&quot;,&quot;shutter_speed&quot;:&quot;0&quot;,&quot;title&quot;:&quot;&quot;,&quot;orientation&quot;:&quot;0&quot;}\" data-image-title=\"WhatsApp-Image-2024-03-01-at-07.39.56\" data-image-description=\"\" data-image-caption=\"\" data-medium-file=\"https:\/\/i0.wp.com\/centrotierradetodos.es\/smc\/wp-content\/uploads\/2024\/03\/WhatsApp-Image-2024-03-01-at-07.39.56.jpeg?fit=300%2C225\" data-large-file=\"https:\/\/i0.wp.com\/centrotierradetodos.es\/smc\/wp-content\/uploads\/2024\/03\/WhatsApp-Image-2024-03-01-at-07.39.56.jpeg?fit=720%2C540\" data-id=\"1043\" src=\"https:\/\/i0.wp.com\/centrotierradetodos.es\/smc\/wp-content\/uploads\/2024\/03\/WhatsApp-Image-2024-03-01-at-07.39.56-1024x768.jpeg?resize=720%2C540&#038;ssl=1\" alt=\"\" class=\"wp-image-1043\" srcset=\"https:\/\/i0.wp.com\/centrotierradetodos.es\/smc\/wp-content\/uploads\/2024\/03\/WhatsApp-Image-2024-03-01-at-07.39.56.jpeg?resize=1024%2C768 1024w, https:\/\/i0.wp.com\/centrotierradetodos.es\/smc\/wp-content\/uploads\/2024\/03\/WhatsApp-Image-2024-03-01-at-07.39.56.jpeg?resize=300%2C225 300w, https:\/\/i0.wp.com\/centrotierradetodos.es\/smc\/wp-content\/uploads\/2024\/03\/WhatsApp-Image-2024-03-01-at-07.39.56.jpeg?resize=768%2C576 768w, https:\/\/i0.wp.com\/centrotierradetodos.es\/smc\/wp-content\/uploads\/2024\/03\/WhatsApp-Image-2024-03-01-at-07.39.56.jpeg?resize=1536%2C1152 1536w, https:\/\/i0.wp.com\/centrotierradetodos.es\/smc\/wp-content\/uploads\/2024\/03\/WhatsApp-Image-2024-03-01-at-07.39.56.jpeg?resize=120%2C90 120w, https:\/\/i0.wp.com\/centrotierradetodos.es\/smc\/wp-content\/uploads\/2024\/03\/WhatsApp-Image-2024-03-01-at-07.39.56.jpeg?w=1600 1600w, https:\/\/i0.wp.com\/centrotierradetodos.es\/smc\/wp-content\/uploads\/2024\/03\/WhatsApp-Image-2024-03-01-at-07.39.56.jpeg?w=1440 1440w\" sizes=\"auto, (max-width: 720px) 100vw, 720px\" \/><\/figure>\n\n\n\n<figure class=\"wp-block-image size-large\"><img data-recalc-dims=\"1\" loading=\"lazy\" decoding=\"async\" width=\"720\" height=\"540\" data-attachment-id=\"1042\" data-permalink=\"http:\/\/centrotierradetodos.es\/smc\/iv-edicion-punto-de-encuentro\/2whatsapp-image-2024-03-01-at-07-38-44\/\" data-orig-file=\"https:\/\/i0.wp.com\/centrotierradetodos.es\/smc\/wp-content\/uploads\/2024\/03\/2WhatsApp-Image-2024-03-01-at-07.38.44.jpeg?fit=1600%2C1200\" data-orig-size=\"1600,1200\" data-comments-opened=\"0\" data-image-meta=\"{&quot;aperture&quot;:&quot;0&quot;,&quot;credit&quot;:&quot;&quot;,&quot;camera&quot;:&quot;&quot;,&quot;caption&quot;:&quot;&quot;,&quot;created_timestamp&quot;:&quot;0&quot;,&quot;copyright&quot;:&quot;&quot;,&quot;focal_length&quot;:&quot;0&quot;,&quot;iso&quot;:&quot;0&quot;,&quot;shutter_speed&quot;:&quot;0&quot;,&quot;title&quot;:&quot;&quot;,&quot;orientation&quot;:&quot;0&quot;}\" data-image-title=\"2WhatsApp-Image-2024-03-01-at-07.38.44\" data-image-description=\"\" data-image-caption=\"\" data-medium-file=\"https:\/\/i0.wp.com\/centrotierradetodos.es\/smc\/wp-content\/uploads\/2024\/03\/2WhatsApp-Image-2024-03-01-at-07.38.44.jpeg?fit=300%2C225\" data-large-file=\"https:\/\/i0.wp.com\/centrotierradetodos.es\/smc\/wp-content\/uploads\/2024\/03\/2WhatsApp-Image-2024-03-01-at-07.38.44.jpeg?fit=720%2C540\" data-id=\"1042\" src=\"https:\/\/i0.wp.com\/centrotierradetodos.es\/smc\/wp-content\/uploads\/2024\/03\/2WhatsApp-Image-2024-03-01-at-07.38.44-1024x768.jpeg?resize=720%2C540&#038;ssl=1\" alt=\"\" class=\"wp-image-1042\" srcset=\"https:\/\/i0.wp.com\/centrotierradetodos.es\/smc\/wp-content\/uploads\/2024\/03\/2WhatsApp-Image-2024-03-01-at-07.38.44.jpeg?resize=1024%2C768 1024w, https:\/\/i0.wp.com\/centrotierradetodos.es\/smc\/wp-content\/uploads\/2024\/03\/2WhatsApp-Image-2024-03-01-at-07.38.44.jpeg?resize=300%2C225 300w, https:\/\/i0.wp.com\/centrotierradetodos.es\/smc\/wp-content\/uploads\/2024\/03\/2WhatsApp-Image-2024-03-01-at-07.38.44.jpeg?resize=768%2C576 768w, https:\/\/i0.wp.com\/centrotierradetodos.es\/smc\/wp-content\/uploads\/2024\/03\/2WhatsApp-Image-2024-03-01-at-07.38.44.jpeg?resize=1536%2C1152 1536w, https:\/\/i0.wp.com\/centrotierradetodos.es\/smc\/wp-content\/uploads\/2024\/03\/2WhatsApp-Image-2024-03-01-at-07.38.44.jpeg?resize=120%2C90 120w, https:\/\/i0.wp.com\/centrotierradetodos.es\/smc\/wp-content\/uploads\/2024\/03\/2WhatsApp-Image-2024-03-01-at-07.38.44.jpeg?w=1600 1600w, https:\/\/i0.wp.com\/centrotierradetodos.es\/smc\/wp-content\/uploads\/2024\/03\/2WhatsApp-Image-2024-03-01-at-07.38.44.jpeg?w=1440 1440w\" sizes=\"auto, (max-width: 720px) 100vw, 720px\" \/><\/figure>\n\n\n\n<figure class=\"wp-block-image size-large\"><img data-recalc-dims=\"1\" loading=\"lazy\" decoding=\"async\" width=\"720\" height=\"540\" data-attachment-id=\"1041\" data-permalink=\"http:\/\/centrotierradetodos.es\/smc\/iv-edicion-punto-de-encuentro\/whatsapp-image-2024-03-01-at-07-38-44\/\" data-orig-file=\"https:\/\/i0.wp.com\/centrotierradetodos.es\/smc\/wp-content\/uploads\/2024\/03\/WhatsApp-Image-2024-03-01-at-07.38.44.jpeg?fit=1280%2C960\" data-orig-size=\"1280,960\" data-comments-opened=\"0\" data-image-meta=\"{&quot;aperture&quot;:&quot;0&quot;,&quot;credit&quot;:&quot;&quot;,&quot;camera&quot;:&quot;&quot;,&quot;caption&quot;:&quot;&quot;,&quot;created_timestamp&quot;:&quot;0&quot;,&quot;copyright&quot;:&quot;&quot;,&quot;focal_length&quot;:&quot;0&quot;,&quot;iso&quot;:&quot;0&quot;,&quot;shutter_speed&quot;:&quot;0&quot;,&quot;title&quot;:&quot;&quot;,&quot;orientation&quot;:&quot;0&quot;}\" data-image-title=\"WhatsApp-Image-2024-03-01-at-07.38.44\" data-image-description=\"\" data-image-caption=\"\" data-medium-file=\"https:\/\/i0.wp.com\/centrotierradetodos.es\/smc\/wp-content\/uploads\/2024\/03\/WhatsApp-Image-2024-03-01-at-07.38.44.jpeg?fit=300%2C225\" data-large-file=\"https:\/\/i0.wp.com\/centrotierradetodos.es\/smc\/wp-content\/uploads\/2024\/03\/WhatsApp-Image-2024-03-01-at-07.38.44.jpeg?fit=720%2C540\" data-id=\"1041\" src=\"https:\/\/i0.wp.com\/centrotierradetodos.es\/smc\/wp-content\/uploads\/2024\/03\/WhatsApp-Image-2024-03-01-at-07.38.44-1024x768.jpeg?resize=720%2C540&#038;ssl=1\" alt=\"\" class=\"wp-image-1041\" srcset=\"https:\/\/i0.wp.com\/centrotierradetodos.es\/smc\/wp-content\/uploads\/2024\/03\/WhatsApp-Image-2024-03-01-at-07.38.44.jpeg?resize=1024%2C768 1024w, https:\/\/i0.wp.com\/centrotierradetodos.es\/smc\/wp-content\/uploads\/2024\/03\/WhatsApp-Image-2024-03-01-at-07.38.44.jpeg?resize=300%2C225 300w, https:\/\/i0.wp.com\/centrotierradetodos.es\/smc\/wp-content\/uploads\/2024\/03\/WhatsApp-Image-2024-03-01-at-07.38.44.jpeg?resize=768%2C576 768w, https:\/\/i0.wp.com\/centrotierradetodos.es\/smc\/wp-content\/uploads\/2024\/03\/WhatsApp-Image-2024-03-01-at-07.38.44.jpeg?resize=120%2C90 120w, https:\/\/i0.wp.com\/centrotierradetodos.es\/smc\/wp-content\/uploads\/2024\/03\/WhatsApp-Image-2024-03-01-at-07.38.44.jpeg?w=1280 1280w\" sizes=\"auto, (max-width: 720px) 100vw, 720px\" \/><\/figure>\n<\/figure>\n","protected":false},"excerpt":{"rendered":"<p>El 29 de Febrero se celebr\u00f3 la IV Edici\u00f3n Punto de Encuentro en el que la Fundaci\u00f3n C\u00e1diz C.F. entregaron un reconocimiento a asociaciones, entidades y empresas con las que tiene convenio de colaboraci\u00f3n. En representaci\u00f3n de la Fundaci\u00f3n Tierra de Todos recogi\u00f3 el reconocimiento Jer\u00f3nimo Vicente y por la Asociaci\u00f3n Cardijn Juan Carlos Carvajal. <a href=\"http:\/\/centrotierradetodos.es\/smc\/iv-edicion-punto-de-encuentro\/\" class=\"more-link\">Contin\u00faa leyendo <span class=\"screen-reader-text\">IV Edici\u00f3n Punto de Encuentro<\/span><\/a><\/p>\n","protected":false},"author":1,"featured_media":1041,"comment_status":"closed","ping_status":"","sticky":false,"template":"","format":"standard","meta":{"_monsterinsights_skip_tracking":false,"_monsterinsights_sitenote_active":false,"_monsterinsights_sitenote_note":"","_monsterinsights_sitenote_category":0,"_uf_show_specific_survey":0,"_uf_disable_surveys":false,"_jetpack_memberships_contains_paid_content":false,"footnotes":""},"categories":[1],"tags":[2],"class_list":["post-1040","post","type-post","status-publish","format-standard","has-post-thumbnail","hentry","category-sin-categoria","tag-destacado"],"aioseo_notices":[],"jetpack_featured_media_url":"https:\/\/i0.wp.com\/centrotierradetodos.es\/smc\/wp-content\/uploads\/2024\/03\/WhatsApp-Image-2024-03-01-at-07.38.44.jpeg?fit=1280%2C960","jetpack_sharing_enabled":true,"_links":{"self":[{"href":"http:\/\/centrotierradetodos.es\/smc\/wp-json\/wp\/v2\/posts\/1040","targetHints":{"allow":["GET"]}}],"collection":[{"href":"http:\/\/centrotierradetodos.es\/smc\/wp-json\/wp\/v2\/posts"}],"about":[{"href":"http:\/\/centrotierradetodos.es\/smc\/wp-json\/wp\/v2\/types\/post"}],"author":[{"embeddable":true,"href":"http:\/\/centrotierradetodos.es\/smc\/wp-json\/wp\/v2\/users\/1"}],"replies":[{"embeddable":true,"href":"http:\/\/centrotierradetodos.es\/smc\/wp-json\/wp\/v2\/comments?post=1040"}],"version-history":[{"count":1,"href":"http:\/\/centrotierradetodos.es\/smc\/wp-json\/wp\/v2\/posts\/1040\/revisions"}],"predecessor-version":[{"id":1044,"href":"http:\/\/centrotierradetodos.es\/smc\/wp-json\/wp\/v2\/posts\/1040\/revisions\/1044"}],"wp:featuredmedia":[{"embeddable":true,"href":"http:\/\/centrotierradetodos.es\/smc\/wp-json\/wp\/v2\/media\/1041"}],"wp:attachment":[{"href":"http:\/\/centrotierradetodos.es\/smc\/wp-json\/wp\/v2\/media?parent=1040"}],"wp:term":[{"taxonomy":"category","embeddable":true,"href":"http:\/\/centrotierradetodos.es\/smc\/wp-json\/wp\/v2\/categories?post=1040"},{"taxonomy":"post_tag","embeddable":true,"href":"http:\/\/centrotierradetodos.es\/smc\/wp-json\/wp\/v2\/tags?post=1040"}],"curies":[{"name":"wp","href":"https:\/\/api.w.org\/{rel}","templated":true}]}}