{"id":1022,"date":"2023-12-19T12:04:43","date_gmt":"2023-12-19T11:04:43","guid":{"rendered":"https:\/\/centrotierradetodos.es\/smc\/?p=1022"},"modified":"2023-12-19T17:45:07","modified_gmt":"2023-12-19T16:45:07","slug":"navidad-2023","status":"publish","type":"post","link":"http:\/\/centrotierradetodos.es\/smc\/navidad-2023\/","title":{"rendered":"Navidad 2023"},"content":{"rendered":"\n<p class=\"has-text-align-justify\">El Secretariado Diocesano de Migraciones, la Fundaci\u00f3n Centro Tierra de Todos y la Asociaci\u00f3n Cardijn, invitan a la celebraci\u00f3n de la Navidad que ser\u00e1 el pr\u00f3ximo jueves d\u00eda 21 a las 18:00 en Plza. Fray F\u00e9lix ,5<br>Contamos contigo.!!!<\/p>\n\n\n<div class=\"wp-block-image\">\n<figure class=\"aligncenter size-full\"><img data-recalc-dims=\"1\" loading=\"lazy\" decoding=\"async\" width=\"720\" height=\"819\" data-attachment-id=\"1023\" data-permalink=\"http:\/\/centrotierradetodos.es\/smc\/navidad-2023\/navidad-2023-todo\/\" data-orig-file=\"https:\/\/i0.wp.com\/centrotierradetodos.es\/smc\/wp-content\/uploads\/2023\/12\/navidad-2023-todo.png?fit=725%2C825\" data-orig-size=\"725,825\" data-comments-opened=\"0\" data-image-meta=\"{&quot;aperture&quot;:&quot;0&quot;,&quot;credit&quot;:&quot;&quot;,&quot;camera&quot;:&quot;&quot;,&quot;caption&quot;:&quot;&quot;,&quot;created_timestamp&quot;:&quot;0&quot;,&quot;copyright&quot;:&quot;&quot;,&quot;focal_length&quot;:&quot;0&quot;,&quot;iso&quot;:&quot;0&quot;,&quot;shutter_speed&quot;:&quot;0&quot;,&quot;title&quot;:&quot;&quot;,&quot;orientation&quot;:&quot;0&quot;}\" data-image-title=\"navidad-2023-todo\" data-image-description=\"\" data-image-caption=\"\" data-medium-file=\"https:\/\/i0.wp.com\/centrotierradetodos.es\/smc\/wp-content\/uploads\/2023\/12\/navidad-2023-todo.png?fit=264%2C300\" data-large-file=\"https:\/\/i0.wp.com\/centrotierradetodos.es\/smc\/wp-content\/uploads\/2023\/12\/navidad-2023-todo.png?fit=720%2C819\" src=\"https:\/\/i0.wp.com\/centrotierradetodos.es\/smc\/wp-content\/uploads\/2023\/12\/navidad-2023-todo.png?resize=720%2C819&#038;ssl=1\" alt=\"\" class=\"wp-image-1023\" srcset=\"https:\/\/i0.wp.com\/centrotierradetodos.es\/smc\/wp-content\/uploads\/2023\/12\/navidad-2023-todo.png?w=725 725w, https:\/\/i0.wp.com\/centrotierradetodos.es\/smc\/wp-content\/uploads\/2023\/12\/navidad-2023-todo.png?resize=264%2C300 264w, https:\/\/i0.wp.com\/centrotierradetodos.es\/smc\/wp-content\/uploads\/2023\/12\/navidad-2023-todo.png?resize=79%2C90 79w\" sizes=\"auto, (max-width: 720px) 100vw, 720px\" \/><\/figure>\n<\/div>","protected":false},"excerpt":{"rendered":"<p>El Secretariado Diocesano de Migraciones, la Fundaci\u00f3n Centro Tierra de Todos y la Asociaci\u00f3n Cardijn, invitan a la celebraci\u00f3n de la Navidad que ser\u00e1 el pr\u00f3ximo jueves d\u00eda 21 a las 18:00 en Plza. Fray F\u00e9lix ,5Contamos contigo.!!! <a href=\"http:\/\/centrotierradetodos.es\/smc\/navidad-2023\/\" class=\"more-link\">Contin\u00faa leyendo <span class=\"screen-reader-text\">Navidad 2023<\/span><\/a><\/p>\n","protected":false},"author":1,"featured_media":1023,"comment_status":"closed","ping_status":"","sticky":false,"template":"","format":"standard","meta":{"_monsterinsights_skip_tracking":false,"_monsterinsights_sitenote_active":false,"_monsterinsights_sitenote_note":"","_monsterinsights_sitenote_category":0,"_uf_show_specific_survey":0,"_uf_disable_surveys":false,"_jetpack_memberships_contains_paid_content":false,"footnotes":""},"categories":[1],"tags":[2],"class_list":["post-1022","post","type-post","status-publish","format-standard","has-post-thumbnail","hentry","category-sin-categoria","tag-destacado"],"aioseo_notices":[],"jetpack_featured_media_url":"https:\/\/i0.wp.com\/centrotierradetodos.es\/smc\/wp-content\/uploads\/2023\/12\/navidad-2023-todo.png?fit=725%2C825","jetpack_sharing_enabled":true,"_links":{"self":[{"href":"http:\/\/centrotierradetodos.es\/smc\/wp-json\/wp\/v2\/posts\/1022","targetHints":{"allow":["GET"]}}],"collection":[{"href":"http:\/\/centrotierradetodos.es\/smc\/wp-json\/wp\/v2\/posts"}],"about":[{"href":"http:\/\/centrotierradetodos.es\/smc\/wp-json\/wp\/v2\/types\/post"}],"author":[{"embeddable":true,"href":"http:\/\/centrotierradetodos.es\/smc\/wp-json\/wp\/v2\/users\/1"}],"replies":[{"embeddable":true,"href":"http:\/\/centrotierradetodos.es\/smc\/wp-json\/wp\/v2\/comments?post=1022"}],"version-history":[{"count":2,"href":"http:\/\/centrotierradetodos.es\/smc\/wp-json\/wp\/v2\/posts\/1022\/revisions"}],"predecessor-version":[{"id":1025,"href":"http:\/\/centrotierradetodos.es\/smc\/wp-json\/wp\/v2\/posts\/1022\/revisions\/1025"}],"wp:featuredmedia":[{"embeddable":true,"href":"http:\/\/centrotierradetodos.es\/smc\/wp-json\/wp\/v2\/media\/1023"}],"wp:attachment":[{"href":"http:\/\/centrotierradetodos.es\/smc\/wp-json\/wp\/v2\/media?parent=1022"}],"wp:term":[{"taxonomy":"category","embeddable":true,"href":"http:\/\/centrotierradetodos.es\/smc\/wp-json\/wp\/v2\/categories?post=1022"},{"taxonomy":"post_tag","embeddable":true,"href":"http:\/\/centrotierradetodos.es\/smc\/wp-json\/wp\/v2\/tags?post=1022"}],"curies":[{"name":"wp","href":"https:\/\/api.w.org\/{rel}","templated":true}]}}