{"id":1019,"date":"2023-10-19T09:52:42","date_gmt":"2023-10-19T08:52:42","guid":{"rendered":"https:\/\/centrotierradetodos.es\/smc\/?p=1019"},"modified":"2023-10-19T09:52:42","modified_gmt":"2023-10-19T08:52:42","slug":"vigilia-de-oracion-por-todos-los-migrantes-fallecidos-y-por-sus-familias","status":"publish","type":"post","link":"http:\/\/centrotierradetodos.es\/smc\/vigilia-de-oracion-por-todos-los-migrantes-fallecidos-y-por-sus-familias\/","title":{"rendered":"VIGILIA DE ORACI\u00d3N \u00abPOR TODOS LOS MIGRANTES FALLECIDOS Y POR SUS FAMILIAS\u00bb"},"content":{"rendered":"\n<p class=\"has-text-align-justify\">El Secretariado de Migraciones, junto con Tierra De Todos y la Asociaci\u00f3n Cardijn, organiza, como cada a\u00f1o, la Celebraci\u00f3n de la Vigilia de Oraci\u00f3n Interreligiosa en recuerdo a las personas migrantes fallecidas en El Estrecho y sus familias. <\/p>\n\n\n\n<p class=\"has-text-align-justify\"><img loading=\"lazy\" decoding=\"async\" height=\"16\" width=\"16\" src=\"https:\/\/static.xx.fbcdn.net\/images\/emoji.php\/v9\/t2d\/1\/16\/1f4cd.png\" alt=\"\ud83d\udccd\">Tendr\u00e1 lugar  el <strong>viernes 20 de Octubre <\/strong>a las 19:30h en la Playa de Los Lances (Tarifa).<\/p>\n\n\n\n<p><img loading=\"lazy\" decoding=\"async\" height=\"16\" width=\"16\" alt=\"\ud83d\ude8c\" src=\"https:\/\/static.xx.fbcdn.net\/images\/emoji.php\/v9\/t79\/1\/16\/1f68c.png\"> Pondremos autobuses para el desplazamiento, cuyo coste simb\u00f3lico ser\u00e1 de 1,50\u20ac por persona (gratuito para ni\u00f1os y ni\u00f1as menores de 15 <a><\/a>a\u00f1os).<\/p>\n\n\n\n<p><img loading=\"lazy\" decoding=\"async\" height=\"16\" width=\"16\" alt=\"\u203c\ufe0f\" src=\"https:\/\/static.xx.fbcdn.net\/images\/emoji.php\/v9\/t77\/1\/16\/203c.png\"> Es necesario confirmaci\u00f3n previa, acudiendo a Tierra De Todos para hacer la reserva del autob\u00fas e incluiros en la lista de asistencia.<\/p>\n\n\n\n<p>Os esperamos!!!! <img loading=\"lazy\" decoding=\"async\" height=\"16\" width=\"16\" src=\"https:\/\/static.xx.fbcdn.net\/images\/emoji.php\/v9\/t51\/1\/16\/1f603.png\" alt=\"\ud83d\ude03\">\u00ab<\/p>\n\n\n\n<p><\/p>\n\n\n<div class=\"wp-block-image\">\n<figure class=\"aligncenter size-full\"><img data-recalc-dims=\"1\" loading=\"lazy\" decoding=\"async\" width=\"720\" height=\"960\" data-attachment-id=\"1002\" data-permalink=\"http:\/\/centrotierradetodos.es\/smc\/vigilia-de-oracion-por-todos-los-migrantes-fallecidos-y-sus-familias\/cartel-vigilia-tarifa-2023\/\" data-orig-file=\"https:\/\/i0.wp.com\/centrotierradetodos.es\/smc\/wp-content\/uploads\/2023\/09\/CARTEL-VIGILIA-TARIFA-2023-.png?fit=720%2C960\" data-orig-size=\"720,960\" data-comments-opened=\"0\" data-image-meta=\"{&quot;aperture&quot;:&quot;0&quot;,&quot;credit&quot;:&quot;&quot;,&quot;camera&quot;:&quot;&quot;,&quot;caption&quot;:&quot;&quot;,&quot;created_timestamp&quot;:&quot;0&quot;,&quot;copyright&quot;:&quot;&quot;,&quot;focal_length&quot;:&quot;0&quot;,&quot;iso&quot;:&quot;0&quot;,&quot;shutter_speed&quot;:&quot;0&quot;,&quot;title&quot;:&quot;&quot;,&quot;orientation&quot;:&quot;0&quot;}\" data-image-title=\"CARTEL-VIGILIA-TARIFA-2023-\" data-image-description=\"\" data-image-caption=\"\" data-medium-file=\"https:\/\/i0.wp.com\/centrotierradetodos.es\/smc\/wp-content\/uploads\/2023\/09\/CARTEL-VIGILIA-TARIFA-2023-.png?fit=225%2C300\" data-large-file=\"https:\/\/i0.wp.com\/centrotierradetodos.es\/smc\/wp-content\/uploads\/2023\/09\/CARTEL-VIGILIA-TARIFA-2023-.png?fit=720%2C960\" src=\"https:\/\/i0.wp.com\/centrotierradetodos.es\/smc\/wp-content\/uploads\/2023\/09\/CARTEL-VIGILIA-TARIFA-2023-.png?resize=720%2C960\" alt=\"\" class=\"wp-image-1002\" srcset=\"https:\/\/i0.wp.com\/centrotierradetodos.es\/smc\/wp-content\/uploads\/2023\/09\/CARTEL-VIGILIA-TARIFA-2023-.png?w=720 720w, https:\/\/i0.wp.com\/centrotierradetodos.es\/smc\/wp-content\/uploads\/2023\/09\/CARTEL-VIGILIA-TARIFA-2023-.png?resize=225%2C300 225w, https:\/\/i0.wp.com\/centrotierradetodos.es\/smc\/wp-content\/uploads\/2023\/09\/CARTEL-VIGILIA-TARIFA-2023-.png?resize=68%2C90 68w\" sizes=\"auto, (max-width: 720px) 100vw, 720px\" \/><\/figure>\n<\/div>","protected":false},"excerpt":{"rendered":"<p>El Secretariado de Migraciones, junto con Tierra De Todos y la Asociaci\u00f3n Cardijn, organiza, como cada a\u00f1o, la Celebraci\u00f3n de la Vigilia de Oraci\u00f3n Interreligiosa en recuerdo a las personas migrantes fallecidas en El Estrecho y sus familias. Tendr\u00e1 lugar el viernes 20 de Octubre a las 19:30h en la Playa de Los Lances (Tarifa). Pondremos autobuses para el desplazamiento, cuyo coste simb\u00f3lico ser\u00e1 de &hellip; <a href=\"http:\/\/centrotierradetodos.es\/smc\/vigilia-de-oracion-por-todos-los-migrantes-fallecidos-y-por-sus-familias\/\" class=\"more-link\">Contin\u00faa leyendo <span class=\"screen-reader-text\">VIGILIA DE ORACI\u00d3N \u00abPOR TODOS LOS MIGRANTES FALLECIDOS Y POR SUS FAMILIAS\u00bb<\/span><\/a><\/p>\n","protected":false},"author":1,"featured_media":1002,"comment_status":"closed","ping_status":"","sticky":false,"template":"","format":"standard","meta":{"_monsterinsights_skip_tracking":false,"_monsterinsights_sitenote_active":false,"_monsterinsights_sitenote_note":"","_monsterinsights_sitenote_category":0,"_uf_show_specific_survey":0,"_uf_disable_surveys":false,"_jetpack_memberships_contains_paid_content":false,"footnotes":""},"categories":[1],"tags":[2],"class_list":["post-1019","post","type-post","status-publish","format-standard","has-post-thumbnail","hentry","category-sin-categoria","tag-destacado"],"aioseo_notices":[],"jetpack_featured_media_url":"https:\/\/i0.wp.com\/centrotierradetodos.es\/smc\/wp-content\/uploads\/2023\/09\/CARTEL-VIGILIA-TARIFA-2023-.png?fit=720%2C960","jetpack_sharing_enabled":true,"_links":{"self":[{"href":"http:\/\/centrotierradetodos.es\/smc\/wp-json\/wp\/v2\/posts\/1019","targetHints":{"allow":["GET"]}}],"collection":[{"href":"http:\/\/centrotierradetodos.es\/smc\/wp-json\/wp\/v2\/posts"}],"about":[{"href":"http:\/\/centrotierradetodos.es\/smc\/wp-json\/wp\/v2\/types\/post"}],"author":[{"embeddable":true,"href":"http:\/\/centrotierradetodos.es\/smc\/wp-json\/wp\/v2\/users\/1"}],"replies":[{"embeddable":true,"href":"http:\/\/centrotierradetodos.es\/smc\/wp-json\/wp\/v2\/comments?post=1019"}],"version-history":[{"count":1,"href":"http:\/\/centrotierradetodos.es\/smc\/wp-json\/wp\/v2\/posts\/1019\/revisions"}],"predecessor-version":[{"id":1020,"href":"http:\/\/centrotierradetodos.es\/smc\/wp-json\/wp\/v2\/posts\/1019\/revisions\/1020"}],"wp:featuredmedia":[{"embeddable":true,"href":"http:\/\/centrotierradetodos.es\/smc\/wp-json\/wp\/v2\/media\/1002"}],"wp:attachment":[{"href":"http:\/\/centrotierradetodos.es\/smc\/wp-json\/wp\/v2\/media?parent=1019"}],"wp:term":[{"taxonomy":"category","embeddable":true,"href":"http:\/\/centrotierradetodos.es\/smc\/wp-json\/wp\/v2\/categories?post=1019"},{"taxonomy":"post_tag","embeddable":true,"href":"http:\/\/centrotierradetodos.es\/smc\/wp-json\/wp\/v2\/tags?post=1019"}],"curies":[{"name":"wp","href":"https:\/\/api.w.org\/{rel}","templated":true}]}}