{"id":1014,"date":"2023-10-04T09:53:10","date_gmt":"2023-10-04T08:53:10","guid":{"rendered":"https:\/\/centrotierradetodos.es\/smc\/?p=1014"},"modified":"2023-10-05T09:54:01","modified_gmt":"2023-10-05T08:54:01","slug":"el-padre-fabio-baggio-visitara-la-diocesis-de-cadiz-y-ceuta-desde-el-vaticano-para-hablar-sobre-las-migraciones","status":"publish","type":"post","link":"http:\/\/centrotierradetodos.es\/smc\/el-padre-fabio-baggio-visitara-la-diocesis-de-cadiz-y-ceuta-desde-el-vaticano-para-hablar-sobre-las-migraciones\/","title":{"rendered":"El Padre Fabio Baggio, visitar\u00e1 la Di\u00f3cesis de C\u00e1diz y Ceuta desde el Vaticano para hablar sobre las Migraciones."},"content":{"rendered":"<div class=\"wp-block-image\">\n<figure class=\"aligncenter size-large\"><img data-recalc-dims=\"1\" loading=\"lazy\" decoding=\"async\" width=\"720\" height=\"634\" data-attachment-id=\"1015\" data-permalink=\"http:\/\/centrotierradetodos.es\/smc\/el-padre-fabio-baggio-visitara-la-diocesis-de-cadiz-y-ceuta-desde-el-vaticano-para-hablar-sobre-las-migraciones\/cartel-baggio-cadiz-3\/\" data-orig-file=\"https:\/\/i0.wp.com\/centrotierradetodos.es\/smc\/wp-content\/uploads\/2023\/10\/cartel-baggio-cadiz-3.jpg?fit=1697%2C1493\" data-orig-size=\"1697,1493\" data-comments-opened=\"0\" data-image-meta=\"{&quot;aperture&quot;:&quot;0&quot;,&quot;credit&quot;:&quot;&quot;,&quot;camera&quot;:&quot;&quot;,&quot;caption&quot;:&quot;&quot;,&quot;created_timestamp&quot;:&quot;0&quot;,&quot;copyright&quot;:&quot;&quot;,&quot;focal_length&quot;:&quot;0&quot;,&quot;iso&quot;:&quot;0&quot;,&quot;shutter_speed&quot;:&quot;0&quot;,&quot;title&quot;:&quot;&quot;,&quot;orientation&quot;:&quot;1&quot;}\" data-image-title=\"cartel-baggio-cadiz-3\" data-image-description=\"\" data-image-caption=\"\" data-medium-file=\"https:\/\/i0.wp.com\/centrotierradetodos.es\/smc\/wp-content\/uploads\/2023\/10\/cartel-baggio-cadiz-3.jpg?fit=300%2C264\" data-large-file=\"https:\/\/i0.wp.com\/centrotierradetodos.es\/smc\/wp-content\/uploads\/2023\/10\/cartel-baggio-cadiz-3.jpg?fit=720%2C634\" src=\"https:\/\/i0.wp.com\/centrotierradetodos.es\/smc\/wp-content\/uploads\/2023\/10\/cartel-baggio-cadiz-3-1024x901.jpg?resize=720%2C634&#038;ssl=1\" alt=\"\" class=\"wp-image-1015\" srcset=\"https:\/\/i0.wp.com\/centrotierradetodos.es\/smc\/wp-content\/uploads\/2023\/10\/cartel-baggio-cadiz-3.jpg?resize=1024%2C901 1024w, https:\/\/i0.wp.com\/centrotierradetodos.es\/smc\/wp-content\/uploads\/2023\/10\/cartel-baggio-cadiz-3.jpg?resize=300%2C264 300w, https:\/\/i0.wp.com\/centrotierradetodos.es\/smc\/wp-content\/uploads\/2023\/10\/cartel-baggio-cadiz-3.jpg?resize=768%2C676 768w, https:\/\/i0.wp.com\/centrotierradetodos.es\/smc\/wp-content\/uploads\/2023\/10\/cartel-baggio-cadiz-3.jpg?resize=1536%2C1351 1536w, https:\/\/i0.wp.com\/centrotierradetodos.es\/smc\/wp-content\/uploads\/2023\/10\/cartel-baggio-cadiz-3.jpg?resize=102%2C90 102w, https:\/\/i0.wp.com\/centrotierradetodos.es\/smc\/wp-content\/uploads\/2023\/10\/cartel-baggio-cadiz-3.jpg?w=1697 1697w, https:\/\/i0.wp.com\/centrotierradetodos.es\/smc\/wp-content\/uploads\/2023\/10\/cartel-baggio-cadiz-3.jpg?w=1440 1440w\" sizes=\"auto, (max-width: 720px) 100vw, 720px\" \/><\/figure>\n<\/div>\n\n\n<p class=\"has-text-align-justify\">El P. Fabio Baggio, del Dicasterio de la Santa Sede para el Servicio del desarrollo humano integral del Vaticano, colaborador del papa Francisco y uno de los responsables de la Santa Sede a cargo de las migraciones, estar\u00e1 en la Di\u00f3cesis de C\u00e1diz y Ceuta.&nbsp;<\/p>\n\n\n\n<p class=\"has-text-align-justify\">Durante los d\u00edas 5, 6 y 7 de octubre visitar\u00e1 la Ciudad Aut\u00f3noma de Ceuta y las localidades de C\u00e1diz y Algeciras para hablar sobre el fen\u00f3meno Migratorio.<\/p>\n\n\n\n<p class=\"has-text-align-justify\">Bajo el t\u00edtulo&nbsp;<strong><em>Experimentar la diversidad como una oportunidad y no como una amenaza<\/em><\/strong>, el Padre Baggio ofrecer\u00e1 a los asistentes a sus ponencias su visi\u00f3n sobre la Iglesia y los migrantes.<\/p>\n\n\n\n<p class=\"has-text-align-justify\">As\u00ed, el jueves 5 de octubre estar\u00e1 en Ceuta, a las 19.30 horas en el sal\u00f3n de actos del Colegio San Agust\u00edn (calle M\u00e9ndez N\u00fa\u00f1ez n\u00ba 51).<\/p>\n\n\n\n<p class=\"has-text-align-justify\">El viernes 6 de octubre en C\u00e1diz, a las 12.00 horas, en el sal\u00f3n de Actos de la Fundaci\u00f3n Centro Tierra de Todos (Plaza de Fray F\u00e9lix n\u00ba 5).<\/p>\n\n\n\n<p class=\"has-text-align-justify\">Y el s\u00e1bado 7 de octubre en Algeciras, a las 17.30 horas, en el patio de la Iglesia del Carmen (Av. Agust\u00edn B\u00e1lsamo, 44). &nbsp;<\/p>\n\n\n\n<p class=\"has-text-align-justify\">La visita de Fabio Baggio a nuestra di\u00f3cesis se enmarca dentro de los actos que el Secretariado Diocesano de Migraciones ha organizado para celebrar la Jornada Mundial del Migrante y del Refugiado del pasado 24 de septiembre.<\/p>\n\n\n\n<p class=\"has-text-align-justify\">En esta edici\u00f3n, se han abordado las causas del aumento de los flujos migratorios en todo el mundo. Adem\u00e1s, se ha puesto el foco sobre las condiciones necesarias que posibiliten a las personas ejercer en libertad su derecho a migrar o quedarse en sus pa\u00edses de origen.<\/p>\n\n\n<div class=\"wp-block-image\">\n<figure class=\"aligncenter size-full\"><img data-recalc-dims=\"1\" loading=\"lazy\" decoding=\"async\" width=\"486\" height=\"320\" data-attachment-id=\"1016\" data-permalink=\"http:\/\/centrotierradetodos.es\/smc\/el-padre-fabio-baggio-visitara-la-diocesis-de-cadiz-y-ceuta-desde-el-vaticano-para-hablar-sobre-las-migraciones\/fb\/\" data-orig-file=\"https:\/\/i0.wp.com\/centrotierradetodos.es\/smc\/wp-content\/uploads\/2023\/10\/fb.png?fit=486%2C320\" data-orig-size=\"486,320\" data-comments-opened=\"0\" data-image-meta=\"{&quot;aperture&quot;:&quot;0&quot;,&quot;credit&quot;:&quot;&quot;,&quot;camera&quot;:&quot;&quot;,&quot;caption&quot;:&quot;&quot;,&quot;created_timestamp&quot;:&quot;0&quot;,&quot;copyright&quot;:&quot;&quot;,&quot;focal_length&quot;:&quot;0&quot;,&quot;iso&quot;:&quot;0&quot;,&quot;shutter_speed&quot;:&quot;0&quot;,&quot;title&quot;:&quot;&quot;,&quot;orientation&quot;:&quot;0&quot;}\" data-image-title=\"fb\" data-image-description=\"\" data-image-caption=\"\" data-medium-file=\"https:\/\/i0.wp.com\/centrotierradetodos.es\/smc\/wp-content\/uploads\/2023\/10\/fb.png?fit=300%2C198\" data-large-file=\"https:\/\/i0.wp.com\/centrotierradetodos.es\/smc\/wp-content\/uploads\/2023\/10\/fb.png?fit=486%2C320\" src=\"https:\/\/i0.wp.com\/centrotierradetodos.es\/smc\/wp-content\/uploads\/2023\/10\/fb.png?resize=486%2C320&#038;ssl=1\" alt=\"\" class=\"wp-image-1016\" srcset=\"https:\/\/i0.wp.com\/centrotierradetodos.es\/smc\/wp-content\/uploads\/2023\/10\/fb.png?w=486 486w, https:\/\/i0.wp.com\/centrotierradetodos.es\/smc\/wp-content\/uploads\/2023\/10\/fb.png?resize=300%2C198 300w, https:\/\/i0.wp.com\/centrotierradetodos.es\/smc\/wp-content\/uploads\/2023\/10\/fb.png?resize=137%2C90 137w\" sizes=\"auto, (max-width: 486px) 100vw, 486px\" \/><\/figure>\n<\/div>","protected":false},"excerpt":{"rendered":"<p>El P. Fabio Baggio, del Dicasterio de la Santa Sede para el Servicio del desarrollo humano integral del Vaticano, colaborador del papa Francisco y uno de los responsables de la Santa Sede a cargo de las migraciones, estar\u00e1 en la Di\u00f3cesis de C\u00e1diz y Ceuta.&nbsp; Durante los d\u00edas 5, 6 y 7 de octubre visitar\u00e1 la Ciudad Aut\u00f3noma de Ceuta y las localidades de C\u00e1diz &hellip; <a href=\"http:\/\/centrotierradetodos.es\/smc\/el-padre-fabio-baggio-visitara-la-diocesis-de-cadiz-y-ceuta-desde-el-vaticano-para-hablar-sobre-las-migraciones\/\" class=\"more-link\">Contin\u00faa leyendo <span class=\"screen-reader-text\">El Padre Fabio Baggio, visitar\u00e1 la Di\u00f3cesis de C\u00e1diz y Ceuta desde el Vaticano para hablar sobre las Migraciones.<\/span><\/a><\/p>\n","protected":false},"author":1,"featured_media":1015,"comment_status":"closed","ping_status":"","sticky":false,"template":"","format":"standard","meta":{"_monsterinsights_skip_tracking":false,"_monsterinsights_sitenote_active":false,"_monsterinsights_sitenote_note":"","_monsterinsights_sitenote_category":0,"_uf_show_specific_survey":0,"_uf_disable_surveys":false,"_jetpack_memberships_contains_paid_content":false,"footnotes":""},"categories":[1],"tags":[2],"class_list":["post-1014","post","type-post","status-publish","format-standard","has-post-thumbnail","hentry","category-sin-categoria","tag-destacado"],"aioseo_notices":[],"jetpack_featured_media_url":"https:\/\/i0.wp.com\/centrotierradetodos.es\/smc\/wp-content\/uploads\/2023\/10\/cartel-baggio-cadiz-3.jpg?fit=1697%2C1493","jetpack_sharing_enabled":true,"_links":{"self":[{"href":"http:\/\/centrotierradetodos.es\/smc\/wp-json\/wp\/v2\/posts\/1014","targetHints":{"allow":["GET"]}}],"collection":[{"href":"http:\/\/centrotierradetodos.es\/smc\/wp-json\/wp\/v2\/posts"}],"about":[{"href":"http:\/\/centrotierradetodos.es\/smc\/wp-json\/wp\/v2\/types\/post"}],"author":[{"embeddable":true,"href":"http:\/\/centrotierradetodos.es\/smc\/wp-json\/wp\/v2\/users\/1"}],"replies":[{"embeddable":true,"href":"http:\/\/centrotierradetodos.es\/smc\/wp-json\/wp\/v2\/comments?post=1014"}],"version-history":[{"count":1,"href":"http:\/\/centrotierradetodos.es\/smc\/wp-json\/wp\/v2\/posts\/1014\/revisions"}],"predecessor-version":[{"id":1017,"href":"http:\/\/centrotierradetodos.es\/smc\/wp-json\/wp\/v2\/posts\/1014\/revisions\/1017"}],"wp:featuredmedia":[{"embeddable":true,"href":"http:\/\/centrotierradetodos.es\/smc\/wp-json\/wp\/v2\/media\/1015"}],"wp:attachment":[{"href":"http:\/\/centrotierradetodos.es\/smc\/wp-json\/wp\/v2\/media?parent=1014"}],"wp:term":[{"taxonomy":"category","embeddable":true,"href":"http:\/\/centrotierradetodos.es\/smc\/wp-json\/wp\/v2\/categories?post=1014"},{"taxonomy":"post_tag","embeddable":true,"href":"http:\/\/centrotierradetodos.es\/smc\/wp-json\/wp\/v2\/tags?post=1014"}],"curies":[{"name":"wp","href":"https:\/\/api.w.org\/{rel}","templated":true}]}}